{"id":75266,"date":"2015-11-19T11:06:20","date_gmt":"2015-11-19T14:06:20","guid":{"rendered":"http:\/\/www.24baires.com\/?p=75266"},"modified":"2015-11-19T11:06:20","modified_gmt":"2015-11-19T14:06:20","slug":"vuelta-atras-el-turismo-es-prioridad-para-macri","status":"publish","type":"post","link":"http:\/\/www.24baires.com\/?p=75266","title":{"rendered":"Vuelta atr\u00e1s: \u00abEl turismo es prioridad para Macri\u00bb"},"content":{"rendered":"<p>El ministro de Cultura y Turismo porte\u00f1o, Hern\u00e1n Lombardi, trat\u00f3 de poner pa\u00f1os fr\u00edos a la pol\u00e9mica que desat\u00f3 la propuesta de modificar el calendario de feriados y ratific\u00f3 que \u00abse mantendr\u00e1 el corrimiento\u00bb de los mismos para \u00abfavorecer las econom\u00edas regionales\u00bb.<!--more--><\/p>\n<p>En medio de la pol\u00e9mica, el ministro de Cultura y Turismo porte\u00f1o, Hern\u00e1n Lombardi, aclar\u00f3 que Cambiemos mantendr\u00e1 el corrimiento de los feriados para \u00abfavorecer el turismo\u00bb y pidi\u00f3 \u00abtranquilidad\u00bb a los comerciantes.<\/p>\n<p>\u00abNunca dijimos que vamos a eliminar los feriados puente. Vamos a mantener el corrimiento de los feriados para favorecer al sector tur\u00edstico durante los fin de semanas largos\u00bb, expres\u00f3 el funcionario macrista en declaraciones a Radio 10.<\/p>\n<p>De esta manera, trat\u00f3 de llevar calma a los empresarios tur\u00edsticos que se mostraron preocupados por la propuesta del candidato opositor Mauricio Macri, quien opin\u00f3 que \u00abel tema de los feriados no fue bueno para el pa\u00eds\u00bb.<\/p>\n<p>En este sentido, la C\u00e1mara Argentina de Turismo (CAT) explic\u00f3 que \u00abla previsibilidad y el ordenamiento de los feriados constituyen una contribuci\u00f3n estrat\u00e9gica para el desarrollo del turismo interno\u00bb y cuestion\u00f3 la idea del jefe de Gobierno porte\u00f1o.<\/p>\n<p>\u00abLo que dijo Macri es que hay que rediscutir el sentido de la conmemoraci\u00f3n de cada feriado. Yo recuerdo que cuando era chico el 20 de Noviembre (D\u00eda de la Soberan\u00eda) no era feriado y, en cambio, el 11 de septiembre (D\u00eda del Maestro) s\u00ed lo era\u00bb, ejemplific\u00f3.<\/p>\n<p>Lombardi reafirm\u00f3 que \u00abnada se va a hacer sin di\u00e1logo con el sector tur\u00edstico\u00bb y remarc\u00f3 que la cantidad de feriados \u00abinfluye en otras cosas como el valor de lo que es conmemorado\u00bb, por lo que consider\u00f3 que hay que \u00abrevisar cu\u00e1l es la visi\u00f3n hist\u00f3rica\u201d de cada fecha conmemorativa.<\/p>\n<p>&nbsp;<\/p>\n<p>&nbsp;<\/p>\n<p>&nbsp;<\/p>\n<p>&nbsp;<\/p>\n<p>&nbsp;<\/p>\n<p>&nbsp;<\/p>\n<p>&nbsp;<\/p>\n<p>&nbsp;<\/p>\n<p>&nbsp;<\/p>\n<p>&nbsp;<\/p>\n<p>&nbsp;<\/p>\n<p>&nbsp;<\/p>\n<p>&nbsp;<\/p>\n<p>&nbsp;<\/p>\n","protected":false},"excerpt":{"rendered":"<p>El ministro de Cultura y Turismo porte\u00f1o, Hern\u00e1n Lombardi, trat\u00f3 de poner pa\u00f1os fr\u00edos a la pol\u00e9mica que desat\u00f3 la propuesta de modificar el calendario de feriados y ratific\u00f3 que \u00abse mantendr\u00e1 el corrimiento\u00bb de los mismos para \u00abfavorecer las econom\u00edas regionales\u00bb.<\/p>\n","protected":false},"author":8,"featured_media":0,"comment_status":"open","ping_status":"open","sticky":false,"template":"","format":"standard","meta":{"_jetpack_newsletter_access":"","_jetpack_dont_email_post_to_subs":false,"_jetpack_newsletter_tier_id":0,"_jetpack_memberships_contains_paywalled_content":false,"_jetpack_memberships_contains_paid_content":false,"footnotes":""},"categories":[51],"tags":[],"class_list":["post-75266","post","type-post","status-publish","format-standard","hentry","category-politica"],"jetpack_shortlink":"https:\/\/wp.me\/p2JWE0-jzY","jetpack-related-posts":[{"id":75669,"url":"http:\/\/www.24baires.com\/?p=75669","url_meta":{"origin":75266,"position":0},"title":"Se esperan casi 943.000 arribos a destinos tur\u00edsticos argentinos por el feriado","author":"GB","date":"26\/11\/2015","format":false,"excerpt":"Es por el D\u00eda de la Soberan\u00eda Nacional. El dato surge de una encuesta realizada por el Ministerio de Turismo en m\u00e1s de mil hogares de grandes conglomerados urbanos, inform\u00f3 esa cartera. El sondeo se\u00f1ala que la estad\u00eda promedio por persona rondar\u00e1 las 3,7 noches, lo que implica que la\u2026","rel":"","context":"En \u00abTurismo\u00bb","block_context":{"text":"Turismo","link":"http:\/\/www.24baires.com\/?cat=69"},"img":{"alt_text":"","src":"","width":0,"height":0},"classes":[]},{"id":77827,"url":"http:\/\/www.24baires.com\/?p=77827","url_meta":{"origin":75266,"position":1},"title":"Comerciantes insisten con posponer el inicio de clases para mediados de marzo","author":"AF","date":"19\/01\/2016","format":false,"excerpt":"La Subsecretaria general del Sindicato de Empleados de Comercio de Mar del Plata, Graciela Colaizzo, indic\u00f3 que \"necesitamos que febrero sea un mes completo para vacacionar\". La Subsecretaria general del sindicato de empleados de comercio de Mar del Plata, Graciela Colaizzo, ratific\u00f3 la decisi\u00f3n de solicitar el corrimiento del inicio\u2026","rel":"","context":"En \u00abSociedad\u00bb","block_context":{"text":"Sociedad","link":"http:\/\/www.24baires.com\/?cat=1"},"img":{"alt_text":"playa costa atlantica","src":"https:\/\/i0.wp.com\/www.24baires.com\/wp-content\/uploads\/2013\/02\/playa-costa-atlantica.jpg?resize=350%2C200","width":350,"height":200,"srcset":"https:\/\/i0.wp.com\/www.24baires.com\/wp-content\/uploads\/2013\/02\/playa-costa-atlantica.jpg?resize=350%2C200 1x, https:\/\/i0.wp.com\/www.24baires.com\/wp-content\/uploads\/2013\/02\/playa-costa-atlantica.jpg?resize=525%2C300 1.5x"},"classes":[]},{"id":26558,"url":"http:\/\/www.24baires.com\/?p=26558","url_meta":{"origin":75266,"position":2},"title":"Seg\u00fan una encuesta, la mayor\u00eda de los argentinos apoya el calendario de feriados","author":"AF","date":"21\/06\/2013","format":false,"excerpt":"El 94,5 por ciento de los argentinos est\u00e1 de acuerdo con el nuevo reordenamiento de los feriados porque incentiva el turismo, mientras que el 71% asegura que el actual cronograma mejora el estado de \u00e1nimo de la gente, revel\u00f3 una encuesta. La medici\u00f3n se hizo sobre una muestra de 1.398\u2026","rel":"","context":"En \u00abSociedad\u00bb","block_context":{"text":"Sociedad","link":"http:\/\/www.24baires.com\/?cat=1"},"img":{"alt_text":"","src":"","width":0,"height":0},"classes":[]},{"id":92049,"url":"http:\/\/www.24baires.com\/?p=92049","url_meta":{"origin":75266,"position":3},"title":"Oficializan que los feriados del 24 de marzo, 2 de abril y 20 de junio ser\u00e1n fijos","author":"AF","date":"01\/02\/2017","format":false,"excerpt":"El Poder Ejecutivo nacional oficializ\u00f3 la decisi\u00f3n de mantener el d\u00eda de los feriados nacionales del 24 de marzo -D\u00eda de la Memoria, por el golpe militar de 1976- 2 de abril -D\u00eda del veterano de Malvinas- y 20 de junio -D\u00eda de la Bandera-, al aceptar el reclamo de\u2026","rel":"","context":"En \u00abSociedad\u00bb","block_context":{"text":"Sociedad","link":"http:\/\/www.24baires.com\/?cat=1"},"img":{"alt_text":"","src":"https:\/\/i0.wp.com\/www.24baires.com\/wp-content\/uploads\/2017\/01\/feriado-calendario.jpg?resize=350%2C200","width":350,"height":200,"srcset":"https:\/\/i0.wp.com\/www.24baires.com\/wp-content\/uploads\/2017\/01\/feriado-calendario.jpg?resize=350%2C200 1x, https:\/\/i0.wp.com\/www.24baires.com\/wp-content\/uploads\/2017\/01\/feriado-calendario.jpg?resize=525%2C300 1.5x"},"classes":[]},{"id":55173,"url":"http:\/\/www.24baires.com\/?p=55173","url_meta":{"origin":75266,"position":4},"title":"Estiman que se movilizar\u00e1n casi un mill\u00f3n de personas por el fin de semana largo","author":"GB","date":"10\/10\/2014","format":false,"excerpt":"Esa es la cantidad de personas que se estima llegar\u00e1n a los diversos destinos del pa\u00eds con una estad\u00eda promedio de 3 noches y un gasto diario de 454 pesos, que totalizar\u00e1n m\u00e1s de 1.400 millones de pesos, seg\u00fan surge de un estudio de expectativas difundido por el Ministerio de\u2026","rel":"","context":"En \u00abTurismo\u00bb","block_context":{"text":"Turismo","link":"http:\/\/www.24baires.com\/?cat=69"},"img":{"alt_text":"","src":"https:\/\/i0.wp.com\/www.24baires.com\/wp-content\/uploads\/2014\/10\/cataratas.jpg?resize=350%2C200","width":350,"height":200},"classes":[]},{"id":119813,"url":"http:\/\/www.24baires.com\/?p=119813","url_meta":{"origin":75266,"position":5},"title":"Carnaval r\u00e9cord para el turismo: 3 millones de personas viajaron por el pa\u00eds","author":"GB","date":"21\/02\/2023","format":false,"excerpt":"El turismo vive este verano una gran temporada que, adem\u00e1s del r\u00e9cord de Carnaval, marc\u00f3 \"el retorno del turismo internacional\". Unos tres millones de turistas viajaron por el pa\u00eds durante los cuatro d\u00edas del fin de semana largo de Carnaval y la cifra se suma a una temporada que marc\u00f3\u2026","rel":"","context":"En \u00abSociedad\u00bb","block_context":{"text":"Sociedad","link":"http:\/\/www.24baires.com\/?cat=1"},"img":{"alt_text":"","src":"https:\/\/i0.wp.com\/www.24baires.com\/wp-content\/uploads\/2023\/02\/mar-del-platajpg.jpg?resize=350%2C200","width":350,"height":200,"srcset":"https:\/\/i0.wp.com\/www.24baires.com\/wp-content\/uploads\/2023\/02\/mar-del-platajpg.jpg?resize=350%2C200 1x, https:\/\/i0.wp.com\/www.24baires.com\/wp-content\/uploads\/2023\/02\/mar-del-platajpg.jpg?resize=525%2C300 1.5x"},"classes":[]}],"jetpack_sharing_enabled":true,"jetpack_likes_enabled":true,"jetpack_featured_media_url":"","_links":{"self":[{"href":"http:\/\/www.24baires.com\/index.php?rest_route=\/wp\/v2\/posts\/75266","targetHints":{"allow":["GET"]}}],"collection":[{"href":"http:\/\/www.24baires.com\/index.php?rest_route=\/wp\/v2\/posts"}],"about":[{"href":"http:\/\/www.24baires.com\/index.php?rest_route=\/wp\/v2\/types\/post"}],"author":[{"embeddable":true,"href":"http:\/\/www.24baires.com\/index.php?rest_route=\/wp\/v2\/users\/8"}],"replies":[{"embeddable":true,"href":"http:\/\/www.24baires.com\/index.php?rest_route=%2Fwp%2Fv2%2Fcomments&post=75266"}],"version-history":[{"count":1,"href":"http:\/\/www.24baires.com\/index.php?rest_route=\/wp\/v2\/posts\/75266\/revisions"}],"predecessor-version":[{"id":75267,"href":"http:\/\/www.24baires.com\/index.php?rest_route=\/wp\/v2\/posts\/75266\/revisions\/75267"}],"wp:attachment":[{"href":"http:\/\/www.24baires.com\/index.php?rest_route=%2Fwp%2Fv2%2Fmedia&parent=75266"}],"wp:term":[{"taxonomy":"category","embeddable":true,"href":"http:\/\/www.24baires.com\/index.php?rest_route=%2Fwp%2Fv2%2Fcategories&post=75266"},{"taxonomy":"post_tag","embeddable":true,"href":"http:\/\/www.24baires.com\/index.php?rest_route=%2Fwp%2Fv2%2Ftags&post=75266"}],"curies":[{"name":"wp","href":"https:\/\/api.w.org\/{rel}","templated":true}]}}