{"id":75248,"date":"2015-11-18T20:00:57","date_gmt":"2015-11-18T23:00:57","guid":{"rendered":"http:\/\/www.24baires.com\/?p=75248"},"modified":"2015-11-18T19:04:46","modified_gmt":"2015-11-18T22:04:46","slug":"varios-intendentes-advierten-sobre-el-impacto-negativo-de-quitar-feriados","status":"publish","type":"post","link":"http:\/\/www.24baires.com\/?p=75248","title":{"rendered":"Varios intendentes advierten sobre el impacto negativo de quitar feriados"},"content":{"rendered":"<p>Luego de que el candidato a presidente de Cambiemos, Mauricio Macri, cuestionara los feriados tur\u00edsticos y anunciara la posibilidad de \u201crever\u201d esta pol\u00edtica en un eventual gobierno suyo, varios intendentes criticaron la propuesta, a la vez que analizaron los efectos negativos que podr\u00eda traer las modificaciones.<!--more--><\/p>\n<p>Los feriados previstos para el a\u00f1o que viene ser\u00e1n 17, entre los que se encuentran los de carnaval del lunes 8 y martes 9 de febrero y los puentes del viernes 8 de julio y del 9 de diciembre, que seg\u00fan explicaron desde el Ejecutivo nacional pretende impulsar los viajes cortos a distritos vecinos y de esta forma impulsar el consumo interno.<\/p>\n<p>Al respecto, el intendente de Ca\u00f1uelas, Gustavo Arrieta, analiz\u00f3 que de llevarse a cabo la medida en un eventual gobierno de Macri \u201csignificar\u00eda un perjuicio terrible para las econom\u00edas regionales\u201d a la vez que su par de Pehuaj\u00f3, Pablo Zurro, estimo que el proyecto \u201cencierra pol\u00edticas m\u00e1s complejas como \u201cgobernar para unos pocos y no querer igualar las clases sociales\u201d. Al respecto, el jefe comunal de Villa Gesell, Gustavo Barrera, ejemplific\u00f3 que sin feriados \u201ctrabaja menos el hotelero y la gastronom\u00eda y tambi\u00e9n el panadero\u201d.<\/p>\n<p>\u201cEn los \u00faltimos a\u00f1os construimos un mont\u00f3n de cosas que creemos que llegaron para quedarse. Hemos visto el crecimiento y desarrollo de las comunidades y c\u00f3mo se relacionan con cada fin de semana y feriado largo y tuvimos la oportunidad de realizar obras so\u00f1adas\u201d, afirm\u00f3 el intendente de la ciudad rural de Ca\u00f1uelas.<\/p>\n<p>En este sentido, Arrieta detall\u00f3 que \u201chemos generado una infraestructura alrededor de esos pueblos tur\u00edsticos de \u00faltima generaci\u00f3n\u201d que permitieron que \u201ccada vez que se produce un feriado largo en una comunidad de unos 600 habitantes se producen ingresos por uno, dos o tres millones de pesos que se reparten en el pueblo y le dan una expectativa de vida infinitamente mejor\u201d.<\/p>\n<p>\u201cLo que dijo Mauricio Macri es una barbaridad que demuestra el desprecio y desconocimiento profundo por algunas cuestiones que hemos construido porque significar\u00eda un perjuicio terrible para las econom\u00edas regionales y volver 10 a\u00f1os atr\u00e1s y que los emprendimientos grastron\u00f3micos y hoteleros no tendr\u00edan lugar ni raz\u00f3n de ser\u201d, argument\u00f3.<\/p>\n<p>Por su parte, el jefe comunal de Pehuaj\u00f3 analiz\u00f3 que \u201cel candidato de Cambiemos est\u00e1 mostrando a la ciudadan\u00eda lo que es\u201d a la vez que dijo que con esta propuesta \u201cquiera volver a la \u00e9poca en la que la gente no pod\u00eda viajar porque no hab\u00eda movimiento ni ten\u00eda para gastar\u201d.<\/p>\n<p>En esta l\u00ednea, opin\u00f3 que el proyecto del l\u00edder del Pro se enmarca \u201cen algo much\u00edsimo m\u00e1s complejo y profundo\u201d y que implica \u201cgobernar para unos pocos, no querer igualar las clases sociales y no tener la defensa del Estado\u201d.<\/p>\n<p>\u201cMacri va a mejorar la econom\u00eda con el 30 por ciento de la poblaci\u00f3n afuera\u201d, lanz\u00f3 Zurro a la vez que dijo que \u201capelo a que los peronistas que votaron a Sergio Massa no vayan a votar por un gorila\u201d.<\/p>\n<p>El intendente de la ciudad balnearia de Villa Gesell, Gustavo Barrera, tambi\u00e9n se expres\u00f3 al respecto: \u201cPara todos los municipios que recibimos turismo es una declaraci\u00f3n desafortunada. Si se recorta la posibilidad de contar con turismo todo el a\u00f1o nos vamos a ver altamente perjudicados\u201d.<\/p>\n<p>\u201cLa econom\u00eda en la zona va a decaer porque en la temporada baja rondan unos 500 mil turistas. Eso repercute en toda la ciudad: trabaja menos el hotelero y la gastronom\u00eda y en base a eso todos se ven disminuidos en su caudal econ\u00f3mico porque la panader\u00eda va a trabajar menos y en todos los sentidos\u201d, critic\u00f3 el jefe comunal.<\/p>\n<p>&nbsp;<\/p>\n<p>&nbsp;<\/p>\n<p>&nbsp;<\/p>\n<p>&nbsp;<\/p>\n<p>&nbsp;<\/p>\n<p>&nbsp;<\/p>\n<p>&nbsp;<\/p>\n<p>&nbsp;<\/p>\n<p>&nbsp;<\/p>\n<p>&nbsp;<\/p>\n<p>&nbsp;<\/p>\n<p>&nbsp;<\/p>\n<p>&nbsp;<\/p>\n<p>&nbsp;<\/p>\n","protected":false},"excerpt":{"rendered":"<p>Luego de que el candidato a presidente de Cambiemos, Mauricio Macri, cuestionara los feriados tur\u00edsticos y anunciara la posibilidad de \u201crever\u201d esta pol\u00edtica en un eventual gobierno suyo, varios intendentes criticaron la propuesta, a la vez que analizaron los efectos negativos que podr\u00eda traer las modificaciones.<\/p>\n","protected":false},"author":8,"featured_media":0,"comment_status":"open","ping_status":"open","sticky":false,"template":"","format":"standard","meta":{"_jetpack_newsletter_access":"","_jetpack_dont_email_post_to_subs":false,"_jetpack_newsletter_tier_id":0,"_jetpack_memberships_contains_paywalled_content":false,"_jetpack_memberships_contains_paid_content":false,"footnotes":""},"categories":[51],"tags":[],"class_list":["post-75248","post","type-post","status-publish","format-standard","hentry","category-politica"],"jetpack_shortlink":"https:\/\/wp.me\/p2JWE0-jzG","jetpack-related-posts":[{"id":35056,"url":"http:\/\/www.24baires.com\/?p=35056","url_meta":{"origin":75248,"position":0},"title":"Anunciaron nuevos feriados hasta 2016","author":"AF","date":"12\/11\/2013","format":false,"excerpt":"Los nuevos d\u00edas no laborales ser\u00e1n el 2 de mayo y 26 de diciembre de 2014, el 23 de marzo y 7 de diciembre de 2015 y el 8 de julio y 9 de diciembre de 2016. La medida est\u00e1 relacionada \"con permitir disminuir los efectos negativos de la estacionalidad\u2026","rel":"","context":"En \u00abSociedad\u00bb","block_context":{"text":"Sociedad","link":"http:\/\/www.24baires.com\/?cat=1"},"img":{"alt_text":"ruta a mar del plata","src":"https:\/\/i0.wp.com\/www.24baires.com\/wp-content\/uploads\/2013\/07\/ruta-a-mar-del-plata.jpg?resize=350%2C200","width":350,"height":200,"srcset":"https:\/\/i0.wp.com\/www.24baires.com\/wp-content\/uploads\/2013\/07\/ruta-a-mar-del-plata.jpg?resize=350%2C200 1x, https:\/\/i0.wp.com\/www.24baires.com\/wp-content\/uploads\/2013\/07\/ruta-a-mar-del-plata.jpg?resize=525%2C300 1.5x"},"classes":[]},{"id":90877,"url":"http:\/\/www.24baires.com\/?p=90877","url_meta":{"origin":75248,"position":1},"title":"Mar del Plata: Arroyo pidi\u00f3 por la continuidad de los feriados puente","author":"GB","date":"19\/12\/2016","format":false,"excerpt":"Ante el proyecto del gobierno de Macri, el intendente de Mar del Plata dijo que eliminar los feriados puente es \"hundir a la ciudad y a sus inversiones\". El intendente de Mar del Plata, Carlos Arroyo, mostr\u00f3 su desacuerdo con la propuesta del gobierno de Mauricio Macri de eliminar los\u2026","rel":"","context":"En \u00abLocales\u00bb","block_context":{"text":"Locales","link":"http:\/\/www.24baires.com\/?cat=38"},"img":{"alt_text":"","src":"https:\/\/i0.wp.com\/www.24baires.com\/wp-content\/uploads\/2015\/09\/arroyo.jpg?resize=350%2C200","width":350,"height":200,"srcset":"https:\/\/i0.wp.com\/www.24baires.com\/wp-content\/uploads\/2015\/09\/arroyo.jpg?resize=350%2C200 1x, https:\/\/i0.wp.com\/www.24baires.com\/wp-content\/uploads\/2015\/09\/arroyo.jpg?resize=525%2C300 1.5x"},"classes":[]},{"id":91806,"url":"http:\/\/www.24baires.com\/?p=91806","url_meta":{"origin":75248,"position":2},"title":"Macri elimin\u00f3 los feriados \u00abpuente\u00bb","author":"AF","date":"23\/01\/2017","format":false,"excerpt":"El Poder Ejecutivo Nacional modific\u00f3 este lunes, a trav\u00e9s de un Decreto publicado en el Bolet\u00edn Oficial, el esquema de feriados nacionales que se hab\u00eda establecido durante el gobierno anterior y elimin\u00f3 los denominados \u201cpuente\u201d, reduciendo a 16 los d\u00edas no laborables. El Decreto 52\/2017 precisa que los feriados nacionales\u2026","rel":"","context":"En \u00abSociedad\u00bb","block_context":{"text":"Sociedad","link":"http:\/\/www.24baires.com\/?cat=1"},"img":{"alt_text":"","src":"https:\/\/i0.wp.com\/www.24baires.com\/wp-content\/uploads\/2015\/01\/turistas-mar-del-plata.jpg?resize=350%2C200","width":350,"height":200,"srcset":"https:\/\/i0.wp.com\/www.24baires.com\/wp-content\/uploads\/2015\/01\/turistas-mar-del-plata.jpg?resize=350%2C200 1x, https:\/\/i0.wp.com\/www.24baires.com\/wp-content\/uploads\/2015\/01\/turistas-mar-del-plata.jpg?resize=525%2C300 1.5x"},"classes":[]},{"id":115582,"url":"http:\/\/www.24baires.com\/?p=115582","url_meta":{"origin":75248,"position":3},"title":"Fern\u00e1ndez se reuni\u00f3 con intendentes del Conurbano de la oposici\u00f3n y el oficialismo","author":"AF","date":"08\/07\/2020","format":false,"excerpt":"Desde Casa Rosada eval\u00faan, junto a los jefes comunales, la primera semana del aislamiento m\u00e1s estricto en el AMBA. El presidente Alberto Fern\u00e1ndez recibi\u00f3 a los intendentes Jorge Macri, de Vicente L\u00f3pez, y N\u00e9stor Grindetti, de Lan\u00fas; ambos de Juntos por el Cambio. El encuentro tuvo lugar en la Quinta\u2026","rel":"","context":"En \u00abProvincia\u00bb","block_context":{"text":"Provincia","link":"http:\/\/www.24baires.com\/?cat=40"},"img":{"alt_text":"","src":"https:\/\/i0.wp.com\/www.24baires.com\/wp-content\/uploads\/2020\/07\/alberto-opo.jpg?resize=350%2C200","width":350,"height":200,"srcset":"https:\/\/i0.wp.com\/www.24baires.com\/wp-content\/uploads\/2020\/07\/alberto-opo.jpg?resize=350%2C200 1x, https:\/\/i0.wp.com\/www.24baires.com\/wp-content\/uploads\/2020\/07\/alberto-opo.jpg?resize=525%2C300 1.5x"},"classes":[]},{"id":92088,"url":"http:\/\/www.24baires.com\/?p=92088","url_meta":{"origin":75248,"position":4},"title":"Provincia busca eliminar la feria judicial","author":"GB","date":"02\/02\/2017","format":false,"excerpt":"Se suma a la propuesta del gobierno de Macri. El proyecto es impulsado por el diputado por Cambiemos, Guillermo Castello Luego de que el ministro de Justicia, Germ\u00e1n Garavano, expresara la iniciativa del gobierno de Macri para eliminar la feria judicial, el diputado provincial por Cambiemos, Guillermo Castello, tambi\u00e9n present\u00f3\u2026","rel":"","context":"En \u00abProvincia\u00bb","block_context":{"text":"Provincia","link":"http:\/\/www.24baires.com\/?cat=40"},"img":{"alt_text":"","src":"","width":0,"height":0},"classes":[]},{"id":111267,"url":"http:\/\/www.24baires.com\/?p=111267","url_meta":{"origin":75248,"position":5},"title":"\u00abHay una necesidad de dirigentes que sepan cu\u00e1les son los problemas de la gente\u00bb","author":"GB","date":"19\/07\/2019","format":false,"excerpt":"La ex presidenta presenta su libro \"Sinceramente\" en Mar del Plata. \u201cHay una necesidad de tener dirigentes que sepan cu\u00e1les son los problemas de los argentinos\u201d, dijo Cristina Fern\u00e1ndez durante la presentaci\u00f3n de su libro, \u201cSinceramente\u201d, en Mar del Plata, luego de criticar una entrevista que brind\u00f3 la gobernadora bonaerense\u2026","rel":"","context":"En \u00abPol\u00edtica\u00bb","block_context":{"text":"Pol\u00edtica","link":"http:\/\/www.24baires.com\/?cat=51"},"img":{"alt_text":"","src":"https:\/\/i0.wp.com\/www.24baires.com\/wp-content\/uploads\/2019\/07\/cristina-mdp.jpg?resize=350%2C200","width":350,"height":200,"srcset":"https:\/\/i0.wp.com\/www.24baires.com\/wp-content\/uploads\/2019\/07\/cristina-mdp.jpg?resize=350%2C200 1x, https:\/\/i0.wp.com\/www.24baires.com\/wp-content\/uploads\/2019\/07\/cristina-mdp.jpg?resize=525%2C300 1.5x"},"classes":[]}],"jetpack_sharing_enabled":true,"jetpack_likes_enabled":true,"jetpack_featured_media_url":"","_links":{"self":[{"href":"http:\/\/www.24baires.com\/index.php?rest_route=\/wp\/v2\/posts\/75248","targetHints":{"allow":["GET"]}}],"collection":[{"href":"http:\/\/www.24baires.com\/index.php?rest_route=\/wp\/v2\/posts"}],"about":[{"href":"http:\/\/www.24baires.com\/index.php?rest_route=\/wp\/v2\/types\/post"}],"author":[{"embeddable":true,"href":"http:\/\/www.24baires.com\/index.php?rest_route=\/wp\/v2\/users\/8"}],"replies":[{"embeddable":true,"href":"http:\/\/www.24baires.com\/index.php?rest_route=%2Fwp%2Fv2%2Fcomments&post=75248"}],"version-history":[{"count":1,"href":"http:\/\/www.24baires.com\/index.php?rest_route=\/wp\/v2\/posts\/75248\/revisions"}],"predecessor-version":[{"id":75249,"href":"http:\/\/www.24baires.com\/index.php?rest_route=\/wp\/v2\/posts\/75248\/revisions\/75249"}],"wp:attachment":[{"href":"http:\/\/www.24baires.com\/index.php?rest_route=%2Fwp%2Fv2%2Fmedia&parent=75248"}],"wp:term":[{"taxonomy":"category","embeddable":true,"href":"http:\/\/www.24baires.com\/index.php?rest_route=%2Fwp%2Fv2%2Fcategories&post=75248"},{"taxonomy":"post_tag","embeddable":true,"href":"http:\/\/www.24baires.com\/index.php?rest_route=%2Fwp%2Fv2%2Ftags&post=75248"}],"curies":[{"name":"wp","href":"https:\/\/api.w.org\/{rel}","templated":true}]}}