{"id":75190,"date":"2015-11-17T21:54:48","date_gmt":"2015-11-18T00:54:48","guid":{"rendered":"http:\/\/www.24baires.com\/?p=75190"},"modified":"2015-11-17T21:54:48","modified_gmt":"2015-11-18T00:54:48","slug":"larreta-sobre-la-mortalidad-infantil-en-la-ciudad-cual-es-el-problema-que-no-haya-bajado","status":"publish","type":"post","link":"http:\/\/www.24baires.com\/?p=75190","title":{"rendered":"Larreta sobre la mortalidad infantil en la Ciudad: \u00ab\u00bfCu\u00e1l es el problema que no haya bajado?\u00bb"},"content":{"rendered":"<p><img data-recalc-dims=\"1\" loading=\"lazy\" decoding=\"async\" src=\"https:\/\/i0.wp.com\/www.24baires.com\/wp-content\/uploads\/2015\/06\/larreta.jpg?resize=257%2C196\" alt=\"larreta\" width=\"257\" height=\"196\" class=\"alignleft size-full wp-image-67692\" \/>El jefe de Gobierno porte\u00f1o electo dijo que \u00abno ve problemas\u00bb en que los \u00edndices de mortalidad no hayan disminuido en Capital desde 2007, cuando asumi\u00f3 Macri y destac\u00f3 que \u00abse est\u00e1 trabajando para bajarlo\u00bb.<!--more--><\/p>\n<p>\u00ab\u00bfCu\u00e1l es el problema que no haya bajado. Daniel Scioli (en el debate presidencial del domingo pasado) dijo que empeor\u00f3 la mortalidad y la verdad es que se mantuvo los mismos \u00edndices que en 2007\u00bb, dijo Rodr\u00edguez Larreta en una entrevista concedida a FM Blue, donde el periodista indag\u00f3 sobre el tema e hizo notar que en el resto de Argentina la mortalidad baj\u00f3.<\/p>\n<p>\u00abEstamos trabajando con acompa\u00f1amiento personalizado, garantizando la nutrici\u00f3n de los bebes y seguiremos trabajando para bajarla\u00bb, expres\u00f3 el electo jefe de gobierno.<\/p>\n<p>A la vez reiter\u00f3 su \u00absensaci\u00f3n\u00bb de que en caso de llegar a ser electo presidente, el candidato de Cambiemos, Mauricio Macri, \u00abse va a recuperar la confianza en la Argentina y la inflaci\u00f3n bajar\u00e1\u00bb, y neg\u00f3 que un eventual gobierno del PRO vaya a aumentar las tarifas de los servicios p\u00fablicos.<\/p>\n<p>\u00abSiento que se puede recuperar la confianza en la Argentina, que baje la inflaci\u00f3n y que la gente conf\u00ede en el pa\u00eds\u00bb, declar\u00f3 el jefe de Gabinete saliente del gobierno porte\u00f1o.<\/p>\n<p>Consultado sobre aumentos en las tarifas, se\u00f1al\u00f3 que Cambiemos \u00abno prev\u00e9\u00bb incrementos, en contraste con un informe difundido por la consultora de uno de los economistas de Cambiemos, Carlos Melconian, en el que considera necesario multiplicar hasta por cinco las tarifas de luz, triplicar las de gas y duplicar las de transporte.<\/p>\n<p>En cuanto a los dirigentes, especialmente de Ceos y gerentes que Cambiemos busca para ocupar cargos de gobierno en caso de ganar el balotaje, Rodr\u00edguez Larreta consider\u00f3 que \u00abse necesita mucha gente\u00bb y asegur\u00f3: \u00abnos estamos preparando con gente del radicalismo y la Coalici\u00f3n C\u00edvica\u00bb.<\/p>\n<p>Sobre el reclamo por no haber apoyado en el Congreso el proyecto de fertilizaci\u00f3n asistida, respondi\u00f3 que fue porque \u00abno estaba de acuerdo con la forma, aunque s\u00ed con el fondo\u00bb.<\/p>\n<p>Respecto al hecho en el cual un agente de la Polic\u00eda Metropolitana fue separado preventivamente del cargo tras haber disparado contra Lucas Cabello y provocarle heridas, hecho que su familia calific\u00f3 como \u00abgatillo f\u00e1cil\u00bb, contest\u00f3: \u00abcada episodio hay que investigarlo. Siento que se puede recuperar la confianza en la Argentina, que baje la inflaci\u00f3n y que la gente conf\u00ede en el pa\u00eds\u00bb.<\/p>\n<p>En relaci\u00f3n a su futura gesti\u00f3n de gobierno, Rodr\u00edguez Larreta indic\u00f3 que una de las prioridades ser\u00e1 el traspaso de la Polic\u00eda Federal a la ciudad y la continuaci\u00f3n de obras en ejecuci\u00f3n.<\/p>\n","protected":false},"excerpt":{"rendered":"<p>El jefe de Gobierno porte\u00f1o electo dijo que \u00abno ve problemas\u00bb en que los \u00edndices de mortalidad no hayan disminuido en Capital desde 2007, cuando asumi\u00f3 Macri y destac\u00f3 que \u00abse est\u00e1 trabajando para bajarlo\u00bb.<\/p>\n","protected":false},"author":8,"featured_media":0,"comment_status":"open","ping_status":"open","sticky":false,"template":"","format":"standard","meta":{"_jetpack_newsletter_access":"","_jetpack_dont_email_post_to_subs":false,"_jetpack_newsletter_tier_id":0,"_jetpack_memberships_contains_paywalled_content":false,"_jetpack_memberships_contains_paid_content":false,"footnotes":""},"categories":[51],"tags":[],"class_list":["post-75190","post","type-post","status-publish","format-standard","hentry","category-politica"],"jetpack_shortlink":"https:\/\/wp.me\/p2JWE0-jyK","jetpack-related-posts":[{"id":74922,"url":"http:\/\/www.24baires.com\/?p=74922","url_meta":{"origin":75190,"position":0},"title":"\u201cSe va a levantar el cepo y aspiramos a que la gente conf\u00ede y no vaya corriendo a comprar d\u00f3lares\u00bb","author":"GB","date":"11\/11\/2015","format":false,"excerpt":"De esta manera, Horacio Rodr\u00edguez Larreta se refiri\u00f3 a las medidas que tomar\u00eda su jefe pol\u00edtico, Mauricio Macri, respecto al mercado cambiario, de ganar el balotaje. El jefe de gobierno Porte\u00f1o electo, Horacio Rodr\u00edguez Larreta, dijo que \"se van a levantar la restricciones a la compra de d\u00f3lares\" en caso\u2026","rel":"","context":"En \u00abEconom\u00eda\u00bb","block_context":{"text":"Econom\u00eda","link":"http:\/\/www.24baires.com\/?cat=45"},"img":{"alt_text":"larreta","src":"https:\/\/i0.wp.com\/www.24baires.com\/wp-content\/uploads\/2015\/06\/larreta.jpg?resize=350%2C200","width":350,"height":200},"classes":[]},{"id":116805,"url":"http:\/\/www.24baires.com\/?p=116805","url_meta":{"origin":75190,"position":1},"title":"Larreta ratific\u00f3 que ir\u00e1 a la Corte por los fondos de la polic\u00eda porte\u00f1a","author":"AF","date":"01\/12\/2020","format":false,"excerpt":"Pese a que la iniciativa todav\u00eda no fue convertida en ley por el Congreso, el alcalde porte\u00f1o organiz\u00f3 una conferencia de prensa y apunt\u00f3 contra el gobierno nacional. Si bien el proyecto de ley que fija el monto del traspaso de la Polic\u00eda Federal a la Ciudad no se convirti\u00f3\u2026","rel":"","context":"En \u00abLocales\u00bb","block_context":{"text":"Locales","link":"http:\/\/www.24baires.com\/?cat=38"},"img":{"alt_text":"","src":"https:\/\/i0.wp.com\/www.24baires.com\/wp-content\/uploads\/2017\/10\/pe%C3%B1a-larreta.jpg?resize=350%2C200","width":350,"height":200,"srcset":"https:\/\/i0.wp.com\/www.24baires.com\/wp-content\/uploads\/2017\/10\/pe%C3%B1a-larreta.jpg?resize=350%2C200 1x, https:\/\/i0.wp.com\/www.24baires.com\/wp-content\/uploads\/2017\/10\/pe%C3%B1a-larreta.jpg?resize=525%2C300 1.5x"},"classes":[]},{"id":108496,"url":"http:\/\/www.24baires.com\/?p=108496","url_meta":{"origin":75190,"position":2},"title":"El Gobierno Bonaerense anunci\u00f3 que baj\u00f3 el \u00edndice de mortalidad infantil","author":"AF","date":"30\/05\/2019","format":false,"excerpt":"La gobernadora Mar\u00eda Eugenia Vidal anunci\u00f3 hoy que la mortalidad infantil baj\u00f3 0.6 puntos y que con un \u00edndice de 8.9 consolida la tasa m\u00e1s baja de historia de la provincia de Buenos Aires, lo que consider\u00f3 uno de los mayores logros de su gesti\u00f3n. \"Podemos mostrar resultados concretos y\u2026","rel":"","context":"En \u00abSociedad\u00bb","block_context":{"text":"Sociedad","link":"http:\/\/www.24baires.com\/?cat=1"},"img":{"alt_text":"","src":"https:\/\/i0.wp.com\/www.24baires.com\/wp-content\/uploads\/2019\/03\/vidal.jpg?resize=350%2C200","width":350,"height":200,"srcset":"https:\/\/i0.wp.com\/www.24baires.com\/wp-content\/uploads\/2019\/03\/vidal.jpg?resize=350%2C200 1x, https:\/\/i0.wp.com\/www.24baires.com\/wp-content\/uploads\/2019\/03\/vidal.jpg?resize=525%2C300 1.5x"},"classes":[]},{"id":8030,"url":"http:\/\/www.24baires.com\/?p=8030","url_meta":{"origin":75190,"position":3},"title":"CEAMSE: De Vido duda de las promesas de Macri","author":"Grupo Sierra","date":"05\/12\/2012","format":false,"excerpt":"El Ministro Julio De Vido puso en duda el anuncio de la administraci\u00f3n macrista de reducir en un 78% el volumen de residuos y dijo que \"no lo van a hacer si no se ponen a trabajar en serio como no lo han hecho hasta ahora\".\u00a0 El ministro asegur\u00f3 que\u2026","rel":"","context":"En \u00abPol\u00edtica\u00bb","block_context":{"text":"Pol\u00edtica","link":"http:\/\/www.24baires.com\/?cat=51"},"img":{"alt_text":"","src":"","width":0,"height":0},"classes":[]},{"id":117864,"url":"http:\/\/www.24baires.com\/?p=117864","url_meta":{"origin":75190,"position":4},"title":"Jorge Macri se baj\u00f3 de la interna bonaerense de Juntos por el Cambio","author":"AF","date":"15\/07\/2021","format":false,"excerpt":"\"Llego a esta decisi\u00f3n convencido de que todos debemos ceder para fortalecer algo m\u00e1s grande que cada uno de nosotros\", dijo a trav\u00e9s de su cuenta de Twitter el intendente de Vicente L\u00f3pez. Pidi\u00f3 \"gestos de unidad\" en la alianza opositora. El intendente de Vicente L\u00f3pez, Jorge Macri, anunci\u00f3 este\u2026","rel":"","context":"En \u00abPol\u00edtica\u00bb","block_context":{"text":"Pol\u00edtica","link":"http:\/\/www.24baires.com\/?cat=51"},"img":{"alt_text":"","src":"https:\/\/i0.wp.com\/www.24baires.com\/wp-content\/uploads\/2021\/07\/jorge-macri.jpg?resize=350%2C200","width":350,"height":200,"srcset":"https:\/\/i0.wp.com\/www.24baires.com\/wp-content\/uploads\/2021\/07\/jorge-macri.jpg?resize=350%2C200 1x, https:\/\/i0.wp.com\/www.24baires.com\/wp-content\/uploads\/2021\/07\/jorge-macri.jpg?resize=525%2C300 1.5x"},"classes":[]},{"id":117490,"url":"http:\/\/www.24baires.com\/?p=117490","url_meta":{"origin":75190,"position":5},"title":"Advierten que 6 de cada 10 pacientes con covid que entran a terapia intensiva mueren","author":"GB","date":"27\/04\/2021","format":false,"excerpt":"El jefe de Gabinete bonaerense, Carlos Bianco, asegur\u00f3 que la tasa de letalidad es muy alta \"a\u00fan con atenci\u00f3n m\u00e9dica\". El jefe de Gabinete el gobierno de la provincia de Buenos Aires, Carlos Bianco, llam\u00f3 una vez m\u00e1s este martes a las autoridades porte\u00f1as a consensuar medidas para minimizar la\u2026","rel":"","context":"En \u00abProvincia\u00bb","block_context":{"text":"Provincia","link":"http:\/\/www.24baires.com\/?cat=40"},"img":{"alt_text":"","src":"https:\/\/i0.wp.com\/www.24baires.com\/wp-content\/uploads\/2020\/06\/bianco-1.jpg?resize=350%2C200","width":350,"height":200,"srcset":"https:\/\/i0.wp.com\/www.24baires.com\/wp-content\/uploads\/2020\/06\/bianco-1.jpg?resize=350%2C200 1x, https:\/\/i0.wp.com\/www.24baires.com\/wp-content\/uploads\/2020\/06\/bianco-1.jpg?resize=525%2C300 1.5x"},"classes":[]}],"jetpack_sharing_enabled":true,"jetpack_likes_enabled":true,"jetpack_featured_media_url":"","_links":{"self":[{"href":"http:\/\/www.24baires.com\/index.php?rest_route=\/wp\/v2\/posts\/75190","targetHints":{"allow":["GET"]}}],"collection":[{"href":"http:\/\/www.24baires.com\/index.php?rest_route=\/wp\/v2\/posts"}],"about":[{"href":"http:\/\/www.24baires.com\/index.php?rest_route=\/wp\/v2\/types\/post"}],"author":[{"embeddable":true,"href":"http:\/\/www.24baires.com\/index.php?rest_route=\/wp\/v2\/users\/8"}],"replies":[{"embeddable":true,"href":"http:\/\/www.24baires.com\/index.php?rest_route=%2Fwp%2Fv2%2Fcomments&post=75190"}],"version-history":[{"count":1,"href":"http:\/\/www.24baires.com\/index.php?rest_route=\/wp\/v2\/posts\/75190\/revisions"}],"predecessor-version":[{"id":75191,"href":"http:\/\/www.24baires.com\/index.php?rest_route=\/wp\/v2\/posts\/75190\/revisions\/75191"}],"wp:attachment":[{"href":"http:\/\/www.24baires.com\/index.php?rest_route=%2Fwp%2Fv2%2Fmedia&parent=75190"}],"wp:term":[{"taxonomy":"category","embeddable":true,"href":"http:\/\/www.24baires.com\/index.php?rest_route=%2Fwp%2Fv2%2Fcategories&post=75190"},{"taxonomy":"post_tag","embeddable":true,"href":"http:\/\/www.24baires.com\/index.php?rest_route=%2Fwp%2Fv2%2Ftags&post=75190"}],"curies":[{"name":"wp","href":"https:\/\/api.w.org\/{rel}","templated":true}]}}