{"id":75173,"date":"2015-11-17T19:00:50","date_gmt":"2015-11-17T22:00:50","guid":{"rendered":"http:\/\/www.24baires.com\/?p=75173"},"modified":"2015-11-18T10:48:53","modified_gmt":"2015-11-18T13:48:53","slug":"el-pedido-de-cristina-a-la-militancia-el-nunca-se-rindio-nosotros-tampoco","status":"publish","type":"post","link":"http:\/\/www.24baires.com\/?p=75173","title":{"rendered":"El pedido de Cristina a la militancia: \u00ab\u00c9l nunca se rindi\u00f3. Nosotros tampoco\u00bb"},"content":{"rendered":"<p><img data-recalc-dims=\"1\" loading=\"lazy\" decoding=\"async\" src=\"https:\/\/i0.wp.com\/www.24baires.com\/wp-content\/uploads\/2015\/09\/cristina-energia.jpg?resize=560%2C373\" alt=\"cristina energia\" width=\"560\" height=\"373\" class=\"aligncenter size-full wp-image-71658\" srcset=\"https:\/\/i0.wp.com\/www.24baires.com\/wp-content\/uploads\/2015\/09\/cristina-energia.jpg?w=560 560w, https:\/\/i0.wp.com\/www.24baires.com\/wp-content\/uploads\/2015\/09\/cristina-energia.jpg?resize=300%2C200 300w\" sizes=\"auto, (max-width: 560px) 100vw, 560px\" \/>La Presidenta de la Naci\u00f3n escribi\u00f3 una emotiva serie de tuits en la que homenaje\u00f3 a la militancia que posibilit\u00f3 el regreso de Per\u00f3n en los 70, ponder\u00f3 el activismo \u00abde los que est\u00e1n saliendo a defender los derechos y conquistas\u00bb en esta campa\u00f1a, record\u00f3 a N\u00e9stor Kirchner y pidi\u00f3 un esfuerzo final de cara al balotaje.<!--more--><\/p>\n<p>La presidenta de la Naci\u00f3n record\u00f3 hoy la conmemoraci\u00f3n del D\u00eda de la Militancia, que conmemora el regreso del exilio del General Per\u00f3n y, adem\u00e1s de destacar el papel de la militancia callejera para el retorno del ex presidente, se\u00f1al\u00f3 que \u201cen este d\u00eda tan especial no puedo dejar de recordar al militante m\u00e1s grande que conoc\u00ed y seguro conocer\u00e9: A N\u00e9stor (Kirchner), mi compa\u00f1ero\u201d.<br \/>\nLa presidenta dijo que el fallecido ex presidente \u201cahora es reconocido hasta por los que, mientras viv\u00eda, se cansaron de insultarlo y agraviarlo\u201d y le pidi\u00f3 a los militantes que \u201cen cada calle, en cada casa, con convicci\u00f3n, voluntad y humildad, imitemos su ejemplo. El nunca se rindi\u00f3. Nosotros tampoco\u201d.<br \/>\n\u201cHace 43 a\u00f1os, Per\u00f3n retornaba a la Patria tras 17 a\u00f1os de exilio forzado por el Golpe del \u201955 y sus sucesivas r\u00e9plicas, su regreso no fue un fen\u00f3meno de la naturaleza, ni tampoco una graciosa concesi\u00f3n de la Dictadura, regresaba por el despliegue hist\u00f3rico de los militantes organizados a lo largo y a lo ancho del pa\u00eds\u201d record\u00f3 la presidenta de la Naci\u00f3n en una serie posteos en la red social Twitter al cumplirse hoy 43 a\u00f1os del regreso del exilio del ex presidente Juan Per\u00f3n.<\/p>\n<p>En este sentido, la primera mandataria resalt\u00f3 las movilizaciones populares que forzaron el retorno de Per\u00f3n y defini\u00f3 a la calle como \u201cel territorio natural de la militancia, la geograf\u00eda preferida de las grandes gestas populares nacionales y democr\u00e1ticas\u201d.<br \/>\n\u00abEn los d\u00edas que corren y en \u00e9ste \u00faltimo s\u00e1bado, en distintas plazas de la Rep\u00fablica y tambi\u00e9n en el m\u00edtico Obelisco la calle volvi\u00f3 a ser protagonista, pero en esta oportunidad no s\u00f3lo hab\u00eda militantes\u201d afirm\u00f3 en relaci\u00f3n a las decenas de convocatorias realizadas el fin de semana en apoyo a la f\u00f3rmula presidencial oficialista que encabeza Daniel Scioli.<\/p>\n<p>\u201cHombres y mujeres, j\u00f3venes y mayores, familias con sus ni\u00f1os que no van a ninguna local partidario\u201d todos ellos movilizados en funci\u00f3n de un solo objetivo \u201cdefender conquistas y derechos logrados en estos 12 a\u00f1os y medio\u201d, indic\u00f3 la presidenta.<\/p>\n<p>\u201cEst\u00e1n saliendo a defender los derechos y conquistas: su trabajo y las paritarias, la universidad p\u00fablica y gratuita, la ciencia y la tecnolog\u00eda, los sat\u00e9lites, las netbook de sus hijos, las jubilaciones, escuelas, la Argentina desendeudada, el rechazo a la usura de los Fondos Buitres\u201d entre otras medidas.<\/p>\n","protected":false},"excerpt":{"rendered":"<p>La Presidenta de la Naci\u00f3n escribi\u00f3 una emotiva serie de tuits en la que homenaje\u00f3 a la militancia que posibilit\u00f3 el regreso de Per\u00f3n en los 70, ponder\u00f3 el activismo \u00abde los que est\u00e1n saliendo a defender los derechos y conquistas\u00bb en esta campa\u00f1a, record\u00f3 a N\u00e9stor Kirchner y pidi\u00f3 un esfuerzo final de cara al balotaje.<\/p>\n","protected":false},"author":8,"featured_media":0,"comment_status":"open","ping_status":"open","sticky":false,"template":"","format":"standard","meta":{"_jetpack_newsletter_access":"","_jetpack_dont_email_post_to_subs":false,"_jetpack_newsletter_tier_id":0,"_jetpack_memberships_contains_paywalled_content":false,"_jetpack_memberships_contains_paid_content":false,"footnotes":""},"categories":[51],"tags":[],"class_list":["post-75173","post","type-post","status-publish","format-standard","hentry","category-politica"],"jetpack_shortlink":"https:\/\/wp.me\/p2JWE0-jyt","jetpack-related-posts":[{"id":108071,"url":"http:\/\/www.24baires.com\/?p=108071","url_meta":{"origin":75173,"position":0},"title":"CFK present\u00f3 su libro y plante\u00f3 \u00abun contrato social de ciudadan\u00eda responsable\u00bb","author":"AF","date":"10\/05\/2019","format":false,"excerpt":"Cristina Kirchner present\u00f3 su libro ante una multitud reunida dentro y fuera del predio de La Rural. En tono coloquial, dijo que espera \u201cque sirva para el debate\u201d y plante\u00f3 un \u201ccontrato social de ciudadan\u00eda responsable\u201d que impulse el crecimiento econ\u00f3mico a partir del desarrollo del mercado interno. La ex\u2026","rel":"","context":"En \u00abPol\u00edtica\u00bb","block_context":{"text":"Pol\u00edtica","link":"http:\/\/www.24baires.com\/?cat=51"},"img":{"alt_text":"","src":"https:\/\/i0.wp.com\/www.24baires.com\/wp-content\/uploads\/2019\/05\/cristina-sinceramente.jpeg?resize=350%2C200","width":350,"height":200,"srcset":"https:\/\/i0.wp.com\/www.24baires.com\/wp-content\/uploads\/2019\/05\/cristina-sinceramente.jpeg?resize=350%2C200 1x, https:\/\/i0.wp.com\/www.24baires.com\/wp-content\/uploads\/2019\/05\/cristina-sinceramente.jpeg?resize=525%2C300 1.5x"},"classes":[]},{"id":100442,"url":"http:\/\/www.24baires.com\/?p=100442","url_meta":{"origin":75173,"position":1},"title":"CFK: \u00abEl \u00fanico argumento es la persecuci\u00f3n pol\u00edtica\u00bb","author":"AF","date":"08\/02\/2018","format":false,"excerpt":"La ex presidenta atribuy\u00f3 la denuncia por \"da\u00f1os y perjuicios\" por 22.500 millones pesos de Javier Iguacel, titular de Vialidad, a la campa\u00f1a instrumentada en su contra por el Gobierno. Marc\u00f3 las contradicciones de la presentaci\u00f3n judicial y pidi\u00f3 que se cite como testigos a todos los que fueron jefes\u2026","rel":"","context":"En \u00abPol\u00edtica\u00bb","block_context":{"text":"Pol\u00edtica","link":"http:\/\/www.24baires.com\/?cat=51"},"img":{"alt_text":"","src":"https:\/\/i0.wp.com\/www.24baires.com\/wp-content\/uploads\/2017\/09\/cristina.jpg?resize=350%2C200","width":350,"height":200,"srcset":"https:\/\/i0.wp.com\/www.24baires.com\/wp-content\/uploads\/2017\/09\/cristina.jpg?resize=350%2C200 1x, https:\/\/i0.wp.com\/www.24baires.com\/wp-content\/uploads\/2017\/09\/cristina.jpg?resize=525%2C300 1.5x"},"classes":[]},{"id":108392,"url":"http:\/\/www.24baires.com\/?p=108392","url_meta":{"origin":75173,"position":2},"title":"Alberto y Cristina Fern\u00e1ndez presentaron su candidatura en Merlo","author":"AF","date":"26\/05\/2019","format":false,"excerpt":"El precandidato a presidente se present\u00f3 con su candidata a vice, la ex mandataria Cristina Kirchner: \"Yo estuve en el laberinto de la crisis y se c\u00f3mo salir\", enfatiz\u00f3 Alberto. Alberto Fern\u00e1ndez present\u00f3 su f\u00f3rmula junto a Cristina Kirchner de cara a las elecciones presidenciales de octubre en la que\u2026","rel":"","context":"En \u00abPol\u00edtica\u00bb","block_context":{"text":"Pol\u00edtica","link":"http:\/\/www.24baires.com\/?cat=51"},"img":{"alt_text":"","src":"https:\/\/i0.wp.com\/www.24baires.com\/wp-content\/uploads\/2019\/05\/alberto-cristina-fernandez-merlo.jpg?resize=350%2C200","width":350,"height":200,"srcset":"https:\/\/i0.wp.com\/www.24baires.com\/wp-content\/uploads\/2019\/05\/alberto-cristina-fernandez-merlo.jpg?resize=350%2C200 1x, https:\/\/i0.wp.com\/www.24baires.com\/wp-content\/uploads\/2019\/05\/alberto-cristina-fernandez-merlo.jpg?resize=525%2C300 1.5x"},"classes":[]},{"id":107348,"url":"http:\/\/www.24baires.com\/?p=107348","url_meta":{"origin":75173,"position":3},"title":"En el D\u00eda de la Memoria, miles de personas se movilizar\u00e1n en todo el pa\u00eds","author":"AF","date":"24\/03\/2019","format":false,"excerpt":"A 43 a\u00f1os del golpe de Estado que diera inicio a la m\u00e1s cruenta y atroz dictadura de la historia argentinas, se renuevan los reclamos de Justicia. Una vez m\u00e1s, este 24 de Marzo indica que es el D\u00eda Nacional de la Memoria por la Verdad y la Justicia, en\u2026","rel":"","context":"En \u00abSociedad\u00bb","block_context":{"text":"Sociedad","link":"http:\/\/www.24baires.com\/?cat=1"},"img":{"alt_text":"","src":"https:\/\/i0.wp.com\/www.24baires.com\/wp-content\/uploads\/2017\/03\/24-de-marzo.jpg?resize=350%2C200","width":350,"height":200,"srcset":"https:\/\/i0.wp.com\/www.24baires.com\/wp-content\/uploads\/2017\/03\/24-de-marzo.jpg?resize=350%2C200 1x, https:\/\/i0.wp.com\/www.24baires.com\/wp-content\/uploads\/2017\/03\/24-de-marzo.jpg?resize=525%2C300 1.5x"},"classes":[]},{"id":103525,"url":"http:\/\/www.24baires.com\/?p=103525","url_meta":{"origin":75173,"position":4},"title":"Presentan proyecto para derogar el decreto de Macri de intervenci\u00f3n de las Fuerzas Armadas","author":"AF","date":"25\/07\/2018","format":false,"excerpt":"Los fundamentos de la iniciativa que encabeza el presidente del bloque FPV-PJ, Agust\u00edn Rossi, sostienen que el presidente \u201ca trav\u00e9s de un simple decreto reglamentario intenta cambiar las bases sobre las que est\u00e1 estructurado nuestro sistema de Defensa Nacional, construido desde la recuperaci\u00f3n democr\u00e1tica\u201d. Diputados y diputadas del bloque FPV-PJ\u2026","rel":"","context":"En \u00abLocales\u00bb","block_context":{"text":"Locales","link":"http:\/\/www.24baires.com\/?cat=38"},"img":{"alt_text":"","src":"https:\/\/i0.wp.com\/www.24baires.com\/wp-content\/uploads\/2018\/07\/macri-fuerzas.jpg?resize=350%2C200","width":350,"height":200,"srcset":"https:\/\/i0.wp.com\/www.24baires.com\/wp-content\/uploads\/2018\/07\/macri-fuerzas.jpg?resize=350%2C200 1x, https:\/\/i0.wp.com\/www.24baires.com\/wp-content\/uploads\/2018\/07\/macri-fuerzas.jpg?resize=525%2C300 1.5x"},"classes":[]},{"id":104150,"url":"http:\/\/www.24baires.com\/?p=104150","url_meta":{"origin":75173,"position":5},"title":"Bonadio orden\u00f3 devolverle los bastones presidenciales a Cristina","author":"AF","date":"28\/08\/2018","format":false,"excerpt":"Se secuestraron dentro de un centenar de objetos, en el Calafate. Ahora, el magistrado determin\u00f3 que regresen a manos de la ex Presidenta porque \"no es de utilidad para la causa\", seg\u00fan fuentes de Comodoro Py. Despu\u00e9s del allanamiento y secuestro de bastones presidenciales realizado por el juez federal Claudio\u2026","rel":"","context":"En \u00abJUDICIALES\u00bb","block_context":{"text":"JUDICIALES","link":"http:\/\/www.24baires.com\/?cat=68"},"img":{"alt_text":"","src":"https:\/\/i0.wp.com\/www.24baires.com\/wp-content\/uploads\/2018\/08\/afip-calafate.jpg?resize=350%2C200","width":350,"height":200,"srcset":"https:\/\/i0.wp.com\/www.24baires.com\/wp-content\/uploads\/2018\/08\/afip-calafate.jpg?resize=350%2C200 1x, https:\/\/i0.wp.com\/www.24baires.com\/wp-content\/uploads\/2018\/08\/afip-calafate.jpg?resize=525%2C300 1.5x"},"classes":[]}],"jetpack_sharing_enabled":true,"jetpack_likes_enabled":true,"jetpack_featured_media_url":"","_links":{"self":[{"href":"http:\/\/www.24baires.com\/index.php?rest_route=\/wp\/v2\/posts\/75173","targetHints":{"allow":["GET"]}}],"collection":[{"href":"http:\/\/www.24baires.com\/index.php?rest_route=\/wp\/v2\/posts"}],"about":[{"href":"http:\/\/www.24baires.com\/index.php?rest_route=\/wp\/v2\/types\/post"}],"author":[{"embeddable":true,"href":"http:\/\/www.24baires.com\/index.php?rest_route=\/wp\/v2\/users\/8"}],"replies":[{"embeddable":true,"href":"http:\/\/www.24baires.com\/index.php?rest_route=%2Fwp%2Fv2%2Fcomments&post=75173"}],"version-history":[{"count":1,"href":"http:\/\/www.24baires.com\/index.php?rest_route=\/wp\/v2\/posts\/75173\/revisions"}],"predecessor-version":[{"id":75174,"href":"http:\/\/www.24baires.com\/index.php?rest_route=\/wp\/v2\/posts\/75173\/revisions\/75174"}],"wp:attachment":[{"href":"http:\/\/www.24baires.com\/index.php?rest_route=%2Fwp%2Fv2%2Fmedia&parent=75173"}],"wp:term":[{"taxonomy":"category","embeddable":true,"href":"http:\/\/www.24baires.com\/index.php?rest_route=%2Fwp%2Fv2%2Fcategories&post=75173"},{"taxonomy":"post_tag","embeddable":true,"href":"http:\/\/www.24baires.com\/index.php?rest_route=%2Fwp%2Fv2%2Ftags&post=75173"}],"curies":[{"name":"wp","href":"https:\/\/api.w.org\/{rel}","templated":true}]}}