{"id":75123,"date":"2015-11-16T19:30:47","date_gmt":"2015-11-16T22:30:47","guid":{"rendered":"http:\/\/www.24baires.com\/?p=75123"},"modified":"2015-11-16T19:26:30","modified_gmt":"2015-11-16T22:26:30","slug":"macri-le-pagara-a-los-fondos-buitre-con-el-hambre-del-pueblo-considero-perez-esquivel","status":"publish","type":"post","link":"http:\/\/www.24baires.com\/?p=75123","title":{"rendered":"\u00abMacri le pagar\u00e1 a los fondos buitre con el hambre del pueblo\u00bb, consider\u00f3 P\u00e9rez Esquivel"},"content":{"rendered":"<p><img data-recalc-dims=\"1\" loading=\"lazy\" decoding=\"async\" class=\"alignleft size-full wp-image-8598\" src=\"https:\/\/i0.wp.com\/www.24baires.com\/wp-content\/uploads\/2012\/12\/p%C3%A9rez-esquivel.jpg?resize=300%2C250\" alt=\"p\u00e9rez esquivel\" width=\"300\" height=\"250\" \/>El premio Nobel de la Paz carg\u00f3 con dureza contra el candidato de Cambiemos y aunque fue siempre muy cr\u00edtico del kirchnerismo asegur\u00f3 que votar\u00e1 por Scioli. Dijo respetar el voto en blanco pero lo calific\u00f3 como \u00abuna satisfacci\u00f3n personal para quedar bien con la conciencia\u00bb cuando \u00abaqu\u00ed hay que tomar decisiones de hacia d\u00f3nde va a ir el pa\u00eds\u00bb.<!--more--><\/p>\n<p>Adolfo P\u00e9rez Esquivel, Premio Nobel de la Paz, dialog\u00f3 en Radio La Plata respecto del debate presidencial llevado a cabo durante la noche del domingo, mientras que llam\u00f3 a \u00abno votar en blanco\u00bb, y advirti\u00f3 que \u00abMacri le pagar\u00e1 a los fondos buitre con el hambre del pueblo\u00bb.<\/p>\n<p>Sobre el debate, afirm\u00f3: \u00abMir\u00e9 y escuch\u00e9 atentamente todo el debate, me pareci\u00f3 muy flojo, no se trataron los temas de fondo y se limitaron a las chicanas de uno contra el otro. No dijeron nada nuevo de lo que ya vienen diciendo en la campa\u00f1a electoral, eso me preocupa\u00bb. \u00abScioli tuvo una insinuaci\u00f3n tangencial sobre la integraci\u00f3n regional, Macri no tuvo ni una palabra. Estamos frente a dos modelos totalmente distintos: un modelo neoliberal, aunque Macri diga que no va a privatizar, su modelo lleva a entregar los recursos a manos de las grandes corporaciones extranjeras\u00bb, remarc\u00f3 P\u00e9rez Esquivel.<\/p>\n<p>Adem\u00e1s, opin\u00f3: \u00abEl voto en blanco lo respeto, el problema es que es una satisfacci\u00f3n personal para quedar bien con la conciencia. Aqu\u00ed hay que tomar decisiones de hacia d\u00f3nde va a ir el pa\u00eds, como se va a pagar a los fondos buitre, donde Macri dice que hay que pagar y va a ser con el hambre del pueblo\u00bb.<\/p>\n<p>\u00abNo podemos estar ocultando la verdad de las cosas, no hubo sinceridad en el debate, no se enfrentaron las cosas como deb\u00edan ser. No se habl\u00f3 en nada de la integraci\u00f3n regional: ni del Mercosur, ni de la UNASUR, ni de OCELAC. Macri recurre a criticar a Venezuela pero no la conoce. Yo he recorrido Venezuela, la gente no ten\u00eda nada, las mujeres y ni\u00f1os bajaban con latas en la cabeza llevando agua. A Maduro le hicieron la vida imposible desde el mismo d\u00eda que asumi\u00f3 como Presidente y lo mismo hicieron con Hugo Ch\u00e1vez\u00bb, sentenci\u00f3 P\u00e9rez Esquivel.<\/p>\n<p>Adem\u00e1s, arremeti\u00f3: \u00abA Ch\u00e1vez lo atacaron con que era un dictador cuando fue el hombre que m\u00e1s hizo por la integraci\u00f3n Continental. Macri recurre a eso como un recurso banal pero no tiene ninguna consistencia porque no conoce la pol\u00edtica latinoamericana porque su alianza es con Estados Unidos y no con los pueblos latinoamericanos, es nefasto pero lo tengo que decir\u00bb.<\/p>\n<p>&nbsp;<\/p>\n<p>&nbsp;<\/p>\n<p>&nbsp;<\/p>\n<p>&nbsp;<\/p>\n<p>&nbsp;<\/p>\n<p>&nbsp;<\/p>\n<p>&nbsp;<\/p>\n<p>&nbsp;<\/p>\n<p>&nbsp;<\/p>\n<p>&nbsp;<\/p>\n<p>&nbsp;<\/p>\n<p>&nbsp;<\/p>\n","protected":false},"excerpt":{"rendered":"<p>El premio Nobel de la Paz carg\u00f3 con dureza contra el candidato de Cambiemos y aunque fue siempre muy cr\u00edtico del kirchnerismo asegur\u00f3 que votar\u00e1 por Scioli. Dijo respetar el voto en blanco pero lo calific\u00f3 como \u00abuna satisfacci\u00f3n personal para quedar bien con la conciencia\u00bb cuando \u00abaqu\u00ed hay que tomar decisiones de hacia d\u00f3nde va a ir el pa\u00eds\u00bb.<\/p>\n","protected":false},"author":8,"featured_media":0,"comment_status":"open","ping_status":"open","sticky":false,"template":"","format":"standard","meta":{"_jetpack_newsletter_access":"","_jetpack_dont_email_post_to_subs":false,"_jetpack_newsletter_tier_id":0,"_jetpack_memberships_contains_paywalled_content":false,"_jetpack_memberships_contains_paid_content":false,"footnotes":""},"categories":[51],"tags":[],"class_list":["post-75123","post","type-post","status-publish","format-standard","hentry","category-politica"],"jetpack_shortlink":"https:\/\/wp.me\/p2JWE0-jxF","jetpack-related-posts":[{"id":79668,"url":"http:\/\/www.24baires.com\/?p=79668","url_meta":{"origin":75123,"position":0},"title":"P\u00e9rez Esquivel le escribi\u00f3 una carta a Obama en relaci\u00f3n a su visita el pr\u00f3ximo 24 de marzo","author":"GB","date":"03\/03\/2016","format":false,"excerpt":"El N\u00f3bel de la Paz Adolfo P\u00e9rez Esquivel le envi\u00f3 una carta al presidente estadounidense Barack Obama haciendole pedidos para su visita el 24 de marzo. Le dijo que \"ser\u00e1 bien recibido\" cuando reconozca que Estados Unidos \"fue c\u00f3mplice de los golpes de Estado del pasado y del presente en\u2026","rel":"","context":"En \u00abPol\u00edtica\u00bb","block_context":{"text":"Pol\u00edtica","link":"http:\/\/www.24baires.com\/?cat=51"},"img":{"alt_text":"p\u00e9rez esquivel","src":"https:\/\/i0.wp.com\/www.24baires.com\/wp-content\/uploads\/2012\/12\/p%C3%A9rez-esquivel.jpg?resize=350%2C200","width":350,"height":200},"classes":[]},{"id":74743,"url":"http:\/\/www.24baires.com\/?p=74743","url_meta":{"origin":75123,"position":1},"title":"P\u00e9rez Esquivel llam\u00f3 a votar por Daniel Scioli en el balotaje","author":"GB","date":"06\/11\/2015","format":false,"excerpt":"El Premio Nobel de la Paz manifest\u00f3 su apoyo al candidato del FpV \"con los compromisos que ha tomado\". Tambi\u00e9n lo respald\u00f3 la Asociaci\u00f3n del Personal Aeron\u00e1utico y el PJ de C\u00f3rdoba dio \"libertad de acci\u00f3n\" a sus afiliados. El Premio Nobel de la Paz, Adolfo P\u00e9rez Esquivel, manifest\u00f3 este\u2026","rel":"","context":"En \u00abElecciones 2015\u00bb","block_context":{"text":"Elecciones 2015","link":"http:\/\/www.24baires.com\/?cat=74"},"img":{"alt_text":"p\u00e9rez esquivel","src":"https:\/\/i0.wp.com\/www.24baires.com\/wp-content\/uploads\/2012\/12\/p%C3%A9rez-esquivel.jpg?resize=350%2C200","width":350,"height":200},"classes":[]},{"id":96981,"url":"http:\/\/www.24baires.com\/?p=96981","url_meta":{"origin":75123,"position":2},"title":"P\u00e9rez Esquivel sobre Santiago Maldonado: \u00abEst\u00e1 en peligro la democracia de nuestro pa\u00eds\u00bb","author":"GB","date":"26\/08\/2017","format":false,"excerpt":"El Premio N\u00f3bel de la Paz se\u00f1al\u00f3 que el Gobierno argentino \"quiere ocultar todo\" y que esta desaparici\u00f3n es un \"s\u00edntoma muy peligroso para la salud del pueblo\". El premio N\u00f3bel de la Paz, Adolfo P\u00e9rez Esquivel, dialog\u00f3 con Pol\u00edtica Argentina Radio sobre la desaparici\u00f3n de Santiago Maldonado y asegur\u00f3\u2026","rel":"","context":"En \u00abSociedad\u00bb","block_context":{"text":"Sociedad","link":"http:\/\/www.24baires.com\/?cat=1"},"img":{"alt_text":"","src":"https:\/\/i0.wp.com\/www.24baires.com\/wp-content\/uploads\/2012\/12\/p%C3%A9rez-esquivel.jpg?resize=350%2C200","width":350,"height":200},"classes":[]},{"id":44992,"url":"http:\/\/www.24baires.com\/?p=44992","url_meta":{"origin":75123,"position":3},"title":"P\u00e9rez Esquivel: \u00abvolver a discutir el servicio militar es un retroceso enorme\u00bb","author":"GB","date":"29\/04\/2014","format":false,"excerpt":"El Premio Nobel de la Paz afirm\u00f3 que \"volver a discutir el servicio militar es un retroceso enorme para la vida del pa\u00eds\", ante la propuesta del senador bonaerense y ex intendente de Jos\u00e9 C. Paz, Mario Ishii. \"Es un error el retorno del servicio militar; la colimba es corre,\u2026","rel":"","context":"En \u00abPol\u00edtica\u00bb","block_context":{"text":"Pol\u00edtica","link":"http:\/\/www.24baires.com\/?cat=51"},"img":{"alt_text":"p\u00e9rez esquivel","src":"https:\/\/i0.wp.com\/www.24baires.com\/wp-content\/uploads\/2012\/12\/p%C3%A9rez-esquivel.jpg?resize=350%2C200","width":350,"height":200},"classes":[]},{"id":105164,"url":"http:\/\/www.24baires.com\/?p=105164","url_meta":{"origin":75123,"position":4},"title":"P\u00e9rez Esquivel: \u00abEst\u00e1n haciendo todo lo posible para que Cristina siga el camino de Lula\u00bb","author":"AF","date":"29\/10\/2018","format":false,"excerpt":"El premio nobel de la paz argentino expres\u00f3 que \"tenemos un estado de suspensi\u00f3n de consciencia: Lula, Cristina y Correa fueron juzgados y condenados medi\u00e1ticamente primero\". El premio nobel de la paz argentino, Adolfo P\u00e9rez Esquivel, se refiri\u00f3 al triunfo del ultra autoritario militar Jair Bolsonaro en las elecciones en\u2026","rel":"","context":"En \u00abPol\u00edtica\u00bb","block_context":{"text":"Pol\u00edtica","link":"http:\/\/www.24baires.com\/?cat=51"},"img":{"alt_text":"","src":"https:\/\/i0.wp.com\/www.24baires.com\/wp-content\/uploads\/2018\/10\/p%C3%A9rez-esquivel.jpg?resize=350%2C200","width":350,"height":200,"srcset":"https:\/\/i0.wp.com\/www.24baires.com\/wp-content\/uploads\/2018\/10\/p%C3%A9rez-esquivel.jpg?resize=350%2C200 1x, https:\/\/i0.wp.com\/www.24baires.com\/wp-content\/uploads\/2018\/10\/p%C3%A9rez-esquivel.jpg?resize=525%2C300 1.5x"},"classes":[]},{"id":8594,"url":"http:\/\/www.24baires.com\/?p=8594","url_meta":{"origin":75123,"position":5},"title":"P\u00e9rez Esquivel: \u00abLa informaci\u00f3n no puede estar en manos de las corporaciones, yo apoyo la Ley de Medios\u00bb","author":"AF","date":"10\/12\/2012","format":false,"excerpt":"En el d\u00eda de los DDHH y al conmemorar un nuevo a\u00f1o de democracia, el premio Nobel de la Paz, Adolfo P\u00e9rez Esquivel, sostuvo que \u201csi hay jueces que no han actuado correctamente tienen que ser llevados al Consejo de la Magistratura, pero tambi\u00e9n hay que saber que los tiempos\u2026","rel":"","context":"En \u00abSociedad\u00bb","block_context":{"text":"Sociedad","link":"http:\/\/www.24baires.com\/?cat=1"},"img":{"alt_text":"","src":"https:\/\/i0.wp.com\/www.24baires.com\/wp-content\/uploads\/2012\/12\/p%C3%A9rez-esquivel.jpg?resize=350%2C200","width":350,"height":200},"classes":[]}],"jetpack_sharing_enabled":true,"jetpack_likes_enabled":true,"jetpack_featured_media_url":"","_links":{"self":[{"href":"http:\/\/www.24baires.com\/index.php?rest_route=\/wp\/v2\/posts\/75123","targetHints":{"allow":["GET"]}}],"collection":[{"href":"http:\/\/www.24baires.com\/index.php?rest_route=\/wp\/v2\/posts"}],"about":[{"href":"http:\/\/www.24baires.com\/index.php?rest_route=\/wp\/v2\/types\/post"}],"author":[{"embeddable":true,"href":"http:\/\/www.24baires.com\/index.php?rest_route=\/wp\/v2\/users\/8"}],"replies":[{"embeddable":true,"href":"http:\/\/www.24baires.com\/index.php?rest_route=%2Fwp%2Fv2%2Fcomments&post=75123"}],"version-history":[{"count":1,"href":"http:\/\/www.24baires.com\/index.php?rest_route=\/wp\/v2\/posts\/75123\/revisions"}],"predecessor-version":[{"id":75124,"href":"http:\/\/www.24baires.com\/index.php?rest_route=\/wp\/v2\/posts\/75123\/revisions\/75124"}],"wp:attachment":[{"href":"http:\/\/www.24baires.com\/index.php?rest_route=%2Fwp%2Fv2%2Fmedia&parent=75123"}],"wp:term":[{"taxonomy":"category","embeddable":true,"href":"http:\/\/www.24baires.com\/index.php?rest_route=%2Fwp%2Fv2%2Fcategories&post=75123"},{"taxonomy":"post_tag","embeddable":true,"href":"http:\/\/www.24baires.com\/index.php?rest_route=%2Fwp%2Fv2%2Ftags&post=75123"}],"curies":[{"name":"wp","href":"https:\/\/api.w.org\/{rel}","templated":true}]}}