{"id":75040,"date":"2015-11-14T13:00:28","date_gmt":"2015-11-14T16:00:28","guid":{"rendered":"http:\/\/www.24baires.com\/?p=75040"},"modified":"2015-11-15T10:59:22","modified_gmt":"2015-11-15T13:59:22","slug":"scioli-hay-acuerdo-entre-el-fmi-fondos-buitre-y-macri","status":"publish","type":"post","link":"http:\/\/www.24baires.com\/?p=75040","title":{"rendered":"Scioli: \u00abHay acuerdo entre el FMI, fondos buitre y Macri\u00bb"},"content":{"rendered":"<p><img data-recalc-dims=\"1\" loading=\"lazy\" decoding=\"async\" class=\"aligncenter size-full wp-image-72134\" src=\"https:\/\/i0.wp.com\/www.24baires.com\/wp-content\/uploads\/2015\/09\/scioli1.jpg?resize=560%2C357\" alt=\"scioli\" width=\"560\" height=\"357\" srcset=\"https:\/\/i0.wp.com\/www.24baires.com\/wp-content\/uploads\/2015\/09\/scioli1.jpg?w=560 560w, https:\/\/i0.wp.com\/www.24baires.com\/wp-content\/uploads\/2015\/09\/scioli1.jpg?resize=300%2C191 300w\" sizes=\"auto, (max-width: 560px) 100vw, 560px\" \/>El candidato presidencial por el Frente para la Victoria denunci\u00f3 hoy que ese acuerdo incluir\u00eda la devaluaci\u00f3n del peso, el acceso a capitales financieros y que -seg\u00fan entiende el gobernador bonaerense- llevar\u00eda \u00aba poner de rodillas\u00bb al pa\u00eds.<!--more--><\/p>\n<p>En di\u00e1logo con Radio Continental, Daniel Scioli explic\u00f3 que junto a colaboradores estaba analizando \u00ablos efectos que est\u00e1 produciendo en la vida diaria la eventualidad de que Macri pueda llegar al gobierno\u00bb y se\u00f1al\u00f3 que esa expectativa ya est\u00e1 generando un \u00abaumento desmedido de precios y acaparamiento de stock\u00bb.<\/p>\n<p>Se\u00f1alar adem\u00e1s que esos s\u00edntomas son un indicio de la \u00abeconom\u00eda especulativa\u00bb que propone el candidato de Cambiemos y afirm\u00f3 que las recetas propuestas por los organismos internacionales ya \u00abhan generado desastres\u00bb.<\/p>\n<p>Respecto del debate presidencial de ma\u00f1ana dijo que no dejar\u00e1 de ser \u00abmuy espont\u00e1neo\u00bb para ponerse \u00abdel lado de la gente\u00bb.<br \/>\nConsultado por los atentados que sacudieron Francia y respecto del posicionamiento de un futuro gobierno suyo en materia de lucha contra el terrorismo, afirm\u00f3 que se trata de \u00abun flagelo mundial que hay que acorralar y exterminar\u00bb.<\/p>\n<p>\u00abTodos los pa\u00edses que tenemos que estar unidos contra el terrorismo\u00bb explic\u00f3 el candidato y record\u00f3 que Argentina ya \u00abha sido v\u00edctima de estos ataques terroristas, cobardes, siniestros\u00bb.<\/p>\n","protected":false},"excerpt":{"rendered":"<p>El candidato presidencial por el Frente para la Victoria denunci\u00f3 hoy que ese acuerdo incluir\u00eda la devaluaci\u00f3n del peso, el acceso a capitales financieros y que -seg\u00fan entiende el gobernador bonaerense- llevar\u00eda \u00aba poner de rodillas\u00bb al pa\u00eds.<\/p>\n","protected":false},"author":8,"featured_media":0,"comment_status":"open","ping_status":"open","sticky":false,"template":"","format":"standard","meta":{"_jetpack_newsletter_access":"","_jetpack_dont_email_post_to_subs":false,"_jetpack_newsletter_tier_id":0,"_jetpack_memberships_contains_paywalled_content":false,"_jetpack_memberships_contains_paid_content":false,"footnotes":""},"categories":[51],"tags":[],"class_list":["post-75040","post","type-post","status-publish","format-standard","hentry","category-politica"],"jetpack_shortlink":"https:\/\/wp.me\/p2JWE0-jwk","jetpack-related-posts":[{"id":101122,"url":"http:\/\/www.24baires.com\/?p=101122","url_meta":{"origin":75040,"position":0},"title":"Indagar\u00e1n a Scioli por irregularidades en la construcci\u00f3n de las UPA 24","author":"AF","date":"17\/03\/2018","format":false,"excerpt":"El ex gobernador Daniel Scioli y quien fuera su ministro de Salud, Alejandro Collia, fueron imputados y citados a prestar declaraci\u00f3n indagatoria en el marco de una causa que investiga presuntas irregularidades en la adjudicaci\u00f3n de ocho Unidades de Pronta Atenci\u00f3n (UPA 24) para las que se destinaron m\u00e1s de\u2026","rel":"","context":"En \u00abJUDICIALES\u00bb","block_context":{"text":"JUDICIALES","link":"http:\/\/www.24baires.com\/?cat=68"},"img":{"alt_text":"","src":"https:\/\/i0.wp.com\/www.24baires.com\/wp-content\/uploads\/2014\/05\/Daniel-Scioli.jpg?resize=350%2C200","width":350,"height":200,"srcset":"https:\/\/i0.wp.com\/www.24baires.com\/wp-content\/uploads\/2014\/05\/Daniel-Scioli.jpg?resize=350%2C200 1x, https:\/\/i0.wp.com\/www.24baires.com\/wp-content\/uploads\/2014\/05\/Daniel-Scioli.jpg?resize=525%2C300 1.5x"},"classes":[]},{"id":108334,"url":"http:\/\/www.24baires.com\/?p=108334","url_meta":{"origin":75040,"position":1},"title":"Lavagna: \u00abNi Cristina ni cambiemos\u00bb","author":"AF","date":"22\/05\/2019","format":false,"excerpt":"\"Recibimos a los radicales que no se sientan representados por el PRO\", sostuvo por C5N el candidato presidencial por Consenso 19, quien remarc\u00f3 que el kirchnerismo \"no puede recibir nada de nosotros\". El ex ministro de Econom\u00eda Roberto Lavagna ratific\u00f3 este mi\u00e9rcoles por la tarde su precandidatura presidencial por Consenso\u2026","rel":"","context":"En \u00abPol\u00edtica\u00bb","block_context":{"text":"Pol\u00edtica","link":"http:\/\/www.24baires.com\/?cat=51"},"img":{"alt_text":"","src":"https:\/\/i0.wp.com\/www.24baires.com\/wp-content\/uploads\/2013\/12\/lavagna-solo.jpg?resize=350%2C200","width":350,"height":200,"srcset":"https:\/\/i0.wp.com\/www.24baires.com\/wp-content\/uploads\/2013\/12\/lavagna-solo.jpg?resize=350%2C200 1x, https:\/\/i0.wp.com\/www.24baires.com\/wp-content\/uploads\/2013\/12\/lavagna-solo.jpg?resize=525%2C300 1.5x"},"classes":[]},{"id":112558,"url":"http:\/\/www.24baires.com\/?p=112558","url_meta":{"origin":75040,"position":2},"title":"\u00abMacri se enoj\u00f3 por las PASO y dej\u00f3 volar el d\u00f3lar, espero que no se enoje despu\u00e9s del 27\u00bb","author":"AF","date":"19\/10\/2019","format":false,"excerpt":"El candidato presidencial del Frente de Todos afirm\u00f3 sostuvo que \"son muchas cosas mal las que hizo Macri y le sigue mintiendo a la gente\". Alberto Fern\u00e1ndez afirm\u00f3 este s\u00e1bado que Mauricio Macri \"nos hizo mucho da\u00f1o despu\u00e9s de las PASO\" y que \"todo lo que dice es mentira\". \"La\u2026","rel":"","context":"En \u00abPol\u00edtica\u00bb","block_context":{"text":"Pol\u00edtica","link":"http:\/\/www.24baires.com\/?cat=51"},"img":{"alt_text":"","src":"https:\/\/i0.wp.com\/www.24baires.com\/wp-content\/uploads\/2019\/10\/alberto-fernandez.jpg?resize=350%2C200","width":350,"height":200,"srcset":"https:\/\/i0.wp.com\/www.24baires.com\/wp-content\/uploads\/2019\/10\/alberto-fernandez.jpg?resize=350%2C200 1x, https:\/\/i0.wp.com\/www.24baires.com\/wp-content\/uploads\/2019\/10\/alberto-fernandez.jpg?resize=525%2C300 1.5x"},"classes":[]},{"id":112269,"url":"http:\/\/www.24baires.com\/?p=112269","url_meta":{"origin":75040,"position":3},"title":"Alberto Fern\u00e1ndez: \u00abMacri todos los d\u00edas puede hacer las cosas peor de lo que las ha hecho\u00bb","author":"GB","date":"27\/09\/2019","format":false,"excerpt":"El precandidato presidencial del Frente de Todos se\u00f1al\u00f3 que el mandatario tiene una \"incapacidad de gesti\u00f3n incre\u00edble\". Alberto Fern\u00e1ndez volvi\u00f3 a criticar este viernes el acuerdo con el Fondo Monetario Internacional (FMI) e insisti\u00f3 en que Mauricio Macri dejar\u00e1 el peor escenario posible. En di\u00e1logo con Radio 10, el precandidato\u2026","rel":"","context":"En \u00abPol\u00edtica\u00bb","block_context":{"text":"Pol\u00edtica","link":"http:\/\/www.24baires.com\/?cat=51"},"img":{"alt_text":"","src":"","width":0,"height":0},"classes":[]},{"id":108387,"url":"http:\/\/www.24baires.com\/?p=108387","url_meta":{"origin":75040,"position":4},"title":"Scioli ratific\u00f3 su candidatura presidencial","author":"GB","date":"25\/05\/2019","format":false,"excerpt":"El exgobernador de la Provincia de Buenos Aires particip\u00f3 del Congreso Educativo de Ajedrez que se realiz\u00f3 en la ciudad balnearia y manifest\u00f3 sus deseos de ser el primer mandatario del pa\u00eds despu\u00e9s del 10 de diciembre, sin embargo aclar\u00f3: \u201cVer\u00e9 como peronista en qu\u00e9 lugar puedo hacer mi mayor\u2026","rel":"","context":"En \u00abPol\u00edtica\u00bb","block_context":{"text":"Pol\u00edtica","link":"http:\/\/www.24baires.com\/?cat=51"},"img":{"alt_text":"","src":"https:\/\/i0.wp.com\/www.24baires.com\/wp-content\/uploads\/2019\/05\/scioli-mar-del.jpg?resize=350%2C200","width":350,"height":200,"srcset":"https:\/\/i0.wp.com\/www.24baires.com\/wp-content\/uploads\/2019\/05\/scioli-mar-del.jpg?resize=350%2C200 1x, https:\/\/i0.wp.com\/www.24baires.com\/wp-content\/uploads\/2019\/05\/scioli-mar-del.jpg?resize=525%2C300 1.5x"},"classes":[]},{"id":105261,"url":"http:\/\/www.24baires.com\/?p=105261","url_meta":{"origin":75040,"position":5},"title":"Monz\u00f3 anticip\u00f3 que no renovar\u00e1 su banca de Cambiemos","author":"AF","date":"02\/11\/2018","format":false,"excerpt":"Los colaboradores del titular de Diputados reconocieron que es una decisi\u00f3n que tom\u00f3 hace ya tiempo. En cuanto a su posible alejamiento de Cambiemos dijeron que se trata de especulaciones pol\u00edticas pero no la negaron. Esta vez no es un amague. En el entorno de Emilio Monz\u00f3 confirmaron la versi\u00f3n\u2026","rel":"","context":"En \u00abPol\u00edtica\u00bb","block_context":{"text":"Pol\u00edtica","link":"http:\/\/www.24baires.com\/?cat=51"},"img":{"alt_text":"","src":"https:\/\/i0.wp.com\/www.24baires.com\/wp-content\/uploads\/2018\/11\/monz%C3%B3.jpg?resize=350%2C200","width":350,"height":200,"srcset":"https:\/\/i0.wp.com\/www.24baires.com\/wp-content\/uploads\/2018\/11\/monz%C3%B3.jpg?resize=350%2C200 1x, https:\/\/i0.wp.com\/www.24baires.com\/wp-content\/uploads\/2018\/11\/monz%C3%B3.jpg?resize=525%2C300 1.5x"},"classes":[]}],"jetpack_sharing_enabled":true,"jetpack_likes_enabled":true,"jetpack_featured_media_url":"","_links":{"self":[{"href":"http:\/\/www.24baires.com\/index.php?rest_route=\/wp\/v2\/posts\/75040","targetHints":{"allow":["GET"]}}],"collection":[{"href":"http:\/\/www.24baires.com\/index.php?rest_route=\/wp\/v2\/posts"}],"about":[{"href":"http:\/\/www.24baires.com\/index.php?rest_route=\/wp\/v2\/types\/post"}],"author":[{"embeddable":true,"href":"http:\/\/www.24baires.com\/index.php?rest_route=\/wp\/v2\/users\/8"}],"replies":[{"embeddable":true,"href":"http:\/\/www.24baires.com\/index.php?rest_route=%2Fwp%2Fv2%2Fcomments&post=75040"}],"version-history":[{"count":1,"href":"http:\/\/www.24baires.com\/index.php?rest_route=\/wp\/v2\/posts\/75040\/revisions"}],"predecessor-version":[{"id":75041,"href":"http:\/\/www.24baires.com\/index.php?rest_route=\/wp\/v2\/posts\/75040\/revisions\/75041"}],"wp:attachment":[{"href":"http:\/\/www.24baires.com\/index.php?rest_route=%2Fwp%2Fv2%2Fmedia&parent=75040"}],"wp:term":[{"taxonomy":"category","embeddable":true,"href":"http:\/\/www.24baires.com\/index.php?rest_route=%2Fwp%2Fv2%2Fcategories&post=75040"},{"taxonomy":"post_tag","embeddable":true,"href":"http:\/\/www.24baires.com\/index.php?rest_route=%2Fwp%2Fv2%2Ftags&post=75040"}],"curies":[{"name":"wp","href":"https:\/\/api.w.org\/{rel}","templated":true}]}}