{"id":75019,"date":"2015-11-13T17:00:22","date_gmt":"2015-11-13T20:00:22","guid":{"rendered":"http:\/\/www.24baires.com\/?p=75019"},"modified":"2015-11-13T15:10:29","modified_gmt":"2015-11-13T18:10:29","slug":"nilda-garre-scioli-va-a-defender-lo-logrado-es-un-hombre-previsible","status":"publish","type":"post","link":"http:\/\/www.24baires.com\/?p=75019","title":{"rendered":"Nilda Garr\u00e9: \u00abScioli va a defender lo logrado, es un hombre previsible\u00bb"},"content":{"rendered":"<p><img data-recalc-dims=\"1\" loading=\"lazy\" decoding=\"async\" class=\"aligncenter size-full wp-image-66118\" src=\"https:\/\/i0.wp.com\/www.24baires.com\/wp-content\/uploads\/2015\/05\/nilda-garr%C3%A92.jpg?resize=560%2C315\" alt=\"nilda garr\u00e92\" width=\"560\" height=\"315\" srcset=\"https:\/\/i0.wp.com\/www.24baires.com\/wp-content\/uploads\/2015\/05\/nilda-garr%C3%A92.jpg?w=560 560w, https:\/\/i0.wp.com\/www.24baires.com\/wp-content\/uploads\/2015\/05\/nilda-garr%C3%A92.jpg?resize=300%2C169 300w\" sizes=\"auto, (max-width: 560px) 100vw, 560px\" \/>La diputada nacional electa por el Frente para la Victoria, Nilda Garr\u00e9, respald\u00f3 la candidatura de Daniel Scioli al asegurar que el aspirante a la Casa Rosada \u00abva a defender lo logrado\u00bb y destac\u00f3 que es un hombre \u00abprevisible\u00bb.<!--more--><\/p>\n<p>A dos d\u00edas del primer debate presidencial de cara a un balotaje, la ex ministra se\u00f1al\u00f3: \u00abA veces los debates son mucho de marketing y no son tan conceptuales, pero este es distintos porque son dos personas solas\u00bb.<\/p>\n<p>No obstante, se\u00f1al\u00f3 que los ciudadanos \u00abya conocen cuales son las ideas\u00bb de los dos candidatos y marc\u00f3 las diferencias que existen entre ellos.<br \/>\n\u00abMacri quiere volver a los 90, a una devaluaci\u00f3n. En cambio, Scioli va a defender lo logrado. \u00abHar\u00e1 las correcciones que tenga que hacer\u00bb, a\u00f1adi\u00f3 en declaraciones al programa \u00abDe ca\u00f1o vale doble\u00bb que se emite por Radio 10.<\/p>\n<p>&nbsp;<\/p>\n<p>&nbsp;<\/p>\n<p>&nbsp;<\/p>\n<p>&nbsp;<\/p>\n<p>&nbsp;<\/p>\n<p>&nbsp;<\/p>\n<p>&nbsp;<\/p>\n<p>&nbsp;<\/p>\n<p>&nbsp;<\/p>\n<p>&nbsp;<\/p>\n<p>&nbsp;<\/p>\n<p>&nbsp;<\/p>\n<p>&nbsp;<\/p>\n<p>&nbsp;<\/p>\n","protected":false},"excerpt":{"rendered":"<p>La diputada nacional electa por el Frente para la Victoria, Nilda Garr\u00e9, respald\u00f3 la candidatura de Daniel Scioli al asegurar que el aspirante a la Casa Rosada \u00abva a defender lo logrado\u00bb y destac\u00f3 que es un hombre \u00abprevisible\u00bb.<\/p>\n","protected":false},"author":8,"featured_media":0,"comment_status":"open","ping_status":"open","sticky":false,"template":"","format":"standard","meta":{"_jetpack_newsletter_access":"","_jetpack_dont_email_post_to_subs":false,"_jetpack_newsletter_tier_id":0,"_jetpack_memberships_contains_paywalled_content":false,"_jetpack_memberships_contains_paid_content":false,"footnotes":""},"categories":[51],"tags":[],"class_list":["post-75019","post","type-post","status-publish","format-standard","hentry","category-politica"],"jetpack_shortlink":"https:\/\/wp.me\/p2JWE0-jvZ","jetpack-related-posts":[{"id":101122,"url":"http:\/\/www.24baires.com\/?p=101122","url_meta":{"origin":75019,"position":0},"title":"Indagar\u00e1n a Scioli por irregularidades en la construcci\u00f3n de las UPA 24","author":"AF","date":"17\/03\/2018","format":false,"excerpt":"El ex gobernador Daniel Scioli y quien fuera su ministro de Salud, Alejandro Collia, fueron imputados y citados a prestar declaraci\u00f3n indagatoria en el marco de una causa que investiga presuntas irregularidades en la adjudicaci\u00f3n de ocho Unidades de Pronta Atenci\u00f3n (UPA 24) para las que se destinaron m\u00e1s de\u2026","rel":"","context":"En \u00abJUDICIALES\u00bb","block_context":{"text":"JUDICIALES","link":"http:\/\/www.24baires.com\/?cat=68"},"img":{"alt_text":"","src":"https:\/\/i0.wp.com\/www.24baires.com\/wp-content\/uploads\/2014\/05\/Daniel-Scioli.jpg?resize=350%2C200","width":350,"height":200,"srcset":"https:\/\/i0.wp.com\/www.24baires.com\/wp-content\/uploads\/2014\/05\/Daniel-Scioli.jpg?resize=350%2C200 1x, https:\/\/i0.wp.com\/www.24baires.com\/wp-content\/uploads\/2014\/05\/Daniel-Scioli.jpg?resize=525%2C300 1.5x"},"classes":[]},{"id":67999,"url":"http:\/\/www.24baires.com\/?p=67999","url_meta":{"origin":75019,"position":1},"title":"Garr\u00e9: \u00abEs una pavada pensar que estamos en la lista porque necesitamos fueros\u00bb","author":"AF","date":"23\/06\/2015","format":false,"excerpt":"La exministra de seguridad y precandidata a diputada nacional por el FpV, Nilda Garr\u00e9, consider\u00f3 que la f\u00f3rmula oficialista formada por Daniel Scioli y Carlos Zannini \"ha sido una s\u00edntesis muy importante\" y \"la mejor que se pod\u00eda lograr en las actuales circunstancias\".\u00a0 \"Me parece que ha sido una s\u00edntesis\u2026","rel":"","context":"En \u00abElecciones 2015\u00bb","block_context":{"text":"Elecciones 2015","link":"http:\/\/www.24baires.com\/?cat=74"},"img":{"alt_text":"","src":"","width":0,"height":0},"classes":[]},{"id":5115,"url":"http:\/\/www.24baires.com\/?p=5115","url_meta":{"origin":75019,"position":2},"title":"Garr\u00e9: \u201cYo no digo que esta no sea una sociedad con dosis de inseguridad\u201d","author":"AF","date":"12\/11\/2012","format":false,"excerpt":"La ministra de Seguridad, Nilda Garr\u00e9, se refiri\u00f3 a la inseguridad y dijo sentir \u201ccierta culpa\u201d pero se\u00f1al\u00f3 que el aumento del delito se registr\u00f3 en los 90\u00b4. La ministra de Seguridad, Nilda Garr\u00e9, se\u00f1al\u00f3 que si bien aument\u00f3 \u201cla violencia\u201d en los hechos delictivos hay una \u201cinstalaci\u00f3n medi\u00e1tica de\u2026","rel":"","context":"En \u00abPol\u00edtica\u00bb","block_context":{"text":"Pol\u00edtica","link":"http:\/\/www.24baires.com\/?cat=51"},"img":{"alt_text":"","src":"","width":0,"height":0},"classes":[]},{"id":32929,"url":"http:\/\/www.24baires.com\/?p=32929","url_meta":{"origin":75019,"position":3},"title":"La ministra Garr\u00e9 destac\u00f3 la \u00abcontundente orientaci\u00f3n\u00bb de la pol\u00edtica exterior","author":"AF","date":"03\/10\/2013","format":false,"excerpt":"La embajadora argentina ante la OEA, Nilda Garr\u00e9, destac\u00f3 que \"la contundente orientaci\u00f3n\" de la pol\u00edtica exterior nacional \"es producto de una lectura coherente y racional de los desaf\u00edos del escenario global\". Garr\u00e9 se refiri\u00f3 al discurso de la presidenta Cristina Fern\u00e1ndez de Kirchner de la semana pasada en la\u2026","rel":"","context":"En \u00abPol\u00edtica\u00bb","block_context":{"text":"Pol\u00edtica","link":"http:\/\/www.24baires.com\/?cat=51"},"img":{"alt_text":"nilda garr\u00e9","src":"https:\/\/i0.wp.com\/www.24baires.com\/wp-content\/uploads\/2013\/10\/nilda-garr%C3%A9-300x212.jpg?resize=350%2C200","width":350,"height":200},"classes":[]},{"id":24757,"url":"http:\/\/www.24baires.com\/?p=24757","url_meta":{"origin":75019,"position":4},"title":"Arturo Puricelli nuevo Ministro de Seguridad y Agust\u00edn Rossi va a Defensa","author":"Grupo Sierra","date":"30\/05\/2013","format":false,"excerpt":"Lo anunci\u00f3 el secretario de Comunicaci\u00f3n P\u00fablica, Alfredo Scoccimarro. Adem\u00e1s, Nilda Garr\u00e9, quien deja la cartera de Seguridad, fue designada como embajadora ante la Organizaci\u00f3n de Estados Americanos (OEA). En tanto, Nilda Garr\u00e9, quien deja la cartera de Seguridad en manos de Puricelli, pasar\u00e1 a revestir como nueva embajadora argentina\u2026","rel":"","context":"En \u00abPol\u00edtica\u00bb","block_context":{"text":"Pol\u00edtica","link":"http:\/\/www.24baires.com\/?cat=51"},"img":{"alt_text":"","src":"","width":0,"height":0},"classes":[]},{"id":120226,"url":"http:\/\/www.24baires.com\/?p=120226","url_meta":{"origin":75019,"position":5},"title":"Cristina recibi\u00f3 a Scioli: \u201cA seguir trabajando, que es lo que hay que hacer\u201d","author":"AF","date":"28\/06\/2023","format":false,"excerpt":"\"Hablamos mucho, con sinceridad y con el respeto de siempre. Me transmiti\u00f3 que su vocaci\u00f3n es ayudar y colaborar como un compa\u00f1ero m\u00e1s\", asegur\u00f3 a trav\u00e9s de las redes sociales la Vicepresidenta sobre el encuentro. La Vicepresidenta Cristina Fern\u00e1ndez de Kirchner public\u00f3 en redes sociales una foto con el embajador\u2026","rel":"","context":"En \u00abPol\u00edtica\u00bb","block_context":{"text":"Pol\u00edtica","link":"http:\/\/www.24baires.com\/?cat=51"},"img":{"alt_text":"","src":"https:\/\/i0.wp.com\/www.24baires.com\/wp-content\/uploads\/2023\/06\/WhatsApp-Image-2023-06-28-at-23.30.42.jpeg?resize=350%2C200","width":350,"height":200,"srcset":"https:\/\/i0.wp.com\/www.24baires.com\/wp-content\/uploads\/2023\/06\/WhatsApp-Image-2023-06-28-at-23.30.42.jpeg?resize=350%2C200 1x, https:\/\/i0.wp.com\/www.24baires.com\/wp-content\/uploads\/2023\/06\/WhatsApp-Image-2023-06-28-at-23.30.42.jpeg?resize=525%2C300 1.5x, https:\/\/i0.wp.com\/www.24baires.com\/wp-content\/uploads\/2023\/06\/WhatsApp-Image-2023-06-28-at-23.30.42.jpeg?resize=700%2C400 2x"},"classes":[]}],"jetpack_sharing_enabled":true,"jetpack_likes_enabled":true,"jetpack_featured_media_url":"","_links":{"self":[{"href":"http:\/\/www.24baires.com\/index.php?rest_route=\/wp\/v2\/posts\/75019","targetHints":{"allow":["GET"]}}],"collection":[{"href":"http:\/\/www.24baires.com\/index.php?rest_route=\/wp\/v2\/posts"}],"about":[{"href":"http:\/\/www.24baires.com\/index.php?rest_route=\/wp\/v2\/types\/post"}],"author":[{"embeddable":true,"href":"http:\/\/www.24baires.com\/index.php?rest_route=\/wp\/v2\/users\/8"}],"replies":[{"embeddable":true,"href":"http:\/\/www.24baires.com\/index.php?rest_route=%2Fwp%2Fv2%2Fcomments&post=75019"}],"version-history":[{"count":1,"href":"http:\/\/www.24baires.com\/index.php?rest_route=\/wp\/v2\/posts\/75019\/revisions"}],"predecessor-version":[{"id":75020,"href":"http:\/\/www.24baires.com\/index.php?rest_route=\/wp\/v2\/posts\/75019\/revisions\/75020"}],"wp:attachment":[{"href":"http:\/\/www.24baires.com\/index.php?rest_route=%2Fwp%2Fv2%2Fmedia&parent=75019"}],"wp:term":[{"taxonomy":"category","embeddable":true,"href":"http:\/\/www.24baires.com\/index.php?rest_route=%2Fwp%2Fv2%2Fcategories&post=75019"},{"taxonomy":"post_tag","embeddable":true,"href":"http:\/\/www.24baires.com\/index.php?rest_route=%2Fwp%2Fv2%2Ftags&post=75019"}],"curies":[{"name":"wp","href":"https:\/\/api.w.org\/{rel}","templated":true}]}}