{"id":75012,"date":"2015-11-13T15:00:14","date_gmt":"2015-11-13T18:00:14","guid":{"rendered":"http:\/\/www.24baires.com\/?p=75012"},"modified":"2015-11-13T13:11:19","modified_gmt":"2015-11-13T16:11:19","slug":"para-vidal-el-ministro-de-economia-de-macri-sera-lo-menos-relevante","status":"publish","type":"post","link":"http:\/\/www.24baires.com\/?p=75012","title":{"rendered":"Para Vidal, el ministro de Econom\u00eda de Macri ser\u00e1 \u201clo menos relevante\u201d"},"content":{"rendered":"<p><img data-recalc-dims=\"1\" loading=\"lazy\" decoding=\"async\" class=\"aligncenter size-full wp-image-45242\" src=\"https:\/\/i0.wp.com\/www.24baires.com\/wp-content\/uploads\/2014\/05\/vidal2.jpg?resize=560%2C313\" alt=\"vidal\" width=\"560\" height=\"313\" srcset=\"https:\/\/i0.wp.com\/www.24baires.com\/wp-content\/uploads\/2014\/05\/vidal2.jpg?w=560 560w, https:\/\/i0.wp.com\/www.24baires.com\/wp-content\/uploads\/2014\/05\/vidal2.jpg?resize=300%2C167 300w\" sizes=\"auto, (max-width: 560px) 100vw, 560px\" \/>Bajo la consigna de que el cambio se basa en \u00abcambiar la forma de hacer pol\u00edtica evitando las confrontaciones\u00bb, Vidal dijo en declaraciones a radio Vorterix que \u00abya hay un clima de renovaci\u00f3n y hacia el 22 tenemos una gran oportunidad con Mauricio para trabajar en conjunto\u00bb, en referencia a la suma del poder estatal que mantendr\u00eda Cambiemos ante un eventual triunfo del saliente jefe de Gobierno porte\u00f1o en el balotaje del 22, donde competir\u00e1 con el candidato del Frente para la Victoria, Daniel Scioli; sumado que en la Ciudad tambi\u00e9n gobernar\u00e1 el mismo cuadro pol\u00edtico.<!--more--><\/p>\n<p>Vidal adelant\u00f3 que \u00abpara Mauricio el Ministerio de Econom\u00eda no va a ser el m\u00e1s relevante. Ser\u00e1 menos relevante que el de Educaci\u00f3n, o que el de lucha contra el narcotr\u00e1fico\u00bb.<\/p>\n<p>Cuando le recordaron que &#8216;sin Presupuesto no se puede ejecutar pol\u00edticas&#8217;, respondi\u00f3: \u00abYo hace tres semanas vi que no hab\u00eda expectativa de viajes y ahora todo cambi\u00f3. Se est\u00e1 recuperando la confianza con que Mauricio sea presidente y eso va a mejorar el clima econ\u00f3mico\u00bb.<\/p>\n<p>Tambi\u00e9n argument\u00f3 con que \u00abhay gente que esper\u00f3 para abrir un negocio porque no tiene confianza y en cambio ahora ya lo est\u00e1 por hacer\u00bb.<\/p>\n<p>Sobre el manejo econ\u00f3mico de la provincia de Buenos Aires dijo que \u00abtenemos que conocer el Estado actual de la caja, todav\u00eda no nos informaron al respecto, pero nuestra perspectiva es pesimista, creemos que vamos a heredar una provincia con d\u00e9ficit alto\u00bb.<\/p>\n<p>Asimismo manifest\u00f3 que en materia de seguridad \u00abla situaci\u00f3n actual amerita volver a decretar la emergencia\u00bb y que quien ser\u00e1 su ministro del \u00e1rea, Cristian Ritondo, \u00abya est\u00e1 teniendo reuniones con Alejandro Granados\u00bb, el saliente ministro de Seguridad de Scioli.<\/p>\n","protected":false},"excerpt":{"rendered":"<p>Bajo la consigna de que el cambio se basa en \u00abcambiar la forma de hacer pol\u00edtica evitando las confrontaciones\u00bb, Vidal dijo en declaraciones a radio Vorterix que \u00abya hay un clima de renovaci\u00f3n y hacia el 22 tenemos una gran oportunidad con Mauricio para trabajar en conjunto\u00bb, en referencia a la suma del poder estatal que mantendr\u00eda Cambiemos ante un [&#8230;]<\/p>\n","protected":false},"author":8,"featured_media":0,"comment_status":"open","ping_status":"open","sticky":false,"template":"","format":"standard","meta":{"_jetpack_newsletter_access":"","_jetpack_dont_email_post_to_subs":false,"_jetpack_newsletter_tier_id":0,"_jetpack_memberships_contains_paywalled_content":false,"_jetpack_memberships_contains_paid_content":false,"footnotes":""},"categories":[51],"tags":[],"class_list":["post-75012","post","type-post","status-publish","format-standard","hentry","category-politica"],"jetpack_shortlink":"https:\/\/wp.me\/p2JWE0-jvS","jetpack-related-posts":[{"id":111295,"url":"http:\/\/www.24baires.com\/?p=111295","url_meta":{"origin":75012,"position":0},"title":"Cristina lidera el r\u00e1nking de imagen positiva entre j\u00f3venes de 18 a 22 a\u00f1os","author":"AF","date":"23\/07\/2019","format":false,"excerpt":"Detr\u00e1s de la senadora, que tiene 43 puntos, se ubica Mar\u00eda Eugenia Vidal, con 32 puntos. Seg\u00fan un relevamiento de Ipsos Argentina, Mauricio Macri es el de peor reputaci\u00f3n. La precandidata a vice del Frente de Todos, Cristina Kirchner, es la dirigente con mayor imagen positiva entre los j\u00f3venes de\u2026","rel":"","context":"En \u00abPol\u00edtica\u00bb","block_context":{"text":"Pol\u00edtica","link":"http:\/\/www.24baires.com\/?cat=51"},"img":{"alt_text":"","src":"https:\/\/i0.wp.com\/www.24baires.com\/wp-content\/uploads\/2019\/07\/Cristina.jpg?resize=350%2C200","width":350,"height":200,"srcset":"https:\/\/i0.wp.com\/www.24baires.com\/wp-content\/uploads\/2019\/07\/Cristina.jpg?resize=350%2C200 1x, https:\/\/i0.wp.com\/www.24baires.com\/wp-content\/uploads\/2019\/07\/Cristina.jpg?resize=525%2C300 1.5x"},"classes":[]},{"id":112448,"url":"http:\/\/www.24baires.com\/?p=112448","url_meta":{"origin":75012,"position":1},"title":"Vidal ya piensa en la transici\u00f3n con Kicillof","author":"AF","date":"10\/10\/2019","format":false,"excerpt":"La gobernadora de Buenos Aires, Mar\u00eda Eugenia Vidal, tambi\u00e9n reconoci\u00f3 los efectos de la gesti\u00f3n de Cambiemos en su distrito. \u201cLa econom\u00eda fue mucho m\u00e1s dif\u00edcil de lo que se esperaba\", dijo. La gobernadora bonaerense Mar\u00eda Eugenia Vidal admiti\u00f3 que una posible derrota frente al candidato del Frente de Todos,\u2026","rel":"","context":"En \u00abPol\u00edtica\u00bb","block_context":{"text":"Pol\u00edtica","link":"http:\/\/www.24baires.com\/?cat=51"},"img":{"alt_text":"","src":"https:\/\/i0.wp.com\/www.24baires.com\/wp-content\/uploads\/2019\/10\/vidal-kicillof.jpg?resize=350%2C200","width":350,"height":200,"srcset":"https:\/\/i0.wp.com\/www.24baires.com\/wp-content\/uploads\/2019\/10\/vidal-kicillof.jpg?resize=350%2C200 1x, https:\/\/i0.wp.com\/www.24baires.com\/wp-content\/uploads\/2019\/10\/vidal-kicillof.jpg?resize=525%2C300 1.5x"},"classes":[]},{"id":107855,"url":"http:\/\/www.24baires.com\/?p=107855","url_meta":{"origin":75012,"position":2},"title":"Los marplatenses consideran a Vidal como la candidata de mejor imagen","author":"GB","date":"27\/04\/2019","format":false,"excerpt":"La consultora CEPEI realiz\u00f3 una encuesta con el fin de mapear el escenario electoral 2019, midiendo distintos posibles candidatos. Existe un gran escepticismo y enojo generalizado, ya que en todos los casos la imagen negativa supera a la positiva. Durante el mes de marzo del 2019 la consultora CEPEI realiz\u00f3\u2026","rel":"","context":"En \u00abPol\u00edtica\u00bb","block_context":{"text":"Pol\u00edtica","link":"http:\/\/www.24baires.com\/?cat=51"},"img":{"alt_text":"","src":"https:\/\/i0.wp.com\/www.24baires.com\/wp-content\/uploads\/2019\/04\/encuestra-cepei.jpg?resize=350%2C200","width":350,"height":200,"srcset":"https:\/\/i0.wp.com\/www.24baires.com\/wp-content\/uploads\/2019\/04\/encuestra-cepei.jpg?resize=350%2C200 1x, https:\/\/i0.wp.com\/www.24baires.com\/wp-content\/uploads\/2019\/04\/encuestra-cepei.jpg?resize=525%2C300 1.5x"},"classes":[]},{"id":113307,"url":"http:\/\/www.24baires.com\/?p=113307","url_meta":{"origin":75012,"position":3},"title":"Cicop espera que el nuevo gobierno revierta la \u201cdeficitaria\u201d de Vidal","author":"GB","date":"09\/12\/2019","format":false,"excerpt":"El gremio que agrupa a m\u00e9dicos y profesionales de la salud bonaerenses realizaron cr\u00edticas a Cambiemos. A horas de que se produzca el cambio de mando tanto a nivel nacional como en la provincia de Buenos Aires, desde Cicop realizar un balance sobre la gesti\u00f3n de la gobernadora Mar\u00eda Eugenia\u2026","rel":"","context":"En \u00abProvincia\u00bb","block_context":{"text":"Provincia","link":"http:\/\/www.24baires.com\/?cat=40"},"img":{"alt_text":"","src":"https:\/\/i0.wp.com\/www.24baires.com\/wp-content\/uploads\/2019\/04\/cicop-salud.jpg?resize=350%2C200","width":350,"height":200,"srcset":"https:\/\/i0.wp.com\/www.24baires.com\/wp-content\/uploads\/2019\/04\/cicop-salud.jpg?resize=350%2C200 1x, https:\/\/i0.wp.com\/www.24baires.com\/wp-content\/uploads\/2019\/04\/cicop-salud.jpg?resize=525%2C300 1.5x"},"classes":[]},{"id":113196,"url":"http:\/\/www.24baires.com\/?p=113196","url_meta":{"origin":75012,"position":4},"title":"Vidal reivindic\u00f3 el liderazgo pol\u00edtico de Cristina","author":"AF","date":"29\/11\/2019","format":false,"excerpt":"Ante la Asociaci\u00f3n Cristiana de Dirigentes de Empresas, Vidal cuestion\u00f3 que Cristina no fuera invitada a un seminario sobre \"Liderazgo femenino\". La gobernadora saliente de la provincia de Buenos Aires, Mar\u00eda Eugenia Vidal, reivindic\u00f3 este viernes el liderazgo de la vicepresidenta electa de la Naci\u00f3n, Cristina Kirchner, ante un auditorio\u2026","rel":"","context":"En \u00abPol\u00edtica\u00bb","block_context":{"text":"Pol\u00edtica","link":"http:\/\/www.24baires.com\/?cat=51"},"img":{"alt_text":"","src":"https:\/\/i0.wp.com\/www.24baires.com\/wp-content\/uploads\/2019\/10\/voto-vidal.jpg?resize=350%2C200","width":350,"height":200,"srcset":"https:\/\/i0.wp.com\/www.24baires.com\/wp-content\/uploads\/2019\/10\/voto-vidal.jpg?resize=350%2C200 1x, https:\/\/i0.wp.com\/www.24baires.com\/wp-content\/uploads\/2019\/10\/voto-vidal.jpg?resize=525%2C300 1.5x"},"classes":[]},{"id":105347,"url":"http:\/\/www.24baires.com\/?p=105347","url_meta":{"origin":75012,"position":5},"title":"Vidal insiste en aclarar que no ser\u00e1 candidata presidencial en 2019","author":"AF","date":"08\/11\/2018","format":false,"excerpt":"A dos d\u00edas de que el presidente Mauricio Macri expresara su deseo de pelear por la reelecci\u00f3n, la gobernadora Mar\u00eda Eugenia Vidal se corri\u00f3 de su camino y rechaz\u00f3 los rumores que hablaban de una potencial candidatura presidencial ante el aumento de imagen negativa del mandatario. \"Candidata a Presidenta es\u2026","rel":"","context":"En \u00abPol\u00edtica\u00bb","block_context":{"text":"Pol\u00edtica","link":"http:\/\/www.24baires.com\/?cat=51"},"img":{"alt_text":"","src":"https:\/\/i0.wp.com\/www.24baires.com\/wp-content\/uploads\/2018\/11\/vidal.jpg?resize=350%2C200","width":350,"height":200,"srcset":"https:\/\/i0.wp.com\/www.24baires.com\/wp-content\/uploads\/2018\/11\/vidal.jpg?resize=350%2C200 1x, https:\/\/i0.wp.com\/www.24baires.com\/wp-content\/uploads\/2018\/11\/vidal.jpg?resize=525%2C300 1.5x"},"classes":[]}],"jetpack_sharing_enabled":true,"jetpack_likes_enabled":true,"jetpack_featured_media_url":"","_links":{"self":[{"href":"http:\/\/www.24baires.com\/index.php?rest_route=\/wp\/v2\/posts\/75012","targetHints":{"allow":["GET"]}}],"collection":[{"href":"http:\/\/www.24baires.com\/index.php?rest_route=\/wp\/v2\/posts"}],"about":[{"href":"http:\/\/www.24baires.com\/index.php?rest_route=\/wp\/v2\/types\/post"}],"author":[{"embeddable":true,"href":"http:\/\/www.24baires.com\/index.php?rest_route=\/wp\/v2\/users\/8"}],"replies":[{"embeddable":true,"href":"http:\/\/www.24baires.com\/index.php?rest_route=%2Fwp%2Fv2%2Fcomments&post=75012"}],"version-history":[{"count":1,"href":"http:\/\/www.24baires.com\/index.php?rest_route=\/wp\/v2\/posts\/75012\/revisions"}],"predecessor-version":[{"id":75013,"href":"http:\/\/www.24baires.com\/index.php?rest_route=\/wp\/v2\/posts\/75012\/revisions\/75013"}],"wp:attachment":[{"href":"http:\/\/www.24baires.com\/index.php?rest_route=%2Fwp%2Fv2%2Fmedia&parent=75012"}],"wp:term":[{"taxonomy":"category","embeddable":true,"href":"http:\/\/www.24baires.com\/index.php?rest_route=%2Fwp%2Fv2%2Fcategories&post=75012"},{"taxonomy":"post_tag","embeddable":true,"href":"http:\/\/www.24baires.com\/index.php?rest_route=%2Fwp%2Fv2%2Ftags&post=75012"}],"curies":[{"name":"wp","href":"https:\/\/api.w.org\/{rel}","templated":true}]}}