{"id":74995,"date":"2015-11-13T10:30:56","date_gmt":"2015-11-13T13:30:56","guid":{"rendered":"http:\/\/www.24baires.com\/?p=74995"},"modified":"2015-11-14T12:44:26","modified_gmt":"2015-11-14T15:44:26","slug":"ellos-quieren-ajustar-y-nivelar-para-abajo-y-yo-quiero-nivelar-para-arriba","status":"publish","type":"post","link":"http:\/\/www.24baires.com\/?p=74995","title":{"rendered":"\u201cEllos quieren ajustar y nivelar para abajo y yo quiero nivelar para arriba\u201d"},"content":{"rendered":"<p><img data-recalc-dims=\"1\" loading=\"lazy\" decoding=\"async\" src=\"https:\/\/i0.wp.com\/www.24baires.com\/wp-content\/uploads\/2015\/11\/scioli-campa%C3%B1a.jpg?resize=560%2C413\" alt=\"scioli campa\u00f1a\" width=\"560\" height=\"413\" class=\"aligncenter size-full wp-image-74802\" srcset=\"https:\/\/i0.wp.com\/www.24baires.com\/wp-content\/uploads\/2015\/11\/scioli-campa%C3%B1a.jpg?w=560 560w, https:\/\/i0.wp.com\/www.24baires.com\/wp-content\/uploads\/2015\/11\/scioli-campa%C3%B1a.jpg?resize=300%2C221 300w\" sizes=\"auto, (max-width: 560px) 100vw, 560px\" \/>El candidato presidencial del FpV fustig\u00f3 hoy las pol\u00edticas econ\u00f3micas de Cambiemos que plantean ajustes para que \u201clos n\u00fameros cierren como sea\u201d. \u201cNo caigamos otra vez en la devaluaci\u00f3n ni en las recetas ortodoxas del FMI\u201d, pidi\u00f3.<!--more--><\/p>\n<p>En di\u00e1logo con radio Mitre,  el gobernador bonaerense  recalc\u00f3 que mientras que a \u00e9l le \u201cpreocupa cuidar el bolsillo de la gente, las pymes y la industria\u201d, a su contrincante de Cambiemos s\u00f3lo le importa que los \u201cn\u00fameros cierren\u201d. <\/p>\n<p>\u201cA m\u00ed me preocupa  lo que entiendo que es  mejor para la Argentina, que no es encarar los n\u00fameros c\u00f3mo sea, para que los n\u00fameros cierren\u201d, enfatiz\u00f3 el candidato del FpV.<\/p>\n<p>En ese sentido, insisti\u00f3:  \u201cNo caigamos otra vez que la devaluaci\u00f3n como propone Cambiemos, cuyos economistas  Macri los mand\u00f3 a esconder\u201d.<\/p>\n<p>Scioli critic\u00f3 que Macri proponga una devaluaci\u00f3n con  d\u00f3lar de 15 pesos   y aplicar una pl\u00edtica de ajuste como ya han preanunciado sus principales economistas.   <\/p>\n<p>\u201cYa estamos viendo lo que pasa con la especulaci\u00f3n de poner un d\u00f3lar a 15 pesos. Un claro ejemplo son las agencias de turismo, que est\u00e1n frenando todo\u201d.<br \/>\nScioli asever\u00f3 que \u201ctodo  se fue al doble\u201d y todo por estas \u201ct\u00edpicas recetas ortodoxas que impone el Fondo Monetario Internacional\u201d.<\/p>\n<p>\u201cEl FMI te impone estas condiciones,  devaluaci\u00f3n y por consiguiente te llevan todo al doble\u201d, lament\u00f3.<\/p>\n<p>El gobernador recalc\u00f3 que otro ejemplo claro \u2013en ese sentido- es lo que ocurre con \u201clos medicamentos que se fueron al doble\u201d y enfatiz\u00f3 que \u00e9l no quiere \u201cun para\u00edso especulativo sino un para\u00edso productivo\u201d.<\/p>\n<p>\u201cYo quiero que la gente vaya a votar en defensa propia y de un Estado, y no por aquel que deje a la gente en el desamparo, como marca la l\u00f3gica del mercado\u201d, puntualiz\u00f3.<\/p>\n","protected":false},"excerpt":{"rendered":"<p>El candidato presidencial del FpV fustig\u00f3 hoy las pol\u00edticas econ\u00f3micas de Cambiemos que plantean ajustes para que \u201clos n\u00fameros cierren como sea\u201d. \u201cNo caigamos otra vez en la devaluaci\u00f3n ni en las recetas ortodoxas del FMI\u201d, pidi\u00f3.<\/p>\n","protected":false},"author":8,"featured_media":0,"comment_status":"open","ping_status":"open","sticky":false,"template":"","format":"standard","meta":{"_jetpack_newsletter_access":"","_jetpack_dont_email_post_to_subs":false,"_jetpack_newsletter_tier_id":0,"_jetpack_memberships_contains_paywalled_content":false,"_jetpack_memberships_contains_paid_content":false,"footnotes":""},"categories":[51],"tags":[],"class_list":["post-74995","post","type-post","status-publish","format-standard","hentry","category-politica"],"jetpack_shortlink":"https:\/\/wp.me\/p2JWE0-jvB","jetpack-related-posts":[{"id":75138,"url":"http:\/\/www.24baires.com\/?p=75138","url_meta":{"origin":74995,"position":0},"title":"\u201cMacri representa las malas pol\u00edticas, la devaluaci\u00f3n, la quita de subsidios y el ajuste\u201d","author":"AF","date":"17\/11\/2015","format":false,"excerpt":"El candidato a presidente del Frente para la Victoria (FpV), Daniel Scioli, se\u00f1al\u00f3 que \u00e9l es \"la contracara\" del su rival del frente Cambiemos. \"La gente no quiere volver al pasado\", asegur\u00f3 el actual gobernador de la provincia de Buenos Aires. El saliente gobernador bonaerense y candidato presidencial se diferenci\u00f3\u2026","rel":"","context":"En \u00abElecciones 2015\u00bb","block_context":{"text":"Elecciones 2015","link":"http:\/\/www.24baires.com\/?cat=74"},"img":{"alt_text":"","src":"https:\/\/i0.wp.com\/www.24baires.com\/wp-content\/uploads\/2015\/11\/scioli-caravana.jpg?resize=350%2C200","width":350,"height":200},"classes":[]},{"id":75154,"url":"http:\/\/www.24baires.com\/?p=75154","url_meta":{"origin":74995,"position":1},"title":"\u00abA medida que Cambiemos define medidas econ\u00f3micas, la gente se aleja m\u00e1s de ellos\u00bb","author":"AF","date":"17\/11\/2015","format":false,"excerpt":"El candidato presidencial del Frente para la Victoria, Daniel Scioli, sostuvo hoy que esa es la raz\u00f3n por la que los economistas de Cambiemos dejaron de hacer declaraciones p\u00fablicas sobre econom\u00eda como estrategia de campa\u00f1a. El gobernador bonaerense remarc\u00f3 que el espacio que encabeza su oponente Mauricio Macri \"dice que\u2026","rel":"","context":"En \u00abElecciones 2015\u00bb","block_context":{"text":"Elecciones 2015","link":"http:\/\/www.24baires.com\/?cat=74"},"img":{"alt_text":"scioli la matanza1","src":"https:\/\/i0.wp.com\/www.24baires.com\/wp-content\/uploads\/2015\/11\/scioli-la-matanza1.jpg?resize=350%2C200","width":350,"height":200,"srcset":"https:\/\/i0.wp.com\/www.24baires.com\/wp-content\/uploads\/2015\/11\/scioli-la-matanza1.jpg?resize=350%2C200 1x, https:\/\/i0.wp.com\/www.24baires.com\/wp-content\/uploads\/2015\/11\/scioli-la-matanza1.jpg?resize=525%2C300 1.5x"},"classes":[]},{"id":74277,"url":"http:\/\/www.24baires.com\/?p=74277","url_meta":{"origin":74995,"position":2},"title":"\u00abEl cambio, para Macri, es que todo vuelva a estar en manos del mercado\u00bb","author":"AF","date":"28\/10\/2015","format":false,"excerpt":"El candidato a presidente por el Frente Para la Victoria, Daniel Scioli, dijo hoy que su contrincante de Cambiemos \"tiene una mirada privatizadora\" e insisti\u00f3 en que \"entusiasma la palabra cambio, pero la discusi\u00f3n que tiene que dar la sociedad es qu\u00e9 tipo de cambio queremos\". \"Hay grandes diferencias en\u2026","rel":"","context":"En \u00abElecciones 2015\u00bb","block_context":{"text":"Elecciones 2015","link":"http:\/\/www.24baires.com\/?cat=74"},"img":{"alt_text":"scioli cierre campa\u00f1a","src":"https:\/\/i0.wp.com\/www.24baires.com\/wp-content\/uploads\/2015\/08\/scioli-cierre-campa%C3%B1a.jpg?resize=350%2C200","width":350,"height":200,"srcset":"https:\/\/i0.wp.com\/www.24baires.com\/wp-content\/uploads\/2015\/08\/scioli-cierre-campa%C3%B1a.jpg?resize=350%2C200 1x, https:\/\/i0.wp.com\/www.24baires.com\/wp-content\/uploads\/2015\/08\/scioli-cierre-campa%C3%B1a.jpg?resize=525%2C300 1.5x"},"classes":[]},{"id":71689,"url":"http:\/\/www.24baires.com\/?p=71689","url_meta":{"origin":74995,"position":3},"title":"\u00abMacri quiere gobernar para unos pocos\u00bb","author":"AF","date":"05\/09\/2015","format":false,"excerpt":"El gobernador bonaerense y candidato presidencial por el FpV habl\u00f3 al cerrar en Mar del Plata el encuentro provincial del PJ bonaerense. Advirti\u00f3 que Macri \"quiere tomar el camino de pol\u00edticas de falso atajo como la devaluaci\u00f3n para gobernar para pocos\". \"En un contexto de incertidumbre global hay que fortalecer\u2026","rel":"","context":"En \u00abPol\u00edtica\u00bb","block_context":{"text":"Pol\u00edtica","link":"http:\/\/www.24baires.com\/?cat=51"},"img":{"alt_text":"scioli cierre campa\u00f1a","src":"https:\/\/i0.wp.com\/www.24baires.com\/wp-content\/uploads\/2015\/08\/scioli-cierre-campa%C3%B1a.jpg?resize=350%2C200","width":350,"height":200,"srcset":"https:\/\/i0.wp.com\/www.24baires.com\/wp-content\/uploads\/2015\/08\/scioli-cierre-campa%C3%B1a.jpg?resize=350%2C200 1x, https:\/\/i0.wp.com\/www.24baires.com\/wp-content\/uploads\/2015\/08\/scioli-cierre-campa%C3%B1a.jpg?resize=525%2C300 1.5x"},"classes":[]},{"id":75214,"url":"http:\/\/www.24baires.com\/?p=75214","url_meta":{"origin":74995,"position":4},"title":"Scioli prometi\u00f3 que si gana \u201cno aumentar\u00e1 el gas, la electricidad ni el transporte\u201d","author":"AF","date":"18\/11\/2015","format":false,"excerpt":"El candidato a presidente por el Frente para la Victoria (FpV) afirm\u00f3 que va a \u201cmantener los subsidios\u201d y cuestion\u00f3 a Mauricio Macri, que \u201cacomoda su discurso\u201d para \u201cagradar a la gente\u201d, cuando en realidad lo que busca es \u201cdevaluar, ajustar y quitar subsidios\u201d. \u201cVoy a mantener los subsidios, y\u2026","rel":"","context":"En \u00abElecciones 2015\u00bb","block_context":{"text":"Elecciones 2015","link":"http:\/\/www.24baires.com\/?cat=74"},"img":{"alt_text":"scioli rabolini","src":"https:\/\/i0.wp.com\/www.24baires.com\/wp-content\/uploads\/2015\/10\/scioli-rabolini.jpg?resize=350%2C200","width":350,"height":200,"srcset":"https:\/\/i0.wp.com\/www.24baires.com\/wp-content\/uploads\/2015\/10\/scioli-rabolini.jpg?resize=350%2C200 1x, https:\/\/i0.wp.com\/www.24baires.com\/wp-content\/uploads\/2015\/10\/scioli-rabolini.jpg?resize=525%2C300 1.5x"},"classes":[]},{"id":74525,"url":"http:\/\/www.24baires.com\/?p=74525","url_meta":{"origin":74995,"position":5},"title":"Scioli: \u201cSi hay un espacio pol\u00edtico que cambi\u00f3 la Argentina, es precisamente el nuestro\u201d","author":"AF","date":"03\/11\/2015","format":false,"excerpt":"El candidato a presidente del Frente Para la Victoria, Daniel Scioli, afirm\u00f3 hoy que desde Cambiemos \"se incomodan cuando empieza a desenmascararse qu\u00e9 hay detr\u00e1s de la palabra cambio\". \"Si hay un espacio pol\u00edtico que cambi\u00f3 la Argentina, es precisamente el nuestro, que transform\u00f3 el pa\u00eds con conquistas. Los que\u2026","rel":"","context":"En \u00abElecciones 2015\u00bb","block_context":{"text":"Elecciones 2015","link":"http:\/\/www.24baires.com\/?cat=74"},"img":{"alt_text":"scioli rabolini","src":"https:\/\/i0.wp.com\/www.24baires.com\/wp-content\/uploads\/2015\/10\/scioli-rabolini.jpg?resize=350%2C200","width":350,"height":200,"srcset":"https:\/\/i0.wp.com\/www.24baires.com\/wp-content\/uploads\/2015\/10\/scioli-rabolini.jpg?resize=350%2C200 1x, https:\/\/i0.wp.com\/www.24baires.com\/wp-content\/uploads\/2015\/10\/scioli-rabolini.jpg?resize=525%2C300 1.5x"},"classes":[]}],"jetpack_sharing_enabled":true,"jetpack_likes_enabled":true,"jetpack_featured_media_url":"","_links":{"self":[{"href":"http:\/\/www.24baires.com\/index.php?rest_route=\/wp\/v2\/posts\/74995","targetHints":{"allow":["GET"]}}],"collection":[{"href":"http:\/\/www.24baires.com\/index.php?rest_route=\/wp\/v2\/posts"}],"about":[{"href":"http:\/\/www.24baires.com\/index.php?rest_route=\/wp\/v2\/types\/post"}],"author":[{"embeddable":true,"href":"http:\/\/www.24baires.com\/index.php?rest_route=\/wp\/v2\/users\/8"}],"replies":[{"embeddable":true,"href":"http:\/\/www.24baires.com\/index.php?rest_route=%2Fwp%2Fv2%2Fcomments&post=74995"}],"version-history":[{"count":1,"href":"http:\/\/www.24baires.com\/index.php?rest_route=\/wp\/v2\/posts\/74995\/revisions"}],"predecessor-version":[{"id":74996,"href":"http:\/\/www.24baires.com\/index.php?rest_route=\/wp\/v2\/posts\/74995\/revisions\/74996"}],"wp:attachment":[{"href":"http:\/\/www.24baires.com\/index.php?rest_route=%2Fwp%2Fv2%2Fmedia&parent=74995"}],"wp:term":[{"taxonomy":"category","embeddable":true,"href":"http:\/\/www.24baires.com\/index.php?rest_route=%2Fwp%2Fv2%2Fcategories&post=74995"},{"taxonomy":"post_tag","embeddable":true,"href":"http:\/\/www.24baires.com\/index.php?rest_route=%2Fwp%2Fv2%2Ftags&post=74995"}],"curies":[{"name":"wp","href":"https:\/\/api.w.org\/{rel}","templated":true}]}}