{"id":74961,"date":"2015-11-12T14:30:12","date_gmt":"2015-11-12T17:30:12","guid":{"rendered":"http:\/\/www.24baires.com\/?p=74961"},"modified":"2015-11-13T13:36:33","modified_gmt":"2015-11-13T16:36:33","slug":"cristina-se-reune-con-la-presidente-del-senado-ruso-en-casa-de-gobierno","status":"publish","type":"post","link":"http:\/\/www.24baires.com\/?p=74961","title":{"rendered":"Cristina se re\u00fane con la presidente del Senado ruso en Casa de Gobierno"},"content":{"rendered":"<p><img data-recalc-dims=\"1\" loading=\"lazy\" decoding=\"async\" class=\"aligncenter size-full wp-image-74963\" src=\"https:\/\/i0.wp.com\/www.24baires.com\/wp-content\/uploads\/2015\/11\/cristina-senado-ruso.jpg?resize=560%2C372\" alt=\"cristina senado ruso\" width=\"560\" height=\"372\" srcset=\"https:\/\/i0.wp.com\/www.24baires.com\/wp-content\/uploads\/2015\/11\/cristina-senado-ruso.jpg?w=560 560w, https:\/\/i0.wp.com\/www.24baires.com\/wp-content\/uploads\/2015\/11\/cristina-senado-ruso.jpg?resize=300%2C199 300w\" sizes=\"auto, (max-width: 560px) 100vw, 560px\" \/>La presidenta Cristina Fern\u00e1ndez de Kirchner manten\u00eda un encuentro con la titular del Consejo de la Federaci\u00f3n de Rusia, Valentina Matvienko. La reuni\u00f3n se lleva a cabo en el despacho de la jefa de Estado.<!--more--><\/p>\n","protected":false},"excerpt":{"rendered":"<p>La presidenta Cristina Fern\u00e1ndez de Kirchner manten\u00eda un encuentro con la titular del Consejo de la Federaci\u00f3n de Rusia, Valentina Matvienko. La reuni\u00f3n se lleva a cabo en el despacho de la jefa de Estado.<\/p>\n","protected":false},"author":8,"featured_media":0,"comment_status":"open","ping_status":"open","sticky":false,"template":"","format":"standard","meta":{"_jetpack_newsletter_access":"","_jetpack_dont_email_post_to_subs":false,"_jetpack_newsletter_tier_id":0,"_jetpack_memberships_contains_paywalled_content":false,"_jetpack_memberships_contains_paid_content":false,"footnotes":""},"categories":[51],"tags":[],"class_list":["post-74961","post","type-post","status-publish","format-standard","hentry","category-politica"],"jetpack_shortlink":"https:\/\/wp.me\/p2JWE0-jv3","jetpack-related-posts":[{"id":104150,"url":"http:\/\/www.24baires.com\/?p=104150","url_meta":{"origin":74961,"position":0},"title":"Bonadio orden\u00f3 devolverle los bastones presidenciales a Cristina","author":"AF","date":"28\/08\/2018","format":false,"excerpt":"Se secuestraron dentro de un centenar de objetos, en el Calafate. Ahora, el magistrado determin\u00f3 que regresen a manos de la ex Presidenta porque \"no es de utilidad para la causa\", seg\u00fan fuentes de Comodoro Py. Despu\u00e9s del allanamiento y secuestro de bastones presidenciales realizado por el juez federal Claudio\u2026","rel":"","context":"En \u00abJUDICIALES\u00bb","block_context":{"text":"JUDICIALES","link":"http:\/\/www.24baires.com\/?cat=68"},"img":{"alt_text":"","src":"https:\/\/i0.wp.com\/www.24baires.com\/wp-content\/uploads\/2018\/08\/afip-calafate.jpg?resize=350%2C200","width":350,"height":200,"srcset":"https:\/\/i0.wp.com\/www.24baires.com\/wp-content\/uploads\/2018\/08\/afip-calafate.jpg?resize=350%2C200 1x, https:\/\/i0.wp.com\/www.24baires.com\/wp-content\/uploads\/2018\/08\/afip-calafate.jpg?resize=525%2C300 1.5x"},"classes":[]},{"id":110768,"url":"http:\/\/www.24baires.com\/?p=110768","url_meta":{"origin":74961,"position":1},"title":"La Justicia le autoriz\u00f3 a Cristina un nuevo viaje a Cuba","author":"AF","date":"12\/06\/2019","format":false,"excerpt":"El tribunal oral le concedi\u00f3 el pedido a la ex presidenta para que est\u00e9 en la isla entre el 2 y el 10 de julio. El Tribunal oral federal 2 autoriz\u00f3 a la ex presidenta Cristina Kirchner a viajar a Cuba a ver a su hija Florencia, entre el 2\u2026","rel":"","context":"En \u00abPol\u00edtica\u00bb","block_context":{"text":"Pol\u00edtica","link":"http:\/\/www.24baires.com\/?cat=51"},"img":{"alt_text":"","src":"https:\/\/i0.wp.com\/www.24baires.com\/wp-content\/uploads\/2017\/09\/cristina.jpg?resize=350%2C200","width":350,"height":200,"srcset":"https:\/\/i0.wp.com\/www.24baires.com\/wp-content\/uploads\/2017\/09\/cristina.jpg?resize=350%2C200 1x, https:\/\/i0.wp.com\/www.24baires.com\/wp-content\/uploads\/2017\/09\/cristina.jpg?resize=525%2C300 1.5x"},"classes":[]},{"id":103901,"url":"http:\/\/www.24baires.com\/?p=103901","url_meta":{"origin":74961,"position":2},"title":"No hubo qu\u00f3rum para definir si se permite allanar domicilios de Cristina","author":"Grupo Sierra","date":"15\/08\/2018","format":false,"excerpt":"El Senado no logr\u00f3 qu\u00f3rum este miercoles para la sesi\u00f3n en la que se iba a tratar el pedido de allanamiento a la ex presidenta Cristina Kirchner. La mayor\u00eda de ellos era de Cambiemos, mientras que buena parte del Bloque Justicialista y la totalidad del Frente para la Victoria estuvo\u2026","rel":"","context":"En \u00abLegislativo\u00bb","block_context":{"text":"Legislativo","link":"http:\/\/www.24baires.com\/?cat=75"},"img":{"alt_text":"","src":"https:\/\/i0.wp.com\/www.24baires.com\/wp-content\/uploads\/2017\/10\/cristina-declara.jpg?resize=350%2C200","width":350,"height":200,"srcset":"https:\/\/i0.wp.com\/www.24baires.com\/wp-content\/uploads\/2017\/10\/cristina-declara.jpg?resize=350%2C200 1x, https:\/\/i0.wp.com\/www.24baires.com\/wp-content\/uploads\/2017\/10\/cristina-declara.jpg?resize=525%2C300 1.5x"},"classes":[]},{"id":113318,"url":"http:\/\/www.24baires.com\/?p=113318","url_meta":{"origin":74961,"position":3},"title":"Alberto y Cristina asumen el mando del pa\u00eds con un festival en Plaza de Mayo","author":"GB","date":"10\/12\/2019","format":false,"excerpt":"Ambos prestar\u00e1n juramento en la Asamblea Legislativa en la que el presidente saliente entregar\u00e1 el poder. Este jueves 10 de diciembre quedar\u00e1 en la historia tras el regreso del peronismo al poder luego de cuatro a\u00f1os de gobierno de Mauricio Macri. El presidente electo, Alberto Fern\u00e1ndez, asumir\u00e1 junto a la\u2026","rel":"","context":"En \u00abPol\u00edtica\u00bb","block_context":{"text":"Pol\u00edtica","link":"http:\/\/www.24baires.com\/?cat=51"},"img":{"alt_text":"","src":"https:\/\/i0.wp.com\/www.24baires.com\/wp-content\/uploads\/2019\/11\/cfk-alberto.jpg?resize=350%2C200","width":350,"height":200,"srcset":"https:\/\/i0.wp.com\/www.24baires.com\/wp-content\/uploads\/2019\/11\/cfk-alberto.jpg?resize=350%2C200 1x, https:\/\/i0.wp.com\/www.24baires.com\/wp-content\/uploads\/2019\/11\/cfk-alberto.jpg?resize=525%2C300 1.5x"},"classes":[]},{"id":108324,"url":"http:\/\/www.24baires.com\/?p=108324","url_meta":{"origin":74961,"position":4},"title":"Alberto Fern\u00e1ndez invit\u00f3 a Massa a integrar el espacio que encabeza con Cristina","author":"GB","date":"22\/05\/2019","format":false,"excerpt":"El precandidato a presidente llam\u00f3 al l\u00edder del Frente Renovador para que se incorpore al espacio pol\u00edtico que encabeza junto a la ex presidenta. El precandidato a presidente Alberto Fern\u00e1ndez invit\u00f3 al l\u00edder del Frente Renovador, Sergio Massa, a integrar el espacio pol\u00edtico que encabeza junto a la ex presidenta\u2026","rel":"","context":"En \u00abPol\u00edtica\u00bb","block_context":{"text":"Pol\u00edtica","link":"http:\/\/www.24baires.com\/?cat=51"},"img":{"alt_text":"","src":"https:\/\/i0.wp.com\/www.24baires.com\/wp-content\/uploads\/2019\/05\/alberto-fernandez-massa.jpg?resize=350%2C200","width":350,"height":200,"srcset":"https:\/\/i0.wp.com\/www.24baires.com\/wp-content\/uploads\/2019\/05\/alberto-fernandez-massa.jpg?resize=350%2C200 1x, https:\/\/i0.wp.com\/www.24baires.com\/wp-content\/uploads\/2019\/05\/alberto-fernandez-massa.jpg?resize=525%2C300 1.5x"},"classes":[]},{"id":113329,"url":"http:\/\/www.24baires.com\/?p=113329","url_meta":{"origin":74961,"position":5},"title":"Alberto Fern\u00e1ndez y Cristina Kirchner juraron como Presidente y Vice","author":"GB","date":"10\/12\/2019","format":false,"excerpt":"La vicepresidente saliente, Gabriela Michetti, les tom\u00f3 juramento a los integrantes de la f\u00f3rmula del Frente de Todos, que en octubre pasado gan\u00f3 las elecciones en primera vuelta. Alberto Fern\u00e1ndez y Cristina Kirchner ya son formalmente Presidente y Vice de la Argentina, luego de que la vicepresidenta saliente -Gabriela Michetti-\u2026","rel":"","context":"En \u00abPol\u00edtica\u00bb","block_context":{"text":"Pol\u00edtica","link":"http:\/\/www.24baires.com\/?cat=51"},"img":{"alt_text":"","src":"https:\/\/i0.wp.com\/www.24baires.com\/wp-content\/uploads\/2019\/12\/0037218735.jpg?resize=350%2C200","width":350,"height":200},"classes":[]}],"jetpack_sharing_enabled":true,"jetpack_likes_enabled":true,"jetpack_featured_media_url":"","_links":{"self":[{"href":"http:\/\/www.24baires.com\/index.php?rest_route=\/wp\/v2\/posts\/74961","targetHints":{"allow":["GET"]}}],"collection":[{"href":"http:\/\/www.24baires.com\/index.php?rest_route=\/wp\/v2\/posts"}],"about":[{"href":"http:\/\/www.24baires.com\/index.php?rest_route=\/wp\/v2\/types\/post"}],"author":[{"embeddable":true,"href":"http:\/\/www.24baires.com\/index.php?rest_route=\/wp\/v2\/users\/8"}],"replies":[{"embeddable":true,"href":"http:\/\/www.24baires.com\/index.php?rest_route=%2Fwp%2Fv2%2Fcomments&post=74961"}],"version-history":[{"count":1,"href":"http:\/\/www.24baires.com\/index.php?rest_route=\/wp\/v2\/posts\/74961\/revisions"}],"predecessor-version":[{"id":74964,"href":"http:\/\/www.24baires.com\/index.php?rest_route=\/wp\/v2\/posts\/74961\/revisions\/74964"}],"wp:attachment":[{"href":"http:\/\/www.24baires.com\/index.php?rest_route=%2Fwp%2Fv2%2Fmedia&parent=74961"}],"wp:term":[{"taxonomy":"category","embeddable":true,"href":"http:\/\/www.24baires.com\/index.php?rest_route=%2Fwp%2Fv2%2Fcategories&post=74961"},{"taxonomy":"post_tag","embeddable":true,"href":"http:\/\/www.24baires.com\/index.php?rest_route=%2Fwp%2Fv2%2Ftags&post=74961"}],"curies":[{"name":"wp","href":"https:\/\/api.w.org\/{rel}","templated":true}]}}