{"id":74958,"date":"2015-11-12T13:40:21","date_gmt":"2015-11-12T16:40:21","guid":{"rendered":"http:\/\/www.24baires.com\/?p=74958"},"modified":"2015-11-12T13:40:21","modified_gmt":"2015-11-12T16:40:21","slug":"los-argentinos-vamos-a-elegir-si-seguimos-adelante-o-volvemos-para-atras","status":"publish","type":"post","link":"http:\/\/www.24baires.com\/?p=74958","title":{"rendered":"\u00abLos argentinos vamos a elegir si seguimos adelante o volvemos para atr\u00e1s\u00bb"},"content":{"rendered":"<p><img data-recalc-dims=\"1\" loading=\"lazy\" decoding=\"async\" class=\"aligncenter size-full wp-image-65088\" src=\"https:\/\/i0.wp.com\/www.24baires.com\/wp-content\/uploads\/2015\/04\/kicillof-onu.jpg?resize=560%2C373\" alt=\"kicillof onu\" width=\"560\" height=\"373\" srcset=\"https:\/\/i0.wp.com\/www.24baires.com\/wp-content\/uploads\/2015\/04\/kicillof-onu.jpg?w=560 560w, https:\/\/i0.wp.com\/www.24baires.com\/wp-content\/uploads\/2015\/04\/kicillof-onu.jpg?resize=300%2C200 300w\" sizes=\"auto, (max-width: 560px) 100vw, 560px\" \/>Axel Kicillof dijo que el 22 de noviembre los argentinos deber\u00e1n elegir entre \u00abseguir adelante o volver para atr\u00e1s\u00bb y asegur\u00f3 que la econom\u00eda \u00abest\u00e1 creciendo y se est\u00e1 acelerando\u00bb en los \u00faltimos meses.<!--more--><\/p>\n<p>\u00abEl 22 los argentinos vamos a elegir si seguimos para adelante o volvemos para atr\u00e1s. Seguir para adelante es reconocer todo lo que falta hacer, eso es lo que encarna nuestro candidato del Frente para la Victoria, Daniel Scioli\u00bb, dijo en declaraciones a radio Am\u00e9rica.<\/p>\n<p>Al respecto, agreg\u00f3 que \u00abhabr\u00e1 cosas que corregir, cosas que mejorar, que hacerse autocr\u00edtica, pero b\u00e1sicamente nuestros objetivos son que la gente ande mejor, que la gente no pierda el laburo, que la gente gane cada vez m\u00e1s en t\u00e9rminos reales, que si hay inflaci\u00f3n el salario vaya por encima de la inflaci\u00f3n, que la inflaci\u00f3n sea cada vez menos y ese trabajo no se hace pactando con los bancos, con los buitres, con el fondo monetario. Eso lo intentamos millones de a\u00f1os y nos fue p\u00e9simo, y eso es lo que propone el PRO\u00bb.<\/p>\n<p>\u00abNo son Cambiemos son Volvamos a los 90, a la timba, a deuda, al fondo monetario, a las devaluaciones, a dejar a los jubilados afuera, volvamos a privatizar, nosotros somos del otro bando, queremos un Estado presente\u00bb, advirti\u00f3.<\/p>\n<p>Asimismo, asegur\u00f3 que \u00abno hay nadie en el Frente para la Victoria que no est\u00e9 absolutamente convencido de que esta elecci\u00f3n la tiene que ganar Daniel Scioli\u00bb.<\/p>\n<p>De cara al debate que se dar\u00e1 entre los dos candidatos este domingo, dijo que \u00abel PRO ha generado y sembrado much\u00edsima confusi\u00f3n sobre qu\u00e9 es su propuesta. Ser\u00eda interesante que Mauricio explique qu\u00e9 va a hacer\u201d.<\/p>\n<p>\u201cMelconian y Sturzenegger son el inconsciente liberado de Macri, por eso los borraron, porque aparecen diciendo lo que Macri va a hacer, pero no dice, con todas las contradicciones, los cambios\u201d.<\/p>\n<p>Asegur\u00f3 que \u00abest\u00e1n mintiendo a boca de jarro porque ellos quieren aplicar un plan de ajuste, quieren bajar el salario y justificarlo con una presunta situaci\u00f3n econ\u00f3mica muy mala que no existe\u00bb.<\/p>\n<p>\u00abTodo el mundo ve que la econom\u00eda est\u00e1 creciendo y se est\u00e1 acelerando y que el empleo est\u00e1 creciendo, basta salir de noche y ver los restaurantes, los centros de entretenimiento, los supermercados, cualquiera que haya vivido una recesi\u00f3n econ\u00f3mica sabe que esto no es una recesi\u00f3n\u00bb, se\u00f1al\u00f3.<\/p>\n<p>Adem\u00e1s, dijo que \u00abpara los privados la inflaci\u00f3n se ha desacelerado fort\u00edsimo este a\u00f1o, ninguno dice que est\u00e9 por encima de 23\/25% y los salarios aumentaron por encima de eso\u00bb.<\/p>\n<p>\u00abSi ponen el d\u00f3lar a 14 pesos se va a ir a los precios inmediatamente; ac\u00e1 al lado Brasil, sin hacer juicios de valor, acaba de hacer una devaluaci\u00f3n de 50% y un ajuste fiscal y el desempleo empez\u00f3 a subir y la econom\u00eda a caer; este a\u00f1o nosotros creceremos 2,5\/3% y Brasil va a caer 3%\u00bb, concluy\u00f3.<\/p>\n","protected":false},"excerpt":{"rendered":"<p>Axel Kicillof dijo que el 22 de noviembre los argentinos deber\u00e1n elegir entre \u00abseguir adelante o volver para atr\u00e1s\u00bb y asegur\u00f3 que la econom\u00eda \u00abest\u00e1 creciendo y se est\u00e1 acelerando\u00bb en los \u00faltimos meses.<\/p>\n","protected":false},"author":8,"featured_media":0,"comment_status":"open","ping_status":"open","sticky":false,"template":"","format":"standard","meta":{"_jetpack_newsletter_access":"","_jetpack_dont_email_post_to_subs":false,"_jetpack_newsletter_tier_id":0,"_jetpack_memberships_contains_paywalled_content":false,"_jetpack_memberships_contains_paid_content":false,"footnotes":""},"categories":[51],"tags":[],"class_list":["post-74958","post","type-post","status-publish","format-standard","hentry","category-politica"],"jetpack_shortlink":"https:\/\/wp.me\/p2JWE0-jv0","jetpack-related-posts":[{"id":107086,"url":"http:\/\/www.24baires.com\/?p=107086","url_meta":{"origin":74958,"position":0},"title":"\u00abEl Presidente vive en una realidad muy distinta\u00bb","author":"GB","date":"06\/03\/2019","format":false,"excerpt":"La diputada nacional marplatense Fernanda Raverta cuestion\u00f3 el discurso de Macri Tras el inicio del 137\u00ba per\u00edodo de sesiones ordinaria, la diputada nacional marplatense Fernanda Raverta, remarc\u00f3 que \u201cel presidente vive una realidad muy distinta de la que viven la mayor\u00eda de los argentinos\u201d. \u201cEn vez de explicarnos a los\u2026","rel":"","context":"En \u00abPol\u00edtica\u00bb","block_context":{"text":"Pol\u00edtica","link":"http:\/\/www.24baires.com\/?cat=51"},"img":{"alt_text":"","src":"https:\/\/i0.wp.com\/www.24baires.com\/wp-content\/uploads\/2019\/03\/fernanda-raverta.jpg?resize=350%2C200","width":350,"height":200,"srcset":"https:\/\/i0.wp.com\/www.24baires.com\/wp-content\/uploads\/2019\/03\/fernanda-raverta.jpg?resize=350%2C200 1x, https:\/\/i0.wp.com\/www.24baires.com\/wp-content\/uploads\/2019\/03\/fernanda-raverta.jpg?resize=525%2C300 1.5x"},"classes":[]},{"id":111107,"url":"http:\/\/www.24baires.com\/?p=111107","url_meta":{"origin":74958,"position":1},"title":"Alberto Fern\u00e1ndez: \u00abSi los argentinos quieren pobreza y ajuste, que voten a Macri\u00bb","author":"AF","date":"08\/07\/2019","format":false,"excerpt":"El precandidato a presidente por el Frente de Todos responsabiliz\u00f3 al Gobierno de \"apagar la econom\u00eda\" y pidi\u00f3 la ayuda de todos para \"cambiar este presente\". De visita en Mar del Plata, el precandidato presidencial por el Frente de Todos, Alberto Fern\u00e1ndez, critic\u00f3 duramente el modelo econ\u00f3mico del gobierno de\u2026","rel":"","context":"En \u00abPol\u00edtica\u00bb","block_context":{"text":"Pol\u00edtica","link":"http:\/\/www.24baires.com\/?cat=51"},"img":{"alt_text":"","src":"https:\/\/i0.wp.com\/www.24baires.com\/wp-content\/uploads\/2019\/07\/fernandez.jpg?resize=350%2C200","width":350,"height":200,"srcset":"https:\/\/i0.wp.com\/www.24baires.com\/wp-content\/uploads\/2019\/07\/fernandez.jpg?resize=350%2C200 1x, https:\/\/i0.wp.com\/www.24baires.com\/wp-content\/uploads\/2019\/07\/fernandez.jpg?resize=525%2C300 1.5x"},"classes":[]},{"id":103271,"url":"http:\/\/www.24baires.com\/?p=103271","url_meta":{"origin":74958,"position":2},"title":"Vidal reconoci\u00f3 \u00abmeses dif\u00edciles\u00bb y mientras anunciaba descuentos en supermercados","author":"Grupo Sierra","date":"11\/07\/2018","format":false,"excerpt":"La gobernadora Mar\u00eda Eugenia Vidal anunci\u00f3 hoy el retorno del descuento del 50% con las tarjetas del Banco Provincia en supermercados para afrontar \"los meses dif\u00edciles\" en materia econ\u00f3mica y confi\u00f3 en el que beneficio sirva para ayudar a los a los trabajadores, mientras se termina de definir la paritaria\u2026","rel":"","context":"En \u00abProvincia\u00bb","block_context":{"text":"Provincia","link":"http:\/\/www.24baires.com\/?cat=40"},"img":{"alt_text":"","src":"https:\/\/i0.wp.com\/www.dib.com.ar\/gestion\/images\/blogmanagement\/noticias\/thumb\/5b462c1f4c4c81531325471.jpg?resize=350%2C200","width":350,"height":200,"srcset":"https:\/\/i0.wp.com\/www.dib.com.ar\/gestion\/images\/blogmanagement\/noticias\/thumb\/5b462c1f4c4c81531325471.jpg?resize=350%2C200 1x, https:\/\/i0.wp.com\/www.dib.com.ar\/gestion\/images\/blogmanagement\/noticias\/thumb\/5b462c1f4c4c81531325471.jpg?resize=525%2C300 1.5x"},"classes":[]},{"id":74319,"url":"http:\/\/www.24baires.com\/?p=74319","url_meta":{"origin":74958,"position":3},"title":"Scioli convoc\u00f3 a votar \u00abun pa\u00eds hacia adelante\u00bb","author":"AF","date":"29\/10\/2015","format":false,"excerpt":"El candidato a presidente por el Frente Para la Victoria, Daniel Scioli, asegur\u00f3 que es \u00e9l quien est\u00e1 \"m\u00e1s cerca\" de los cinco millones de electores que votaron el domingo al l\u00edder del Frente Renovador, Sergio Massa, y no Mauricio Macri, su rival de Cambiemos en el balotaje del pr\u00f3ximo\u2026","rel":"","context":"En \u00abElecciones 2015\u00bb","block_context":{"text":"Elecciones 2015","link":"http:\/\/www.24baires.com\/?cat=74"},"img":{"alt_text":"scioli","src":"https:\/\/i0.wp.com\/www.24baires.com\/wp-content\/uploads\/2015\/09\/scioli1.jpg?resize=350%2C200","width":350,"height":200,"srcset":"https:\/\/i0.wp.com\/www.24baires.com\/wp-content\/uploads\/2015\/09\/scioli1.jpg?resize=350%2C200 1x, https:\/\/i0.wp.com\/www.24baires.com\/wp-content\/uploads\/2015\/09\/scioli1.jpg?resize=525%2C300 1.5x"},"classes":[]},{"id":120308,"url":"http:\/\/www.24baires.com\/?p=120308","url_meta":{"origin":74958,"position":4},"title":"Massa alert\u00f3 sobre \u00abel programa de ajuste\u00bb de la oposici\u00f3n","author":"AF","date":"25\/07\/2023","format":false,"excerpt":"El ministro y precandidato a presidente llam\u00f3 a \"recuperar la esperanza\" y no volver atr\u00e1s \"a la discriminaci\u00f3n, el odio, la violencia y la descalificaci\u00f3n\". \"Impulsan recortes de la plata en universidades, en hospitales, cloacas, agua, viviendas y becas, porque lo consideran un gasto\", precis\u00f3. El ministro de Econom\u00eda y\u2026","rel":"","context":"En \u00abPol\u00edtica\u00bb","block_context":{"text":"Pol\u00edtica","link":"http:\/\/www.24baires.com\/?cat=51"},"img":{"alt_text":"","src":"https:\/\/i0.wp.com\/www.24baires.com\/wp-content\/uploads\/2022\/09\/massa..jpg?resize=350%2C200","width":350,"height":200,"srcset":"https:\/\/i0.wp.com\/www.24baires.com\/wp-content\/uploads\/2022\/09\/massa..jpg?resize=350%2C200 1x, https:\/\/i0.wp.com\/www.24baires.com\/wp-content\/uploads\/2022\/09\/massa..jpg?resize=525%2C300 1.5x, https:\/\/i0.wp.com\/www.24baires.com\/wp-content\/uploads\/2022\/09\/massa..jpg?resize=700%2C400 2x"},"classes":[]},{"id":117631,"url":"http:\/\/www.24baires.com\/?p=117631","url_meta":{"origin":74958,"position":5},"title":"Exportaciones de carne: el Gobierno continuar\u00e1 con el cierre hasta que haya una soluci\u00f3n","author":"GB","date":"28\/05\/2021","format":false,"excerpt":"El presidente Alberto Fern\u00e1ndez adelant\u00f3 que continuar\u00e1 la medida del cierre de exportaci\u00f3n de carne. El presidente Alberto Fern\u00e1ndez manifest\u00f3 que las exportaciones de carne retornar\u00e1n cuando el Gobierno pueda resolver el control de precios. En una entrevista por Youtube, Alberto Fern\u00e1ndez sostuvo que \"vamos a levantar el cierre cuando\u2026","rel":"","context":"En \u00abPol\u00edtica\u00bb","block_context":{"text":"Pol\u00edtica","link":"http:\/\/www.24baires.com\/?cat=51"},"img":{"alt_text":"","src":"https:\/\/i0.wp.com\/www.24baires.com\/wp-content\/uploads\/2020\/08\/alberto-fern%C3%A1ndez.jpg?resize=350%2C200","width":350,"height":200,"srcset":"https:\/\/i0.wp.com\/www.24baires.com\/wp-content\/uploads\/2020\/08\/alberto-fern%C3%A1ndez.jpg?resize=350%2C200 1x, https:\/\/i0.wp.com\/www.24baires.com\/wp-content\/uploads\/2020\/08\/alberto-fern%C3%A1ndez.jpg?resize=525%2C300 1.5x"},"classes":[]}],"jetpack_sharing_enabled":true,"jetpack_likes_enabled":true,"jetpack_featured_media_url":"","_links":{"self":[{"href":"http:\/\/www.24baires.com\/index.php?rest_route=\/wp\/v2\/posts\/74958","targetHints":{"allow":["GET"]}}],"collection":[{"href":"http:\/\/www.24baires.com\/index.php?rest_route=\/wp\/v2\/posts"}],"about":[{"href":"http:\/\/www.24baires.com\/index.php?rest_route=\/wp\/v2\/types\/post"}],"author":[{"embeddable":true,"href":"http:\/\/www.24baires.com\/index.php?rest_route=\/wp\/v2\/users\/8"}],"replies":[{"embeddable":true,"href":"http:\/\/www.24baires.com\/index.php?rest_route=%2Fwp%2Fv2%2Fcomments&post=74958"}],"version-history":[{"count":1,"href":"http:\/\/www.24baires.com\/index.php?rest_route=\/wp\/v2\/posts\/74958\/revisions"}],"predecessor-version":[{"id":74959,"href":"http:\/\/www.24baires.com\/index.php?rest_route=\/wp\/v2\/posts\/74958\/revisions\/74959"}],"wp:attachment":[{"href":"http:\/\/www.24baires.com\/index.php?rest_route=%2Fwp%2Fv2%2Fmedia&parent=74958"}],"wp:term":[{"taxonomy":"category","embeddable":true,"href":"http:\/\/www.24baires.com\/index.php?rest_route=%2Fwp%2Fv2%2Fcategories&post=74958"},{"taxonomy":"post_tag","embeddable":true,"href":"http:\/\/www.24baires.com\/index.php?rest_route=%2Fwp%2Fv2%2Ftags&post=74958"}],"curies":[{"name":"wp","href":"https:\/\/api.w.org\/{rel}","templated":true}]}}