{"id":74948,"date":"2015-11-12T11:30:55","date_gmt":"2015-11-12T14:30:55","guid":{"rendered":"http:\/\/www.24baires.com\/?p=74948"},"modified":"2015-11-12T11:07:09","modified_gmt":"2015-11-12T14:07:09","slug":"avanza-en-el-senado-el-proyecto-para-investigar-complicidades-economicas-con-la-dictadura","status":"publish","type":"post","link":"http:\/\/www.24baires.com\/?p=74948","title":{"rendered":"Avanza en el senado el proyecto para investigar complicidades econ\u00f3micas con la dictadura"},"content":{"rendered":"<p><img data-recalc-dims=\"1\" loading=\"lazy\" decoding=\"async\" class=\"alignleft size-full wp-image-35104\" src=\"https:\/\/i0.wp.com\/www.24baires.com\/wp-content\/uploads\/2013\/11\/senado.jpg?resize=260%2C173\" alt=\"senado\" width=\"260\" height=\"173\" \/>La iniciativa fue presentada por el diputado nacional del oficialismo H\u00e9ctor Recalde y aprobada por la C\u00e1mara baja, por lo que el oficialismo espera poder convertirla en ley en la sesi\u00f3n prevista para el 25 de noviembre.<!--more--><\/p>\n<p>El proyecto obtuvo dictamen en la Comisi\u00f3n de Asuntos Constitucionales a pesar de las cr\u00edticas del radical Mario Cimadevilla, \u00fanico opositor presente en la reuni\u00f3n.<\/p>\n<p>Durante la reuni\u00f3n, el jefe del bloque oficialista, Miguel \u00c1ngel Pichetto, defendi\u00f3 la iniciativa y sostuvo que apunta a \u00abesclarecer qui\u00e9nes fueron los empresarios que colaboraron a lo largo de los a\u00f1os de plomo y que se beneficiaron con esas pol\u00edticas\u00bb.<\/p>\n<p>Sin embargo, el debate se torn\u00f3 acalorado cuando Cimadevilla record\u00f3 que la UCR \u00abpersigui\u00f3 los juicios cuando otras fuerzas pol\u00edticas apoyaban la autoamnist\u00eda\u00bb, en alusi\u00f3n al peronismo, y critic\u00f3 que el proyecto \u00abotorga facultades judiciales\u00bb a la comisi\u00f3n bicameral.<\/p>\n<p>Quien le respondi\u00f3 fue el oficialista Marcelo Fuentes, presidente de la Comisi\u00f3n de Asuntos Constitucionales, quien asegur\u00f3 que la bicameral que pretende crear el proyecto de ley\u00bbtiene atribuci\u00f3n de analizar la verdad pol\u00edtica\u00bb pero \u00abno avanza en ninguna facultad de otros poderes\u00bb.<\/p>\n<p>Finalmente, la iniciativa tuvo dictamen y qued\u00f3 as\u00ed en condiciones de ser tratada en la pr\u00f3xima sesi\u00f3n del Senado, prevista para el 25 de noviembre.<\/p>\n<p>&nbsp;<\/p>\n<p>&nbsp;<\/p>\n<p>&nbsp;<\/p>\n<p>&nbsp;<\/p>\n<p>&nbsp;<\/p>\n<p>&nbsp;<\/p>\n<p>&nbsp;<\/p>\n<p>&nbsp;<\/p>\n<p>&nbsp;<\/p>\n<p>&nbsp;<\/p>\n<p>&nbsp;<\/p>\n<p>&nbsp;<\/p>\n<p>&nbsp;<\/p>\n<p>&nbsp;<\/p>\n<p>&nbsp;<\/p>\n<p>&nbsp;<\/p>\n","protected":false},"excerpt":{"rendered":"<p>La iniciativa fue presentada por el diputado nacional del oficialismo H\u00e9ctor Recalde y aprobada por la C\u00e1mara baja, por lo que el oficialismo espera poder convertirla en ley en la sesi\u00f3n prevista para el 25 de noviembre.<\/p>\n","protected":false},"author":8,"featured_media":0,"comment_status":"open","ping_status":"open","sticky":false,"template":"","format":"standard","meta":{"_jetpack_newsletter_access":"","_jetpack_dont_email_post_to_subs":false,"_jetpack_newsletter_tier_id":0,"_jetpack_memberships_contains_paywalled_content":false,"_jetpack_memberships_contains_paid_content":false,"footnotes":""},"categories":[51],"tags":[],"class_list":["post-74948","post","type-post","status-publish","format-standard","hentry","category-politica"],"jetpack_shortlink":"https:\/\/wp.me\/p2JWE0-juQ","jetpack-related-posts":[{"id":46960,"url":"http:\/\/www.24baires.com\/?p=46960","url_meta":{"origin":74948,"position":0},"title":"El Consejo de la Magistratura trata denuncias contra 50 jueces","author":"AF","date":"29\/05\/2014","format":false,"excerpt":"La Comisi\u00f3n de Disciplina y Acusaci\u00f3n inici\u00f3 una reuni\u00f3n en la que deber\u00e1 abordar una extensa agenda que incluye expedientes contra los jueces Diego S\u00e1nchez, recordado por tratar de \"brujas\" a sus compa\u00f1eras, Norberto Oyarbide y Claudio Bonadio, ambos se\u00f1alados en diferentes causas por mal desempe\u00f1o. La reuni\u00f3n de la\u2026","rel":"","context":"En \u00abJUDICIALES\u00bb","block_context":{"text":"JUDICIALES","link":"http:\/\/www.24baires.com\/?cat=68"},"img":{"alt_text":"consejo magistratura","src":"https:\/\/i0.wp.com\/www.24baires.com\/wp-content\/uploads\/2012\/10\/consejo-magistratura.jpg?resize=350%2C200","width":350,"height":200,"srcset":"https:\/\/i0.wp.com\/www.24baires.com\/wp-content\/uploads\/2012\/10\/consejo-magistratura.jpg?resize=350%2C200 1x, https:\/\/i0.wp.com\/www.24baires.com\/wp-content\/uploads\/2012\/10\/consejo-magistratura.jpg?resize=525%2C300 1.5x"},"classes":[]},{"id":97171,"url":"http:\/\/www.24baires.com\/?p=97171","url_meta":{"origin":74948,"position":1},"title":"Denuncian que el Gobierno pone \u00abtrabas burocr\u00e1ticas\u00bb a la Unidad de Investigaci\u00f3n AMIA","author":"GB","date":"04\/09\/2017","format":false,"excerpt":"El titular del organismo dependiente del Ministerio de Justicia manifest\u00f3 un enorme malestar con el ministro de Justicia, Germ\u00e1n Garavano y advirti\u00f3 que el Gobierno baraja la posibilidad de cerrar la unidad. En ese sentido, sostuvo que desde el oficialismo desfinanciaron el \u00e1rea: \"S\u00f3lo contamos con 10.000 pesos mensuales de\u2026","rel":"","context":"En \u00abPol\u00edtica\u00bb","block_context":{"text":"Pol\u00edtica","link":"http:\/\/www.24baires.com\/?cat=51"},"img":{"alt_text":"","src":"https:\/\/i0.wp.com\/www.24baires.com\/wp-content\/uploads\/2017\/09\/Garabano.jpg?resize=350%2C200","width":350,"height":200,"srcset":"https:\/\/i0.wp.com\/www.24baires.com\/wp-content\/uploads\/2017\/09\/Garabano.jpg?resize=350%2C200 1x, https:\/\/i0.wp.com\/www.24baires.com\/wp-content\/uploads\/2017\/09\/Garabano.jpg?resize=525%2C300 1.5x"},"classes":[]},{"id":122214,"url":"http:\/\/www.24baires.com\/?p=122214","url_meta":{"origin":74948,"position":2},"title":"Confirmado: no habr\u00e1 elecciones primarias en la Provincia durante 2025","author":"GB","date":"29\/04\/2025","format":false,"excerpt":"Con mas de dos tercios de los votos, la C\u00e1mara de Diputados le dio la media sanci\u00f3n que le falta al proyecto de la suspensi\u00f3n por el a\u00f1o 2025 PASO. Ma\u00f1ana sesionara la comisi\u00f3n de Reforma Pol\u00edtica para definir los plazos del cronograma electoral. La interna oficialista presente en los\u2026","rel":"","context":"En \u00abProvincia\u00bb","block_context":{"text":"Provincia","link":"http:\/\/www.24baires.com\/?cat=40"},"img":{"alt_text":"","src":"https:\/\/i0.wp.com\/www.24baires.com\/wp-content\/uploads\/2020\/09\/diputados-bonaerense.jpg?resize=350%2C200","width":350,"height":200,"srcset":"https:\/\/i0.wp.com\/www.24baires.com\/wp-content\/uploads\/2020\/09\/diputados-bonaerense.jpg?resize=350%2C200 1x, https:\/\/i0.wp.com\/www.24baires.com\/wp-content\/uploads\/2020\/09\/diputados-bonaerense.jpg?resize=525%2C300 1.5x, https:\/\/i0.wp.com\/www.24baires.com\/wp-content\/uploads\/2020\/09\/diputados-bonaerense.jpg?resize=700%2C400 2x"},"classes":[]},{"id":43072,"url":"http:\/\/www.24baires.com\/?p=43072","url_meta":{"origin":74948,"position":3},"title":"De Vido se mostr\u00f3 preocupado por la \u00abdistorsi\u00f3n de la verdad y la informaci\u00f3n\u00bb","author":"Grupo Sierra","date":"31\/03\/2014","format":false,"excerpt":"El ministro de Planificaci\u00f3n, Julio De Vido, dijo que le preocupa \"la distorsi\u00f3n de la verdad y c\u00f3mo se manipulan las cosas\", en relaci\u00f3n con la informaci\u00f3n del diario Clar\u00edn sobre el presunto pago de sobornos que se investiga en los Estados Unidos, en la pr\u00f3rroga de la explotaci\u00f3n del\u2026","rel":"","context":"En \u00abPol\u00edtica\u00bb","block_context":{"text":"Pol\u00edtica","link":"http:\/\/www.24baires.com\/?cat=51"},"img":{"alt_text":"de vido1","src":"https:\/\/i0.wp.com\/www.24baires.com\/wp-content\/uploads\/2013\/09\/de-vido1-300x187.jpg?resize=350%2C200","width":350,"height":200},"classes":[]},{"id":120897,"url":"http:\/\/www.24baires.com\/?p=120897","url_meta":{"origin":74948,"position":4},"title":"El gobierno logr\u00f3 dictamen de Mayor\u00eda y la Ley Omnibus llegar\u00e1 al recinto","author":"GB","date":"24\/01\/2024","format":false,"excerpt":"El oficialismo tuvo el apoyo del PRO, la UCR y Hacemos Coalici\u00f3n Federal, que de todas maneras manifestaron algunas disidencias \"parciales\" al proyecto. Esta madrugada, el oficialismo de la C\u00e1mara de Diputados logr\u00f3 un dictamen de mayor\u00eda respaldado por bloques opositores dialoguistas para la Ley \u00d3mnibus. La iniciativa, que aborda\u2026","rel":"","context":"En \u00abPol\u00edtica\u00bb","block_context":{"text":"Pol\u00edtica","link":"http:\/\/www.24baires.com\/?cat=51"},"img":{"alt_text":"","src":"https:\/\/i0.wp.com\/www.24baires.com\/wp-content\/uploads\/2024\/01\/menem-recinto.jpeg?resize=350%2C200","width":350,"height":200,"srcset":"https:\/\/i0.wp.com\/www.24baires.com\/wp-content\/uploads\/2024\/01\/menem-recinto.jpeg?resize=350%2C200 1x, https:\/\/i0.wp.com\/www.24baires.com\/wp-content\/uploads\/2024\/01\/menem-recinto.jpeg?resize=525%2C300 1.5x, https:\/\/i0.wp.com\/www.24baires.com\/wp-content\/uploads\/2024\/01\/menem-recinto.jpeg?resize=700%2C400 2x"},"classes":[]},{"id":57264,"url":"http:\/\/www.24baires.com\/?p=57264","url_meta":{"origin":74948,"position":5},"title":"Los candidatos radicales definen su futuro en San Fernando","author":"Grupo Sierra","date":"17\/11\/2014","format":false,"excerpt":"Autoridades partidarias, legisladores nacionales y candidatos a gobernadores de la UCR est\u00e1n reunidos en un club n\u00e1utico de la localidad bonaerense en un intento por limar asperezas en torno al 2015 y superar la crisis que atraviesa al partido. Del debate que se realiza desde las 14.15 en el Club\u2026","rel":"","context":"En \u00abPol\u00edtica\u00bb","block_context":{"text":"Pol\u00edtica","link":"http:\/\/www.24baires.com\/?cat=51"},"img":{"alt_text":"cobos sanz ucr","src":"https:\/\/i0.wp.com\/www.24baires.com\/wp-content\/uploads\/2014\/05\/cobos-sanz-ucr.jpg?resize=350%2C200","width":350,"height":200,"srcset":"https:\/\/i0.wp.com\/www.24baires.com\/wp-content\/uploads\/2014\/05\/cobos-sanz-ucr.jpg?resize=350%2C200 1x, https:\/\/i0.wp.com\/www.24baires.com\/wp-content\/uploads\/2014\/05\/cobos-sanz-ucr.jpg?resize=525%2C300 1.5x"},"classes":[]}],"jetpack_sharing_enabled":true,"jetpack_likes_enabled":true,"jetpack_featured_media_url":"","_links":{"self":[{"href":"http:\/\/www.24baires.com\/index.php?rest_route=\/wp\/v2\/posts\/74948","targetHints":{"allow":["GET"]}}],"collection":[{"href":"http:\/\/www.24baires.com\/index.php?rest_route=\/wp\/v2\/posts"}],"about":[{"href":"http:\/\/www.24baires.com\/index.php?rest_route=\/wp\/v2\/types\/post"}],"author":[{"embeddable":true,"href":"http:\/\/www.24baires.com\/index.php?rest_route=\/wp\/v2\/users\/8"}],"replies":[{"embeddable":true,"href":"http:\/\/www.24baires.com\/index.php?rest_route=%2Fwp%2Fv2%2Fcomments&post=74948"}],"version-history":[{"count":1,"href":"http:\/\/www.24baires.com\/index.php?rest_route=\/wp\/v2\/posts\/74948\/revisions"}],"predecessor-version":[{"id":74950,"href":"http:\/\/www.24baires.com\/index.php?rest_route=\/wp\/v2\/posts\/74948\/revisions\/74950"}],"wp:attachment":[{"href":"http:\/\/www.24baires.com\/index.php?rest_route=%2Fwp%2Fv2%2Fmedia&parent=74948"}],"wp:term":[{"taxonomy":"category","embeddable":true,"href":"http:\/\/www.24baires.com\/index.php?rest_route=%2Fwp%2Fv2%2Fcategories&post=74948"},{"taxonomy":"post_tag","embeddable":true,"href":"http:\/\/www.24baires.com\/index.php?rest_route=%2Fwp%2Fv2%2Ftags&post=74948"}],"curies":[{"name":"wp","href":"https:\/\/api.w.org\/{rel}","templated":true}]}}