{"id":74934,"date":"2015-11-11T19:30:18","date_gmt":"2015-11-11T22:30:18","guid":{"rendered":"http:\/\/www.24baires.com\/?p=74934"},"modified":"2015-11-12T10:58:45","modified_gmt":"2015-11-12T13:58:45","slug":"scioli-aseguro-que-garantizara-la-continuidad-de-ypf-en-manos-del-estado","status":"publish","type":"post","link":"http:\/\/www.24baires.com\/?p=74934","title":{"rendered":"Scioli asegur\u00f3 que \u00abgarantizar\u00e1 la continuidad de YPF en manos del Estado\u00bb"},"content":{"rendered":"<p><img data-recalc-dims=\"1\" loading=\"lazy\" decoding=\"async\" src=\"https:\/\/i0.wp.com\/www.24baires.com\/wp-content\/uploads\/2015\/09\/scioli1.jpg?resize=560%2C357\" alt=\"scioli\" width=\"560\" height=\"357\" class=\"aligncenter size-full wp-image-72134\" srcset=\"https:\/\/i0.wp.com\/www.24baires.com\/wp-content\/uploads\/2015\/09\/scioli1.jpg?w=560 560w, https:\/\/i0.wp.com\/www.24baires.com\/wp-content\/uploads\/2015\/09\/scioli1.jpg?resize=300%2C191 300w\" sizes=\"auto, (max-width: 560px) 100vw, 560px\" \/>El candidato a presidente por el FpV apunt\u00f3 a Macri por sus pol\u00edticas referidas al sector, bas\u00e1ndose en las declaraciones que realiz\u00f3 el principal referente de Cambiemos en Energ\u00eda, Juan Jos\u00e9 Aranguren.<!--more--><\/p>\n<p>El candidato a presidente por el Frente para la Victoria (FpV), Daniel Scioli, asegur\u00f3 que es el postulante que \u201cgarantiza para los intereses argentinos la continuidad de YPF en manos del Estado y de las provincias\u201d de cara al balotaje, tras reunirse con el presidente de la empresa petrolera, Miguel Galuccio.<\/p>\n<p>En la sede de YPF, Scioli apunt\u00f3 a su rival Mauricio Macri (Cambiemos) por sus pol\u00edticas referidas al sector energ\u00e9tico que aplicar\u00eda si fuese presidente, bas\u00e1ndose en las declaraciones que realiz\u00f3 el principal referente de Cambiemos en Energ\u00eda, Juan Jos\u00e9 Aranguren, quien es el ex presidente de Shell argentina.<\/p>\n<p>\u201cCuando (Juan Jos\u00e9 Aranguren) dijo que iba a revisar el tema de YPF, sus acuerdos y luego definir que no era tan importante el autoabastecimiento energ\u00e9tico, es evidente que se est\u00e1 desenmascarando aqu\u00ed una intencionalidad de ir por YPF\u201d, remarc\u00f3 el candidato presidencial del oficialismo.<\/p>\n<p>Con un discurso en el que remarca sus diferencias con Macri, Scioli se\u00f1al\u00f3 que \u00e9l es \u201cun defensor de lo p\u00fablico\u201d, y remarc\u00f3 que desde Cambiemos \u201cquieren llevar adelante un avasallamiento y dejar todo librado al mercado o a los intereses de algunos privados, por lo que esto es una fiel expresi\u00f3n que tiene que poner en alerta a las provincias petroleras y al conjunto del pa\u00eds\u201d.<\/p>\n<p>\u201cAqu\u00ed se ha desenmascarado una situaci\u00f3n muy grave, porque YPF hace a la soberan\u00eda energ\u00e9tica, hace al inter\u00e9s nacional de las provincias\u201d, resalt\u00f3 Scioli, quien record\u00f3 que \u201cla industria petrolera del mundo ha perdido 200.000 puestos de trabajo\u201d mientras que \u201cArgentina ha mantenido un precio sostenido gracias a la recuperaci\u00f3n de YPF\u201d.<\/p>\n<p>El candidato kirchnerista remarc\u00f3 que desde el espacio que lidera Macri \u201cevidentemente quieren retroceder sobre esto y privilegiar los intereses y llevarlo adelante con la mirada de Shell y ya hemos visto lo que ha ocurrido cuando esto queda en mano de otros intereses que no sean los intereses argentinos\u201d.<\/p>\n<p>En ese sentido, Scioli afirm\u00f3 que \u201cel 22 de noviembre lo que se vota va mucho m\u00e1s all\u00e1 de un candidato u otro\u201d porque se elige entre \u201cmantener los intereses nacionales y lo p\u00fablico por sobre la l\u00f3gica de los que quieren dejar todo librado al mercado y llevar adelante pol\u00edticas de retrocesos sobre conquistas y avances que van a impactar positivamente en el conjunto de la econom\u00eda\u201d.<\/p>\n","protected":false},"excerpt":{"rendered":"<p>El candidato a presidente por el FpV apunt\u00f3 a Macri por sus pol\u00edticas referidas al sector, bas\u00e1ndose en las declaraciones que realiz\u00f3 el principal referente de Cambiemos en Energ\u00eda, Juan Jos\u00e9 Aranguren.<\/p>\n","protected":false},"author":8,"featured_media":0,"comment_status":"open","ping_status":"open","sticky":false,"template":"","format":"standard","meta":{"_jetpack_newsletter_access":"","_jetpack_dont_email_post_to_subs":false,"_jetpack_newsletter_tier_id":0,"_jetpack_memberships_contains_paywalled_content":false,"_jetpack_memberships_contains_paid_content":false,"footnotes":""},"categories":[51],"tags":[],"class_list":["post-74934","post","type-post","status-publish","format-standard","hentry","category-politica"],"jetpack_shortlink":"https:\/\/wp.me\/p2JWE0-juC","jetpack-related-posts":[{"id":74277,"url":"http:\/\/www.24baires.com\/?p=74277","url_meta":{"origin":74934,"position":0},"title":"\u00abEl cambio, para Macri, es que todo vuelva a estar en manos del mercado\u00bb","author":"AF","date":"28\/10\/2015","format":false,"excerpt":"El candidato a presidente por el Frente Para la Victoria, Daniel Scioli, dijo hoy que su contrincante de Cambiemos \"tiene una mirada privatizadora\" e insisti\u00f3 en que \"entusiasma la palabra cambio, pero la discusi\u00f3n que tiene que dar la sociedad es qu\u00e9 tipo de cambio queremos\". \"Hay grandes diferencias en\u2026","rel":"","context":"En \u00abElecciones 2015\u00bb","block_context":{"text":"Elecciones 2015","link":"http:\/\/www.24baires.com\/?cat=74"},"img":{"alt_text":"scioli cierre campa\u00f1a","src":"https:\/\/i0.wp.com\/www.24baires.com\/wp-content\/uploads\/2015\/08\/scioli-cierre-campa%C3%B1a.jpg?resize=350%2C200","width":350,"height":200,"srcset":"https:\/\/i0.wp.com\/www.24baires.com\/wp-content\/uploads\/2015\/08\/scioli-cierre-campa%C3%B1a.jpg?resize=350%2C200 1x, https:\/\/i0.wp.com\/www.24baires.com\/wp-content\/uploads\/2015\/08\/scioli-cierre-campa%C3%B1a.jpg?resize=525%2C300 1.5x"},"classes":[]},{"id":74726,"url":"http:\/\/www.24baires.com\/?p=74726","url_meta":{"origin":74934,"position":1},"title":"Roberti asegura que los dichos de Aranguren de YPF fueron \u00abdesafortunados pero sinceros\u00bb","author":"AF","date":"06\/11\/2015","format":false,"excerpt":"Alberto Roberti, secretario general de la Federaci\u00f3n Sindical de Petr\u00f3leo y ex dirigente massista, se refiri\u00f3 a los dichos del ex CEO de Shell y referente de Cambiemos, quien critic\u00f3 el autoabastecimiento. Roberti, quien ayer confirm\u00f3 su partida del bloque del Frente Renovador (FR), agreg\u00f3 hoy en Radio T\u00e9lam que\u2026","rel":"","context":"En \u00abPol\u00edtica\u00bb","block_context":{"text":"Pol\u00edtica","link":"http:\/\/www.24baires.com\/?cat=51"},"img":{"alt_text":"","src":"","width":0,"height":0},"classes":[]},{"id":71697,"url":"http:\/\/www.24baires.com\/?p=71697","url_meta":{"origin":74934,"position":2},"title":"\u00abVolver\u00eda a votar en contra de la Asignaci\u00f3n Universal, Aerol\u00edneas e YPF\u00bb, confes\u00f3 Michetti","author":"AF","date":"05\/09\/2015","format":false,"excerpt":"As\u00ed lo afirm\u00f3 la candidata a vicepresidente por Cambiemos, Gabriela Michetti, y destac\u00f3 que la diferencia entre Daniel Scioli y el macrismo \"es la coherencia\", pese a que el l\u00edder del PRO resalt\u00f3 las iniciativas del Gobierno tras el triunfo en la Ciudad. La candidata a vicepresidente por Cambiemos, Gabriela\u2026","rel":"","context":"En \u00abElecciones 2015\u00bb","block_context":{"text":"Elecciones 2015","link":"http:\/\/www.24baires.com\/?cat=74"},"img":{"alt_text":"michetti","src":"https:\/\/i0.wp.com\/www.24baires.com\/wp-content\/uploads\/2014\/08\/michetti.jpg?resize=350%2C200","width":350,"height":200,"srcset":"https:\/\/i0.wp.com\/www.24baires.com\/wp-content\/uploads\/2014\/08\/michetti.jpg?resize=350%2C200 1x, https:\/\/i0.wp.com\/www.24baires.com\/wp-content\/uploads\/2014\/08\/michetti.jpg?resize=525%2C300 1.5x"},"classes":[]},{"id":120269,"url":"http:\/\/www.24baires.com\/?p=120269","url_meta":{"origin":74934,"position":3},"title":"Cristina a Macri: \u201cUsted es muy mentiroso, ingeniero\u201d","author":"AF","date":"10\/07\/2023","format":false,"excerpt":"Los ex mandatarios se cruzaron en Twitter por la pol\u00edtica energ\u00e9tica de sus gobiernos y la inauguraci\u00f3n de la obra en Salliquel\u00f3. El dirigente de Juntos por el Cambio hab\u00eda calificado al kirchnerismo como el \u201cpeor gobierno de la historia\u201d. La vicepresidenta Cristina Fern\u00e1ndez de Kirchner tild\u00f3 hoy de \u201cmuy\u2026","rel":"","context":"En \u00abPol\u00edtica\u00bb","block_context":{"text":"Pol\u00edtica","link":"http:\/\/www.24baires.com\/?cat=51"},"img":{"alt_text":"","src":"https:\/\/i0.wp.com\/www.24baires.com\/wp-content\/uploads\/2021\/10\/macri.jpg?resize=350%2C200","width":350,"height":200,"srcset":"https:\/\/i0.wp.com\/www.24baires.com\/wp-content\/uploads\/2021\/10\/macri.jpg?resize=350%2C200 1x, https:\/\/i0.wp.com\/www.24baires.com\/wp-content\/uploads\/2021\/10\/macri.jpg?resize=525%2C300 1.5x, https:\/\/i0.wp.com\/www.24baires.com\/wp-content\/uploads\/2021\/10\/macri.jpg?resize=700%2C400 2x"},"classes":[]},{"id":76373,"url":"http:\/\/www.24baires.com\/?p=76373","url_meta":{"origin":74934,"position":4},"title":"A partir de enero aumentar\u00e1n las tarifas de luz y gas","author":"GB","date":"14\/12\/2015","format":false,"excerpt":"El ministro de Energ\u00eda, Juan Jos\u00e9 Aranguren, ratific\u00f3 este lunes que el Gobierno nacional pondr\u00e1 en marcha \"un proceso de modificaci\u00f3n gradual de los subsidios a las tarifas de los servicios el\u00e9ctricos y de gas natural\", al tiempo que precis\u00f3 que los \"sectores m\u00e1s vulnerables\" de la sociedad seguir\u00e1n contando\u2026","rel":"","context":"En \u00abEconom\u00eda\u00bb","block_context":{"text":"Econom\u00eda","link":"http:\/\/www.24baires.com\/?cat=45"},"img":{"alt_text":"","src":"","width":0,"height":0},"classes":[]},{"id":96860,"url":"http:\/\/www.24baires.com\/?p=96860","url_meta":{"origin":74934,"position":5},"title":"Durante el \u00faltimo a\u00f1o, funcionarios de Macri aumentaron sus bienes en el exterior en un 50%","author":"GB","date":"22\/08\/2017","format":false,"excerpt":"Seg\u00fan un informe que analiza las declaraciones juradas de los principales ministros y funcionarios del Gabinete nacional, se observa que el 43% de los bienes declarados se encuentran en el exterior. Adem\u00e1s se registra un aumento del 50% en relaci\u00f3n a lo declarado en 2016. Las declaraciones juradas presentadas por\u2026","rel":"","context":"En \u00abPol\u00edtica\u00bb","block_context":{"text":"Pol\u00edtica","link":"http:\/\/www.24baires.com\/?cat=51"},"img":{"alt_text":"","src":"https:\/\/i0.wp.com\/www.24baires.com\/wp-content\/uploads\/2017\/03\/macri-gabinete.jpg?resize=350%2C200","width":350,"height":200,"srcset":"https:\/\/i0.wp.com\/www.24baires.com\/wp-content\/uploads\/2017\/03\/macri-gabinete.jpg?resize=350%2C200 1x, https:\/\/i0.wp.com\/www.24baires.com\/wp-content\/uploads\/2017\/03\/macri-gabinete.jpg?resize=525%2C300 1.5x"},"classes":[]}],"jetpack_sharing_enabled":true,"jetpack_likes_enabled":true,"jetpack_featured_media_url":"","_links":{"self":[{"href":"http:\/\/www.24baires.com\/index.php?rest_route=\/wp\/v2\/posts\/74934","targetHints":{"allow":["GET"]}}],"collection":[{"href":"http:\/\/www.24baires.com\/index.php?rest_route=\/wp\/v2\/posts"}],"about":[{"href":"http:\/\/www.24baires.com\/index.php?rest_route=\/wp\/v2\/types\/post"}],"author":[{"embeddable":true,"href":"http:\/\/www.24baires.com\/index.php?rest_route=\/wp\/v2\/users\/8"}],"replies":[{"embeddable":true,"href":"http:\/\/www.24baires.com\/index.php?rest_route=%2Fwp%2Fv2%2Fcomments&post=74934"}],"version-history":[{"count":1,"href":"http:\/\/www.24baires.com\/index.php?rest_route=\/wp\/v2\/posts\/74934\/revisions"}],"predecessor-version":[{"id":74935,"href":"http:\/\/www.24baires.com\/index.php?rest_route=\/wp\/v2\/posts\/74934\/revisions\/74935"}],"wp:attachment":[{"href":"http:\/\/www.24baires.com\/index.php?rest_route=%2Fwp%2Fv2%2Fmedia&parent=74934"}],"wp:term":[{"taxonomy":"category","embeddable":true,"href":"http:\/\/www.24baires.com\/index.php?rest_route=%2Fwp%2Fv2%2Fcategories&post=74934"},{"taxonomy":"post_tag","embeddable":true,"href":"http:\/\/www.24baires.com\/index.php?rest_route=%2Fwp%2Fv2%2Ftags&post=74934"}],"curies":[{"name":"wp","href":"https:\/\/api.w.org\/{rel}","templated":true}]}}