{"id":74925,"date":"2015-11-11T18:00:21","date_gmt":"2015-11-11T21:00:21","guid":{"rendered":"http:\/\/www.24baires.com\/?p=74925"},"modified":"2015-11-11T17:15:36","modified_gmt":"2015-11-11T20:15:36","slug":"diego-capusotto-me-gustaria-que-gane-scioli","status":"publish","type":"post","link":"http:\/\/www.24baires.com\/?p=74925","title":{"rendered":"Diego Capusotto: \u00abMe gustar\u00eda que gane Scioli\u00bb"},"content":{"rendered":"<p><img data-recalc-dims=\"1\" loading=\"lazy\" decoding=\"async\" class=\"aligncenter size-full wp-image-31377\" src=\"https:\/\/i0.wp.com\/www.24baires.com\/wp-content\/uploads\/2013\/09\/Capusotto.jpg?resize=560%2C314\" alt=\"Capusotto\" width=\"560\" height=\"314\" srcset=\"https:\/\/i0.wp.com\/www.24baires.com\/wp-content\/uploads\/2013\/09\/Capusotto.jpg?w=560 560w, https:\/\/i0.wp.com\/www.24baires.com\/wp-content\/uploads\/2013\/09\/Capusotto.jpg?resize=300%2C168 300w\" sizes=\"auto, (max-width: 560px) 100vw, 560px\" \/>El actor hizo expl\u00edcita su postura de cara al balotaje presidencial. Asegur\u00f3 \u00abdesconfiar del proyecto del PRO\u00bb y ejemplific\u00f3 que \u00abMacri habla de pobreza cero, pero si el d\u00f3lar va a estar a 16 pesos como dice Prat Gay eso no creo que sea posible\u00bb.<!--more--><\/p>\n<p>El actor Diego Capusotto confirm\u00f3 este mi\u00e9rcoles que en el balotaje del 22 de noviembre votar\u00e1 por el candidato del Frente para la Victoria (FpV), Daniel Scioli, y consider\u00f3 que \u00abdesconfiar\u00bb del proyecto pol\u00edtico que encabeza el candidato del frente Cambiemos, Mauricio Macri.<\/p>\n<p>\u00abHablamos como ciudadanos, los proyectos son distintos y uno apoya m\u00e1s uno que otro, claramente\u00bb, sostuvo Capusotto en di\u00e1logo con Radio Am\u00e9rica, y afirm\u00f3: \u00abHay que poner un lugar de raciocinio mas que una cuesti\u00f3n emocional y pensar en t\u00e9rminos de nuestra propia elecci\u00f3n, no matarse con nadie\u00bb.<\/p>\n<p>\u00abA mi juicio hay un escenario posible en este caso de Scioli, que de alguna manera sigue la pol\u00edtica llevada a cargo por el Gobierno. Supongo que tambi\u00e9n con alg\u00fan grado de autocr\u00edtica por algunos descuidos que llevaron a un avance del adversario. Pero creo que a\u00fan con esa autocr\u00edtica uno est\u00e1 m\u00e1s adentro de este proyecto, de un proyecto posible, despu\u00e9s se discutir\u00e1\u00bb, afirm\u00f3 y enfatiz\u00f3: \u00abMe gustar\u00eda que gane Scioli\u00bb.<\/p>\n<p>Luego arremeti\u00f3 contra el l\u00edder del frente Cambiemos: \u00abPerm\u00edtaseme desconfiar del proyecto del PRO que tiene un escenario verbal a mi juicio m\u00e1s cercano a lo publicitario o al libro de autoayuda que a decisiones pol\u00edticas concretas. Igualmente donde se pone firme Macri es cuando habla de pobreza cero. Pero Si el d\u00f3lar va a estar a 16 pesos como dice Prat Gay no s\u00e9 si es posible la pobreza cero\u00bb.<\/p>\n<p>\u00abEsto no tiene que ver con mi situaci\u00f3n personal sino con algo m\u00e1s colectivo. Hablan de todos juntos, pero por el proyecto econ\u00f3mico que plantean habr\u00e1 divisiones. Pasa que las divisiones en la sociedad son complejas\u00bb, opin\u00f3.<\/p>\n<p>Luego record\u00f3 que \u00abla imbecilidad es la \u00fanica enfermedad que no se cura y no se detiene\u00bb y afirm\u00f3: \u00abTenemos que pensar en la profundizaci\u00f3n hacia adelante. Los escenarios cambian y ese tipo que hoy te putea ma\u00f1ana te pide disculpas. Estamos sujetos a un escenario de la pol\u00edtica\u00bb.<\/p>\n<p>\u00abMientras exista la m\u00fasica seguir\u00e9 teniendo ilusiones, cuando desaparezca eso tendr\u00e9 m\u00e1s dudas que certezas. Uno siempre tiene aliados. Todav\u00eda tengo ganas de ir a fiestas en las que uno escapa un poco de la angustia. Me gusta la vida con todo lo que pasa. S\u00ed tengo decidido que hay lugares que no visito, otros s\u00ed\u00bb, agreg\u00f3.<\/p>\n<p>Consultado sobre su personaje Micky Vainilla, desliz\u00f3: \u00abRepresenta lo monstruoso que es el subtexto de alguien, porque Micky nunca dice que es nazi. Eso es lo peligroso. Representa la direccionalidad de las ideas sin que te digan ad\u00f3nde van. Espero que Micky se quede en la ficci\u00f3n\u00bb.<\/p>\n","protected":false},"excerpt":{"rendered":"<p>El actor hizo expl\u00edcita su postura de cara al balotaje presidencial. Asegur\u00f3 \u00abdesconfiar del proyecto del PRO\u00bb y ejemplific\u00f3 que \u00abMacri habla de pobreza cero, pero si el d\u00f3lar va a estar a 16 pesos como dice Prat Gay eso no creo que sea posible\u00bb.<\/p>\n","protected":false},"author":8,"featured_media":0,"comment_status":"open","ping_status":"open","sticky":false,"template":"","format":"standard","meta":{"_jetpack_newsletter_access":"","_jetpack_dont_email_post_to_subs":false,"_jetpack_newsletter_tier_id":0,"_jetpack_memberships_contains_paywalled_content":false,"_jetpack_memberships_contains_paid_content":false,"footnotes":""},"categories":[51],"tags":[],"class_list":["post-74925","post","type-post","status-publish","format-standard","hentry","category-politica"],"jetpack_shortlink":"https:\/\/wp.me\/p2JWE0-jut","jetpack-related-posts":[{"id":31376,"url":"http:\/\/www.24baires.com\/?p=31376","url_meta":{"origin":74925,"position":0},"title":"Peter Capusotto adelant\u00f3 que \u00abno encontrar\u00e1n ning\u00fan cl\u00e1sico\u00bb","author":"GB","date":"05\/09\/2013","format":false,"excerpt":"A d\u00edas de regresar a la pantalla chica con el ya cl\u00e1sico ciclo de humor \"Peter Capusotto y sus videos. Un programa de rock\", Diego Capusotto opin\u00f3 sobre la televisi\u00f3n, el \u00e9xito de \"Sin Codificar\", la ausencia de Marcelo Tinelli y el rating. El lunes 9 de septiembre el humorista\u2026","rel":"","context":"En \u00abEspectaculos\u00bb","block_context":{"text":"Espectaculos","link":"http:\/\/www.24baires.com\/?cat=41"},"img":{"alt_text":"","src":"https:\/\/i0.wp.com\/www.24baires.com\/wp-content\/uploads\/2013\/09\/Capusotto.jpg?resize=350%2C200","width":350,"height":200,"srcset":"https:\/\/i0.wp.com\/www.24baires.com\/wp-content\/uploads\/2013\/09\/Capusotto.jpg?resize=350%2C200 1x, https:\/\/i0.wp.com\/www.24baires.com\/wp-content\/uploads\/2013\/09\/Capusotto.jpg?resize=525%2C300 1.5x"},"classes":[]},{"id":74508,"url":"http:\/\/www.24baires.com\/?p=74508","url_meta":{"origin":74925,"position":1},"title":"Scioli se re\u00fane con intendentes bonaerenses","author":"GB","date":"02\/11\/2015","format":false,"excerpt":"El candidato del FpV asegur\u00f3 que \"el balotaje es una final entre dos proyectos de pa\u00eds\" e insisti\u00f3 en su agenda de campa\u00f1a basada en la promoci\u00f3n del trabajo, las pymes y el 82% m\u00f3vil para jubilaciones m\u00ednimas. El candidato presidencial del Frente para la Victoria, Daniel Scioli, asegur\u00f3 que\u2026","rel":"","context":"En \u00abPol\u00edtica\u00bb","block_context":{"text":"Pol\u00edtica","link":"http:\/\/www.24baires.com\/?cat=51"},"img":{"alt_text":"","src":"https:\/\/i0.wp.com\/www.24baires.com\/wp-content\/uploads\/2015\/11\/scioli-intendentes.jpg?resize=350%2C200","width":350,"height":200,"srcset":"https:\/\/i0.wp.com\/www.24baires.com\/wp-content\/uploads\/2015\/11\/scioli-intendentes.jpg?resize=350%2C200 1x, https:\/\/i0.wp.com\/www.24baires.com\/wp-content\/uploads\/2015\/11\/scioli-intendentes.jpg?resize=525%2C300 1.5x"},"classes":[]},{"id":3461,"url":"http:\/\/www.24baires.com\/?p=3461","url_meta":{"origin":74925,"position":2},"title":"\u00bfScioli o Jes\u00fas de Laferrere?","author":"Grupo Sierra","date":"27\/10\/2012","format":false,"excerpt":"La Provincia ofrece un paisaje pol\u00edtico curioso, con un Senado que impulsa reformas paradigm\u00e1ticas en t\u00e9rminos de seguridad democr\u00e1tica, y un gobierno al que acusan de estar m\u00e1s interesado en el glamour de Susana Gim\u00e9nez que en conversar con maestros, profesoras y otros trabajadores. Le caiga o no simp\u00e1tico el\u2026","rel":"","context":"En \u00abPol\u00edtica\u00bb","block_context":{"text":"Pol\u00edtica","link":"http:\/\/www.24baires.com\/?cat=51"},"img":{"alt_text":"","src":"https:\/\/i0.wp.com\/www.24baires.com\/wp-content\/uploads\/2012\/10\/219624106_scioli-300x190.jpg?resize=350%2C200","width":350,"height":200},"classes":[]},{"id":74338,"url":"http:\/\/www.24baires.com\/?p=74338","url_meta":{"origin":74925,"position":3},"title":"Scioli: \u00abTrabajemos sin descanso de ac\u00e1 al 22 de noviembre\u00bb","author":"AF","date":"29\/10\/2015","format":false,"excerpt":"El candidato presidencial del Frente Para la Victoria, Daniel Scioli, habl\u00f3 tras participar de la asunci\u00f3n de Juan Manzur como gobernador de Tucum\u00e1n. \"Juntos encaremos esta agenda de desarrollo y equidad\", agreg\u00f3. El candidato presidencial del Frente para la Victoria (FPV), Daniel Scioli, le pidi\u00f3 hoy a los tucumanos que\u2026","rel":"","context":"En \u00abElecciones 2015\u00bb","block_context":{"text":"Elecciones 2015","link":"http:\/\/www.24baires.com\/?cat=74"},"img":{"alt_text":"","src":"https:\/\/i0.wp.com\/www.24baires.com\/wp-content\/uploads\/2015\/10\/mazur-scioli.jpg?resize=350%2C200","width":350,"height":200,"srcset":"https:\/\/i0.wp.com\/www.24baires.com\/wp-content\/uploads\/2015\/10\/mazur-scioli.jpg?resize=350%2C200 1x, https:\/\/i0.wp.com\/www.24baires.com\/wp-content\/uploads\/2015\/10\/mazur-scioli.jpg?resize=525%2C300 1.5x"},"classes":[]},{"id":12143,"url":"http:\/\/www.24baires.com\/?p=12143","url_meta":{"origin":74925,"position":4},"title":"Papel\u00f3n en Necochea: el Intendente inaugur\u00f3 una pileta de lona por segundo a\u00f1o consecutivo","author":"AF","date":"14\/01\/2013","format":false,"excerpt":"En medio de las sospechas sobre corrupci\u00f3n que caen sobre el intendente de Necochea, Horacio Tellechea, la apertura de la precaria piscina fue comunicada como una obra en el bolet\u00edn oficial. La misma ya hab\u00eda sido inaugurada hace un a\u00f1o. Para la UCR, la noticia \"parece un sketch del programa\u2026","rel":"","context":"En \u00abPol\u00edtica\u00bb","block_context":{"text":"Pol\u00edtica","link":"http:\/\/www.24baires.com\/?cat=51"},"img":{"alt_text":"tellechea pelopincho","src":"https:\/\/i0.wp.com\/www.24baires.com\/wp-content\/uploads\/2013\/01\/tellechea-pelopincho-300x168.jpg?resize=350%2C200","width":350,"height":200},"classes":[]},{"id":111907,"url":"http:\/\/www.24baires.com\/?p=111907","url_meta":{"origin":74925,"position":5},"title":"\u00abEl Gobierno reorient\u00f3 su pol\u00edtica econ\u00f3mica para llegar al balotaje\u00bb, dijo Sica","author":"GB","date":"03\/09\/2019","format":false,"excerpt":"El ministro de Producci\u00f3n admiti\u00f3 que las \u00faltimas medidas que tom\u00f3 la gesti\u00f3n de Macri son para \"tener un buen resultado electoral\". El ministro de Producci\u00f3n y Trabajo, Dante Sica, sostuvo este lunes que el Gobierno est\u00e1 \"reorientando\" su pol\u00edtica econ\u00f3mica para \"tener la chance de ir al balotaje\" en\u2026","rel":"","context":"En \u00abPol\u00edtica\u00bb","block_context":{"text":"Pol\u00edtica","link":"http:\/\/www.24baires.com\/?cat=51"},"img":{"alt_text":"","src":"https:\/\/i0.wp.com\/www.24baires.com\/wp-content\/uploads\/2019\/08\/macri-sica.jpg?resize=350%2C200","width":350,"height":200,"srcset":"https:\/\/i0.wp.com\/www.24baires.com\/wp-content\/uploads\/2019\/08\/macri-sica.jpg?resize=350%2C200 1x, https:\/\/i0.wp.com\/www.24baires.com\/wp-content\/uploads\/2019\/08\/macri-sica.jpg?resize=525%2C300 1.5x"},"classes":[]}],"jetpack_sharing_enabled":true,"jetpack_likes_enabled":true,"jetpack_featured_media_url":"","_links":{"self":[{"href":"http:\/\/www.24baires.com\/index.php?rest_route=\/wp\/v2\/posts\/74925","targetHints":{"allow":["GET"]}}],"collection":[{"href":"http:\/\/www.24baires.com\/index.php?rest_route=\/wp\/v2\/posts"}],"about":[{"href":"http:\/\/www.24baires.com\/index.php?rest_route=\/wp\/v2\/types\/post"}],"author":[{"embeddable":true,"href":"http:\/\/www.24baires.com\/index.php?rest_route=\/wp\/v2\/users\/8"}],"replies":[{"embeddable":true,"href":"http:\/\/www.24baires.com\/index.php?rest_route=%2Fwp%2Fv2%2Fcomments&post=74925"}],"version-history":[{"count":1,"href":"http:\/\/www.24baires.com\/index.php?rest_route=\/wp\/v2\/posts\/74925\/revisions"}],"predecessor-version":[{"id":74926,"href":"http:\/\/www.24baires.com\/index.php?rest_route=\/wp\/v2\/posts\/74925\/revisions\/74926"}],"wp:attachment":[{"href":"http:\/\/www.24baires.com\/index.php?rest_route=%2Fwp%2Fv2%2Fmedia&parent=74925"}],"wp:term":[{"taxonomy":"category","embeddable":true,"href":"http:\/\/www.24baires.com\/index.php?rest_route=%2Fwp%2Fv2%2Fcategories&post=74925"},{"taxonomy":"post_tag","embeddable":true,"href":"http:\/\/www.24baires.com\/index.php?rest_route=%2Fwp%2Fv2%2Ftags&post=74925"}],"curies":[{"name":"wp","href":"https:\/\/api.w.org\/{rel}","templated":true}]}}