{"id":74912,"date":"2015-11-11T14:30:47","date_gmt":"2015-11-11T17:30:47","guid":{"rendered":"http:\/\/www.24baires.com\/?p=74912"},"modified":"2015-11-11T12:10:06","modified_gmt":"2015-11-11T15:10:06","slug":"para-dominguez-macri-se-puso-la-piel-de-cordero","status":"publish","type":"post","link":"http:\/\/www.24baires.com\/?p=74912","title":{"rendered":"Para Dom\u00ednguez, \u00abMacri se puso la piel de cordero\u00bb"},"content":{"rendered":"<p><img data-recalc-dims=\"1\" loading=\"lazy\" decoding=\"async\" class=\"aligncenter size-full wp-image-74913\" src=\"https:\/\/i0.wp.com\/www.24baires.com\/wp-content\/uploads\/2015\/11\/julian-dominguez1.jpg?resize=560%2C262\" alt=\"julian dominguez1\" width=\"560\" height=\"262\" srcset=\"https:\/\/i0.wp.com\/www.24baires.com\/wp-content\/uploads\/2015\/11\/julian-dominguez1.jpg?w=560 560w, https:\/\/i0.wp.com\/www.24baires.com\/wp-content\/uploads\/2015\/11\/julian-dominguez1.jpg?resize=300%2C140 300w\" sizes=\"auto, (max-width: 560px) 100vw, 560px\" \/>El titular de la C\u00e1mara de Diputados expres\u00f3 que si el postulante de Cambiemos gana el balotaje, \u00abva a gobernar para sectores concentrados\u00bb.<!--more--><\/p>\n<p>\u00abCuando casi pierde la elecciones en la ciudad de Buenos Aires, Macri se puso la piel de cordero y dijo &#8216;ya pienso de otra manera&#8217;, pero el verdadero Macri es el de antes. Macri va a gobernar para el sector m\u00e1s concentrado de la econom\u00eda\u00bb, dijo Dom\u00ednguez en declaraciones radiales.<\/p>\n<p>\u00abEl otro d\u00eda me dec\u00edan unos trabajadores en Chacabuco que Macri expresa el 1 por ciento m\u00e1s rico de la Argentina y que no quer\u00edan elegir al patr\u00f3n de los ricos sino elegir al que garantice un gobierno para todos los sectores populares. Y ah\u00ed esta la diferencia central: para quien va a gobernar uno y otro\u00bb, a\u00f1adi\u00f3.<\/p>\n<p>De cara a la segunda vuelta. En cuanto al debate del pr\u00f3ximo domingo, Dom\u00ednguez dijo que \u00abservir\u00e1 para que quede demostrado las propuestas de los dos modelos de pa\u00eds\u00bb y se\u00f1al\u00f3 que conf\u00eda en la \u00abcapacidad de di\u00e1logo\u00bb de Scioli para defender sus ideas.<\/p>\n<p>A modo de autocr\u00edtica, dijo que los errores que cometi\u00f3 el oficialismo se centran en que \u00aba la hora de incorporar a sectores que nos han querido acompa\u00f1ar, no los hemos incorporado a la toma de decisiones\u00bb y consider\u00f3 necesario \u00abescuchar lo que nos dijeron las urnas\u00bb.<\/p>\n<p>\u00abLa gente nos pide mayor dialogo social, concertaci\u00f3n y capacidad de escuchar a la generaci\u00f3n que va a continuar los pr\u00f3ximos a\u00f1os\u00bb, asever\u00f3 el titular de la C\u00e1mara de Diputados.<\/p>\n<p>La situaci\u00f3n en Merlo. En cuanto a la toma de un terreno en Merlo, Dom\u00ednguez reconoci\u00f3 que hay un \u00abd\u00e9ficit habitacional de 600 mil viviendas\u00bb en la provincia de Buenos Aires y por eso Daniel Scioli propone \u00abtrabajar para que cada argentino pueda ser propietario\u00bb, y se\u00f1alo que \u00absi hubo alg\u00fan instigador, hay que caerle con todo el peso de la ley\u00bb.<\/p>\n","protected":false},"excerpt":{"rendered":"<p>El titular de la C\u00e1mara de Diputados expres\u00f3 que si el postulante de Cambiemos gana el balotaje, \u00abva a gobernar para sectores concentrados\u00bb.<\/p>\n","protected":false},"author":8,"featured_media":0,"comment_status":"open","ping_status":"open","sticky":false,"template":"","format":"standard","meta":{"_jetpack_newsletter_access":"","_jetpack_dont_email_post_to_subs":false,"_jetpack_newsletter_tier_id":0,"_jetpack_memberships_contains_paywalled_content":false,"_jetpack_memberships_contains_paid_content":false,"footnotes":""},"categories":[51],"tags":[],"class_list":["post-74912","post","type-post","status-publish","format-standard","hentry","category-politica"],"jetpack_shortlink":"https:\/\/wp.me\/p2JWE0-jug","jetpack-related-posts":[{"id":58634,"url":"http:\/\/www.24baires.com\/?p=58634","url_meta":{"origin":74912,"position":0},"title":"Fresneda retruc\u00f3: \u00abLa memoria no se cierra hasta que no encontremos al \u00faltimo nieto\u00bb","author":"Grupo Sierra","date":"14\/12\/2014","format":false,"excerpt":"El secretario de Derechos Humanos de la Naci\u00f3n calific\u00f3 como graves las declaraciones de Sergio Massa y Mauricio Macri sobre la pol\u00edtica oficial de derechos humanos. En ese sentido, tambi\u00e9n se pronunciaron los ministros Agust\u00edn Rossi y Florencio Randazzo, quienes pidieron una continuidad de los juicios de lesa humanidad. Las\u2026","rel":"","context":"En \u00abSociedad\u00bb","block_context":{"text":"Sociedad","link":"http:\/\/www.24baires.com\/?cat=1"},"img":{"alt_text":"fresneda","src":"https:\/\/i0.wp.com\/www.24baires.com\/wp-content\/uploads\/2014\/10\/fresneda.jpg?resize=350%2C200","width":350,"height":200,"srcset":"https:\/\/i0.wp.com\/www.24baires.com\/wp-content\/uploads\/2014\/10\/fresneda.jpg?resize=350%2C200 1x, https:\/\/i0.wp.com\/www.24baires.com\/wp-content\/uploads\/2014\/10\/fresneda.jpg?resize=525%2C300 1.5x"},"classes":[]},{"id":74542,"url":"http:\/\/www.24baires.com\/?p=74542","url_meta":{"origin":74912,"position":1},"title":"\u00abMacri representa los cambios que dejan a 20 millones de argentinos afuera\u00bb","author":"AF","date":"03\/11\/2015","format":false,"excerpt":"El presidente de la C\u00e1mara de Diputados, Juli\u00e1n Dom\u00ednguez, asegur\u00f3 que el candidato a presidente por el Frente Para la Victoria, Daniel Scioli, representa \"el verdadero cambio, el buen cambio\". \"Vamos a interpelar al conjunto de la sociedad, tenemos un mensaje para transmitir a los que nos votaron (el 25\u2026","rel":"","context":"En \u00abElecciones 2015\u00bb","block_context":{"text":"Elecciones 2015","link":"http:\/\/www.24baires.com\/?cat=74"},"img":{"alt_text":"julian dominguez","src":"https:\/\/i0.wp.com\/www.24baires.com\/wp-content\/uploads\/2015\/07\/julian-dominguez.jpg?resize=350%2C200","width":350,"height":200,"srcset":"https:\/\/i0.wp.com\/www.24baires.com\/wp-content\/uploads\/2015\/07\/julian-dominguez.jpg?resize=350%2C200 1x, https:\/\/i0.wp.com\/www.24baires.com\/wp-content\/uploads\/2015\/07\/julian-dominguez.jpg?resize=525%2C300 1.5x"},"classes":[]},{"id":65240,"url":"http:\/\/www.24baires.com\/?p=65240","url_meta":{"origin":74912,"position":2},"title":"\u00abNo es conveniente que Insaurralde integre una f\u00f3rmula del Frente para la Victoria\u00bb","author":"GB","date":"03\/05\/2015","format":false,"excerpt":"El presidente de la C\u00e1mara de Diputados y precandidato a gobernador bonaerense, Juli\u00e1n Dom\u00ednguez, manifest\u00f3 que \"no es lo m\u00e1s conveniente que (Mart\u00edn) Insaurralde integre una formula del FpV despu\u00e9s de las dudas que expres\u00f3 en su momento\". \"Creo que no es lo m\u00e1s conveniente que Insaurralde integre una formula\u2026","rel":"","context":"En \u00abProvincia\u00bb","block_context":{"text":"Provincia","link":"http:\/\/www.24baires.com\/?cat=40"},"img":{"alt_text":"dominguez_julian","src":"https:\/\/i0.wp.com\/www.24baires.com\/wp-content\/uploads\/2013\/01\/dominguez_julian.jpg?resize=350%2C200","width":350,"height":200,"srcset":"https:\/\/i0.wp.com\/www.24baires.com\/wp-content\/uploads\/2013\/01\/dominguez_julian.jpg?resize=350%2C200 1x, https:\/\/i0.wp.com\/www.24baires.com\/wp-content\/uploads\/2013\/01\/dominguez_julian.jpg?resize=525%2C300 1.5x"},"classes":[]},{"id":120599,"url":"http:\/\/www.24baires.com\/?p=120599","url_meta":{"origin":74912,"position":3},"title":"Kicillof: \u00abNecesitamos un gobierno con objetivos claros\u00bb","author":"GB","date":"28\/10\/2023","format":false,"excerpt":"El gobernador de la provincia de Buenos Aires asegur\u00f3 que los argentinos necesitan \u201cun gobierno con los objetivos claros y eso no se logra con Milei y Macri\" En una declaraci\u00f3n realizada hoy, el gobernador de la provincia de Buenos Aires, Axel Kicillof, puso de manifiesto la necesidad de un\u2026","rel":"","context":"En \u00abProvincia\u00bb","block_context":{"text":"Provincia","link":"http:\/\/www.24baires.com\/?cat=40"},"img":{"alt_text":"","src":"https:\/\/i0.wp.com\/www.24baires.com\/wp-content\/uploads\/2023\/09\/kicillof.webp?resize=350%2C200","width":350,"height":200,"srcset":"https:\/\/i0.wp.com\/www.24baires.com\/wp-content\/uploads\/2023\/09\/kicillof.webp?resize=350%2C200 1x, https:\/\/i0.wp.com\/www.24baires.com\/wp-content\/uploads\/2023\/09\/kicillof.webp?resize=525%2C300 1.5x, https:\/\/i0.wp.com\/www.24baires.com\/wp-content\/uploads\/2023\/09\/kicillof.webp?resize=700%2C400 2x"},"classes":[]},{"id":91623,"url":"http:\/\/www.24baires.com\/?p=91623","url_meta":{"origin":74912,"position":4},"title":"Juli\u00e1n Dom\u00ednguez: \u00abMacri nos gan\u00f3 las elecciones porque estuvimos mir\u00e1ndonos el ombligo\u00bb","author":"AF","date":"16\/01\/2017","format":false,"excerpt":"El dirigente peronista reclam\u00f3 \"a los militantes del campo nacional y popular\" dejar \"de hablar pelotudeces y descalificarse entre los propios compa\u00f1eros\", ya que \"hay que mirar la pol\u00edtica pensando en la gente y no en los dirigentes\". Asimismo, el ex presidente de la C\u00e1mara de Diputados desliz\u00f3 que la\u2026","rel":"","context":"En \u00abPol\u00edtica\u00bb","block_context":{"text":"Pol\u00edtica","link":"http:\/\/www.24baires.com\/?cat=51"},"img":{"alt_text":"","src":"https:\/\/i0.wp.com\/www.24baires.com\/wp-content\/uploads\/2012\/09\/dominguez-julian.jpg?resize=350%2C200","width":350,"height":200,"srcset":"https:\/\/i0.wp.com\/www.24baires.com\/wp-content\/uploads\/2012\/09\/dominguez-julian.jpg?resize=350%2C200 1x, https:\/\/i0.wp.com\/www.24baires.com\/wp-content\/uploads\/2012\/09\/dominguez-julian.jpg?resize=525%2C300 1.5x"},"classes":[]},{"id":104815,"url":"http:\/\/www.24baires.com\/?p=104815","url_meta":{"origin":74912,"position":5},"title":"Carri\u00f3: \u00abPerd\u00ed la confianza en el Presidente\u00bb","author":"AF","date":"07\/10\/2018","format":false,"excerpt":"La principal socia pol\u00edtica de la alianza gobernante le apunt\u00f3 por primera vez al presidente Mauricio Macri. Luego de sus cruces con el ministro de Justicia, Germ\u00e1n Garavano, y su enojo por la salida de la AFIP de tres funcionarios que ten\u00edan su \"apoyo\", la l\u00edder de la Coalici\u00f3n C\u00edvica\u2026","rel":"","context":"En \u00abPol\u00edtica\u00bb","block_context":{"text":"Pol\u00edtica","link":"http:\/\/www.24baires.com\/?cat=51"},"img":{"alt_text":"","src":"https:\/\/i0.wp.com\/www.24baires.com\/wp-content\/uploads\/2018\/07\/carri%C3%B3.jpg?resize=350%2C200","width":350,"height":200,"srcset":"https:\/\/i0.wp.com\/www.24baires.com\/wp-content\/uploads\/2018\/07\/carri%C3%B3.jpg?resize=350%2C200 1x, https:\/\/i0.wp.com\/www.24baires.com\/wp-content\/uploads\/2018\/07\/carri%C3%B3.jpg?resize=525%2C300 1.5x"},"classes":[]}],"jetpack_sharing_enabled":true,"jetpack_likes_enabled":true,"jetpack_featured_media_url":"","_links":{"self":[{"href":"http:\/\/www.24baires.com\/index.php?rest_route=\/wp\/v2\/posts\/74912","targetHints":{"allow":["GET"]}}],"collection":[{"href":"http:\/\/www.24baires.com\/index.php?rest_route=\/wp\/v2\/posts"}],"about":[{"href":"http:\/\/www.24baires.com\/index.php?rest_route=\/wp\/v2\/types\/post"}],"author":[{"embeddable":true,"href":"http:\/\/www.24baires.com\/index.php?rest_route=\/wp\/v2\/users\/8"}],"replies":[{"embeddable":true,"href":"http:\/\/www.24baires.com\/index.php?rest_route=%2Fwp%2Fv2%2Fcomments&post=74912"}],"version-history":[{"count":1,"href":"http:\/\/www.24baires.com\/index.php?rest_route=\/wp\/v2\/posts\/74912\/revisions"}],"predecessor-version":[{"id":74914,"href":"http:\/\/www.24baires.com\/index.php?rest_route=\/wp\/v2\/posts\/74912\/revisions\/74914"}],"wp:attachment":[{"href":"http:\/\/www.24baires.com\/index.php?rest_route=%2Fwp%2Fv2%2Fmedia&parent=74912"}],"wp:term":[{"taxonomy":"category","embeddable":true,"href":"http:\/\/www.24baires.com\/index.php?rest_route=%2Fwp%2Fv2%2Fcategories&post=74912"},{"taxonomy":"post_tag","embeddable":true,"href":"http:\/\/www.24baires.com\/index.php?rest_route=%2Fwp%2Fv2%2Ftags&post=74912"}],"curies":[{"name":"wp","href":"https:\/\/api.w.org\/{rel}","templated":true}]}}