{"id":74907,"date":"2015-11-11T12:30:52","date_gmt":"2015-11-11T15:30:52","guid":{"rendered":"http:\/\/www.24baires.com\/?p=74907"},"modified":"2015-11-11T12:00:09","modified_gmt":"2015-11-11T15:00:09","slug":"kicillof-ironico-se-refirio-a-cambiemos-como-volvamos","status":"publish","type":"post","link":"http:\/\/www.24baires.com\/?p=74907","title":{"rendered":"Kicillof, ir\u00f3nico se refiri\u00f3 a Cambiemos como \u00abVolvamos\u00bb"},"content":{"rendered":"<p><img data-recalc-dims=\"1\" loading=\"lazy\" decoding=\"async\" class=\"aligncenter size-full wp-image-50857\" src=\"https:\/\/i0.wp.com\/www.24baires.com\/wp-content\/uploads\/2014\/07\/kicillof.jpg?resize=560%2C373\" alt=\"kicillof\" width=\"560\" height=\"373\" srcset=\"https:\/\/i0.wp.com\/www.24baires.com\/wp-content\/uploads\/2014\/07\/kicillof.jpg?w=560 560w, https:\/\/i0.wp.com\/www.24baires.com\/wp-content\/uploads\/2014\/07\/kicillof.jpg?resize=300%2C199 300w\" sizes=\"auto, (max-width: 560px) 100vw, 560px\" \/>El ministro de Econom\u00eda consider\u00f3 que el frente que lleva como candidato a Mauricio Macri \u00abnecesita hablar de una cat\u00e1strofe que no existe para imponer un ajuste\u00bb. Neg\u00f3 un estancamiento y que haya cepo.<!--more--><\/p>\n<p>El ministro de Econom\u00eda y electo diputado nacional, Axel Kicillof, neg\u00f3 un estancamiento de la econom\u00eda al asegurar que \u00abnadie\u00bb desde la oposici\u00f3n habla de una inflaci\u00f3n de m\u00e1s del 23 por ciento para este a\u00f1o, y las paritarias han cerrado por el 30 o 32 por ciento promedio\u00bb.<\/p>\n<p>\u00abNecesitan hablar de una cat\u00e1strofe que no existe para poder imponer el ajuste: apertura indiscriminada de las exportaciones y baja del salario\u00bb, alert\u00f3 el titular del Palacio de Hacienda.<br \/>\nDe esta manera, desminti\u00f3 a los economistas del PRO y a los medios opositores, quienes se\u00f1alan que el pa\u00eds lleva \u00abocho a\u00f1os de estancamiento y baja del salario real\u00bb.<\/p>\n<p>Tambi\u00e9n desminti\u00f3 que haya un cepo cambiario, ya que \u00abPr\u00e1cticamente vendimos 99.000 millones de d\u00f3lares. Dicen que la econom\u00eda est\u00e1 estancada: mentira. Dicen que los salarios est\u00e1n estancados: mentira. Tratan de instalar desde el PRO esta campa\u00f1a de mentiras para llevar adelante el plan de Volvamos, no de Cambiemos: volvamos al ajuste, a la m\u00e1xima devaluaci\u00f3n, al Estado ausente, a la econom\u00eda sin subsidios, es decir con tarifazos\u00bb, enumer\u00f3.<\/p>\n<p>\u00abObviamente que faltan cosas por hacer en desempleo, en pobreza y en muchos otros \u00e1mbitos, falta mucho en la reindustrializaci\u00f3n. Pero ellos necesitan hablar de una cat\u00e1strofe que no existe para poder imponer las pol\u00edticas del mercado y del ajuste. Melconian, Sturzenegger, Prat Gay, Aranguren, todos dicen que vamos hacia mucho m\u00e1s mercado. Lo m\u00e1s profundo es que queremos un Estado presente. Lo que est\u00e1n prometiendo es la ca\u00edda del salario\u00bb, agreg\u00f3.<\/p>\n","protected":false},"excerpt":{"rendered":"<p>El ministro de Econom\u00eda consider\u00f3 que el frente que lleva como candidato a Mauricio Macri \u00abnecesita hablar de una cat\u00e1strofe que no existe para imponer un ajuste\u00bb. Neg\u00f3 un estancamiento y que haya cepo.<\/p>\n","protected":false},"author":8,"featured_media":0,"comment_status":"open","ping_status":"open","sticky":false,"template":"","format":"standard","meta":{"_jetpack_newsletter_access":"","_jetpack_dont_email_post_to_subs":false,"_jetpack_newsletter_tier_id":0,"_jetpack_memberships_contains_paywalled_content":false,"_jetpack_memberships_contains_paid_content":false,"footnotes":""},"categories":[51],"tags":[],"class_list":["post-74907","post","type-post","status-publish","format-standard","hentry","category-politica"],"jetpack_shortlink":"https:\/\/wp.me\/p2JWE0-jub","jetpack-related-posts":[{"id":65395,"url":"http:\/\/www.24baires.com\/?p=65395","url_meta":{"origin":74907,"position":0},"title":"La reducci\u00f3n del Impuesto a las Ganancias ser\u00e1 retroactiva al primero de enero","author":"GB","date":"05\/05\/2015","format":false,"excerpt":"As\u00ed lo explic\u00f3 el ministro de Econom\u00eda, Axel Kicillof, por lo que las modificaciones en las escalas del impuesto para los salarios de entre 15.000 y $25.000 se abonar\u00e1n en junio. Ser\u00e1 aplicable a los trabajadores comprendidos dentro de estos montos en el a\u00f1o 2013. El ministro de Econom\u00eda, Axel\u2026","rel":"","context":"En \u00abEconom\u00eda\u00bb","block_context":{"text":"Econom\u00eda","link":"http:\/\/www.24baires.com\/?cat=45"},"img":{"alt_text":"kicillof","src":"https:\/\/i0.wp.com\/www.24baires.com\/wp-content\/uploads\/2014\/07\/kicillof.jpg?resize=350%2C200","width":350,"height":200,"srcset":"https:\/\/i0.wp.com\/www.24baires.com\/wp-content\/uploads\/2014\/07\/kicillof.jpg?resize=350%2C200 1x, https:\/\/i0.wp.com\/www.24baires.com\/wp-content\/uploads\/2014\/07\/kicillof.jpg?resize=525%2C300 1.5x"},"classes":[]},{"id":100670,"url":"http:\/\/www.24baires.com\/?p=100670","url_meta":{"origin":74907,"position":1},"title":"El Gobierno y los gremios docentes vuelven a reunirse esta tarde","author":"GB","date":"22\/02\/2018","format":false,"excerpt":"El Gobierno no muestra intenciones de moverse de la oferta de 15 por ciento en tres tramos y la negociaci\u00f3n parece estancada. Hoy insistir\u00eda con el tal\u00f3n de Aquiles de los gremios: el ausentismo. Representantes del Gobierno y de los docentes se ver\u00e1n esta tarde, a partir de las 17,\u2026","rel":"","context":"En \u00abProvincia\u00bb","block_context":{"text":"Provincia","link":"http:\/\/www.24baires.com\/?cat=40"},"img":{"alt_text":"","src":"https:\/\/i0.wp.com\/www.24baires.com\/wp-content\/uploads\/2015\/12\/paritaria-docentes.jpg?resize=350%2C200","width":350,"height":200,"srcset":"https:\/\/i0.wp.com\/www.24baires.com\/wp-content\/uploads\/2015\/12\/paritaria-docentes.jpg?resize=350%2C200 1x, https:\/\/i0.wp.com\/www.24baires.com\/wp-content\/uploads\/2015\/12\/paritaria-docentes.jpg?resize=525%2C300 1.5x"},"classes":[]},{"id":44753,"url":"http:\/\/www.24baires.com\/?p=44753","url_meta":{"origin":74907,"position":2},"title":"\u201cEs rid\u00edculo pensar que si se duplic\u00f3 el PBI y se crearon millones de empleos, aument\u00f3 la pobreza\u201d","author":"GB","date":"26\/04\/2014","format":false,"excerpt":"El ministro de Econom\u00eda consider\u00f3 que existe \"una clara intencionalidad pol\u00edtica\", en quienes \"quieren negar los logros alcanzados respecto de la baja de pobreza, desempleo y desigualdad\" en los \u00faltimos 10 a\u00f1os. Y desafi\u00f3 a que desde esos sectores expliquen c\u00f3mo hacen los c\u00e1lculos \"y cu\u00e1les ser\u00edan sus propuestas\" para\u2026","rel":"","context":"En \u00abEconom\u00eda\u00bb","block_context":{"text":"Econom\u00eda","link":"http:\/\/www.24baires.com\/?cat=45"},"img":{"alt_text":"kicillof2","src":"https:\/\/i0.wp.com\/www.24baires.com\/wp-content\/uploads\/2014\/01\/kicillof2.jpg?resize=350%2C200","width":350,"height":200,"srcset":"https:\/\/i0.wp.com\/www.24baires.com\/wp-content\/uploads\/2014\/01\/kicillof2.jpg?resize=350%2C200 1x, https:\/\/i0.wp.com\/www.24baires.com\/wp-content\/uploads\/2014\/01\/kicillof2.jpg?resize=525%2C300 1.5x"},"classes":[]},{"id":40425,"url":"http:\/\/www.24baires.com\/?p=40425","url_meta":{"origin":74907,"position":3},"title":"\u00abEl plan de la derecha es siempre la reducci\u00f3n del gasto p\u00fablico\u00bb dijo Kicillof","author":"GB","date":"14\/02\/2014","format":false,"excerpt":"El ministro de Econom\u00eda, Axel Kicillof, dijo hoy que la oposici\u00f3n tiene planes \"ajustadores, recesivos y regresivos\", y pidi\u00f3 que hablen \"con la verdad a la gente y digan qu\u00e9 partidas quieren reducir\". El ministro de Econom\u00eda, Axel Kicillof, dijo hoy que la oposici\u00f3n tiene planes \"ajustadores, recesivos y regresivos\",\u2026","rel":"","context":"En \u00abEconom\u00eda\u00bb","block_context":{"text":"Econom\u00eda","link":"http:\/\/www.24baires.com\/?cat=45"},"img":{"alt_text":"","src":"","width":0,"height":0},"classes":[]},{"id":74997,"url":"http:\/\/www.24baires.com\/?p=74997","url_meta":{"origin":74907,"position":4},"title":"Kicillof: Desde Cambiemos quieren instalar \u201cun clima de que todo est\u00e1 mal\u201d","author":"GB","date":"13\/11\/2015","format":false,"excerpt":"El ministro de Econom\u00eda y diputado nacional electo (FpV) asegur\u00f3 que esa campa\u00f1a tiene el objetivo de \u201cjustificar las medidas que piensan tomar si ganan\u201d la segunda vuelta presidencial que se llevar\u00e1 a cabo el pr\u00f3ximo 22 de noviembre. Entre esas acciones que advierte el funcionario nacional que adoptar\u00eda el\u2026","rel":"","context":"En \u00abEconom\u00eda\u00bb","block_context":{"text":"Econom\u00eda","link":"http:\/\/www.24baires.com\/?cat=45"},"img":{"alt_text":"kicillof onu","src":"https:\/\/i0.wp.com\/www.24baires.com\/wp-content\/uploads\/2015\/04\/kicillof-onu.jpg?resize=350%2C200","width":350,"height":200,"srcset":"https:\/\/i0.wp.com\/www.24baires.com\/wp-content\/uploads\/2015\/04\/kicillof-onu.jpg?resize=350%2C200 1x, https:\/\/i0.wp.com\/www.24baires.com\/wp-content\/uploads\/2015\/04\/kicillof-onu.jpg?resize=525%2C300 1.5x"},"classes":[]},{"id":63690,"url":"http:\/\/www.24baires.com\/?p=63690","url_meta":{"origin":74907,"position":5},"title":"\u00abLa suspensi\u00f3n del Citi seguir\u00e1 hasta que cumplan la ley\u00bb, asegur\u00f3 Kicillof","author":"AF","date":"29\/03\/2015","format":false,"excerpt":"El ministro de Econom\u00eda, Axel Kicillof, dijo hoy que la suspensi\u00f3n del Citibank en el pa\u00eds se mantendr\u00e1 \"hasta que cumpla la ley\" y se\u00f1al\u00f3 que la entidad bancaria \"se autoinculp\u00f3\" en la pelea contra los fondos buitre.\u00a0 En una entrevista publicada hoy en Tiempo Argentino, Kicillof dijo que \"el\u2026","rel":"","context":"En \u00abEconom\u00eda\u00bb","block_context":{"text":"Econom\u00eda","link":"http:\/\/www.24baires.com\/?cat=45"},"img":{"alt_text":"","src":"","width":0,"height":0},"classes":[]}],"jetpack_sharing_enabled":true,"jetpack_likes_enabled":true,"jetpack_featured_media_url":"","_links":{"self":[{"href":"http:\/\/www.24baires.com\/index.php?rest_route=\/wp\/v2\/posts\/74907","targetHints":{"allow":["GET"]}}],"collection":[{"href":"http:\/\/www.24baires.com\/index.php?rest_route=\/wp\/v2\/posts"}],"about":[{"href":"http:\/\/www.24baires.com\/index.php?rest_route=\/wp\/v2\/types\/post"}],"author":[{"embeddable":true,"href":"http:\/\/www.24baires.com\/index.php?rest_route=\/wp\/v2\/users\/8"}],"replies":[{"embeddable":true,"href":"http:\/\/www.24baires.com\/index.php?rest_route=%2Fwp%2Fv2%2Fcomments&post=74907"}],"version-history":[{"count":1,"href":"http:\/\/www.24baires.com\/index.php?rest_route=\/wp\/v2\/posts\/74907\/revisions"}],"predecessor-version":[{"id":74908,"href":"http:\/\/www.24baires.com\/index.php?rest_route=\/wp\/v2\/posts\/74907\/revisions\/74908"}],"wp:attachment":[{"href":"http:\/\/www.24baires.com\/index.php?rest_route=%2Fwp%2Fv2%2Fmedia&parent=74907"}],"wp:term":[{"taxonomy":"category","embeddable":true,"href":"http:\/\/www.24baires.com\/index.php?rest_route=%2Fwp%2Fv2%2Fcategories&post=74907"},{"taxonomy":"post_tag","embeddable":true,"href":"http:\/\/www.24baires.com\/index.php?rest_route=%2Fwp%2Fv2%2Ftags&post=74907"}],"curies":[{"name":"wp","href":"https:\/\/api.w.org\/{rel}","templated":true}]}}