{"id":74898,"date":"2015-11-11T11:30:42","date_gmt":"2015-11-11T14:30:42","guid":{"rendered":"http:\/\/www.24baires.com\/?p=74898"},"modified":"2015-11-11T19:28:01","modified_gmt":"2015-11-11T22:28:01","slug":"scioli-sobre-la-toma-en-merlo-abordamos-el-tema-con-paz-y-sin-represion","status":"publish","type":"post","link":"http:\/\/www.24baires.com\/?p=74898","title":{"rendered":"Scioli sobre la toma en Merlo: \u00abAbordamos el tema con paz y sin represi\u00f3n\u00bb"},"content":{"rendered":"<p><img data-recalc-dims=\"1\" loading=\"lazy\" decoding=\"async\" class=\"aligncenter size-full wp-image-74899\" src=\"https:\/\/i0.wp.com\/www.24baires.com\/wp-content\/uploads\/2015\/11\/ocupacion-merlo.jpg?resize=560%2C385\" alt=\"ocupacion merlo\" width=\"560\" height=\"385\" srcset=\"https:\/\/i0.wp.com\/www.24baires.com\/wp-content\/uploads\/2015\/11\/ocupacion-merlo.jpg?w=560 560w, https:\/\/i0.wp.com\/www.24baires.com\/wp-content\/uploads\/2015\/11\/ocupacion-merlo.jpg?resize=300%2C206 300w\" sizes=\"auto, (max-width: 560px) 100vw, 560px\" \/>El gobernador bonaerense y candidato a presidente del FpV destac\u00f3 la metodolog\u00eda elegida para resolver la ocupaci\u00f3n de terrenos realizada por intrusos a la vera de la ruta 1003 en el oeste de la Provincia. \u00abAs\u00ed manejo los conflictos\u00bb, subray\u00f3.<!--more--><\/p>\n<p>Tras la toma efectuada por familias en el predio de unas 60 hect\u00e1reas en el partido de Merlo, el gobernador bonaerense remarc\u00f3 este mi\u00e9rcoles que el tema ser\u00e1 abordado con \u00abpaz y sin violencia\u00bb. \u00abAs\u00ed manejo los conflictos\u00bb, expres\u00f3 en declaraciones radiales.<\/p>\n<p>En materia de seguridad, Scioli manifest\u00f3 que el camino es la \u00abprevenci\u00f3n, el orden, la autoridad y la legitimidad\u00bb. \u00abDe esa manera, estamos abordando por ejemplo por estas horas el problema de la toma de tierras de Merlo y es en paz, sin violencia y sin represi\u00f3n\u00bb, expres\u00f3.<\/p>\n<p>\u00abDurante todos estos a\u00f1os -continu\u00f3- se ha puesto de manifiesto mi experiencia y de qu\u00e9 manera yo manejo los conflictos. Por otra parte, la clave de la prevenci\u00f3n son las polic\u00edas locales en las grandes ciudades: incorporar efectivos federales para reforzar las polic\u00edas provinciales y, especialmente, las fronteras\u00bb, expres\u00f3.<\/p>\n<p>Scioli tambi\u00e9n consider\u00f3 que la \u00abinflaci\u00f3n se est\u00e1 desacelerando gradualmente\u00bb en el pa\u00eds. \u00abAs\u00ed tambi\u00e9n lo indican las estad\u00edsticas de los institutos privados\u00bb, dijo. \u00abEl camino es aumentar la productividad, la competitividad, mejorar los costos de log\u00edstica, un banco de desarrollo y avanzar en ciencia y tecnolog\u00eda\u00bb, agreg\u00f3 el candidato presidencial.<\/p>\n<p>&nbsp;<\/p>\n<p>&nbsp;<\/p>\n<p>&nbsp;<\/p>\n<p>&nbsp;<\/p>\n<p>&nbsp;<\/p>\n<p>&nbsp;<\/p>\n<p>&nbsp;<\/p>\n<p>&nbsp;<\/p>\n<p>&nbsp;<\/p>\n<p>&nbsp;<\/p>\n<p>&nbsp;<\/p>\n<p>&nbsp;<\/p>\n<p>&nbsp;<\/p>\n<p>&nbsp;<\/p>\n","protected":false},"excerpt":{"rendered":"<p>El gobernador bonaerense y candidato a presidente del FpV destac\u00f3 la metodolog\u00eda elegida para resolver la ocupaci\u00f3n de terrenos realizada por intrusos a la vera de la ruta 1003 en el oeste de la Provincia. \u00abAs\u00ed manejo los conflictos\u00bb, subray\u00f3.<\/p>\n","protected":false},"author":8,"featured_media":0,"comment_status":"open","ping_status":"open","sticky":false,"template":"","format":"standard","meta":{"_jetpack_newsletter_access":"","_jetpack_dont_email_post_to_subs":false,"_jetpack_newsletter_tier_id":0,"_jetpack_memberships_contains_paywalled_content":false,"_jetpack_memberships_contains_paid_content":false,"footnotes":""},"categories":[51],"tags":[],"class_list":["post-74898","post","type-post","status-publish","format-standard","hentry","category-politica"],"jetpack_shortlink":"https:\/\/wp.me\/p2JWE0-ju2","jetpack-related-posts":[{"id":33195,"url":"http:\/\/www.24baires.com\/?p=33195","url_meta":{"origin":74898,"position":0},"title":"Scioli entreg\u00f3 20 patrulleros a Merlo","author":"AF","date":"08\/10\/2013","format":false,"excerpt":"El gobernador bonaerense, Daniel Scioli, afirm\u00f3 que \u201cse suman al esfuerzo del municipio con su centro de monitoreo y la patrulla municipal\u201d a las tareas de prevenci\u00f3n de la seguridad. El gobernador bonaerense, Daniel Scioli, indic\u00f3 que \u201chay otra parte de la lucha \u2013contra la inseguridad- que es m\u00e1s importante\u2026","rel":"","context":"En \u00abLocales\u00bb","block_context":{"text":"Locales","link":"http:\/\/www.24baires.com\/?cat=38"},"img":{"alt_text":"","src":"","width":0,"height":0},"classes":[]},{"id":106057,"url":"http:\/\/www.24baires.com\/?p=106057","url_meta":{"origin":74898,"position":1},"title":"El PJ Bonaerense banc\u00f3 a Men\u00e9ndez y le apunt\u00f3 a Vidal y a Macri","author":"GB","date":"21\/12\/2018","format":false,"excerpt":"El peronismo provincial dijo que el intendente de Merlo es \"perseguido por la Justicia de forma cobarde\" y acus\u00f3 a Cambiemos de promover el fallo. Tambi\u00e9n le reclam\u00f3 a la Gobernadora que \"no distraiga m\u00e1s a la sociedad\" y que se dedique a \"gobernar para la inmensa mayor\u00eda de los\u2026","rel":"","context":"En \u00abLocales\u00bb","block_context":{"text":"Locales","link":"http:\/\/www.24baires.com\/?cat=38"},"img":{"alt_text":"","src":"https:\/\/i0.wp.com\/www.24baires.com\/wp-content\/uploads\/2018\/12\/pj-bo.jpg?resize=350%2C200","width":350,"height":200,"srcset":"https:\/\/i0.wp.com\/www.24baires.com\/wp-content\/uploads\/2018\/12\/pj-bo.jpg?resize=350%2C200 1x, https:\/\/i0.wp.com\/www.24baires.com\/wp-content\/uploads\/2018\/12\/pj-bo.jpg?resize=525%2C300 1.5x"},"classes":[]},{"id":113922,"url":"http:\/\/www.24baires.com\/?p=113922","url_meta":{"origin":74898,"position":2},"title":"El primer plan de infraestructura que anunciar\u00e1 Kicillof estar\u00e1 orientado a escuelas","author":"AF","date":"25\/01\/2020","format":false,"excerpt":"El programa se llama \"Escuelas a la obra\" y ser\u00e1 presentado el pr\u00f3ximo lunes 27 de enero en Merlo. El gobernador bonaerense, Axel Kicillof, tiene que atender los compromisos de deuda que tiene la Provincia con los bonistas, pero adem\u00e1s las deudas que hay con los bonaerenses. En clara diferenciaci\u00f3n\u2026","rel":"","context":"En \u00abProvincia\u00bb","block_context":{"text":"Provincia","link":"http:\/\/www.24baires.com\/?cat=40"},"img":{"alt_text":"","src":"https:\/\/i0.wp.com\/www.24baires.com\/wp-content\/uploads\/2019\/10\/escuela-quilmes.jpg?resize=350%2C200","width":350,"height":200,"srcset":"https:\/\/i0.wp.com\/www.24baires.com\/wp-content\/uploads\/2019\/10\/escuela-quilmes.jpg?resize=350%2C200 1x, https:\/\/i0.wp.com\/www.24baires.com\/wp-content\/uploads\/2019\/10\/escuela-quilmes.jpg?resize=525%2C300 1.5x"},"classes":[]},{"id":102994,"url":"http:\/\/www.24baires.com\/?p=102994","url_meta":{"origin":74898,"position":3},"title":"Insaurralde lanz\u00f3 su carrera por la Gobernaci\u00f3n bonaerense","author":"GB","date":"26\/06\/2018","format":false,"excerpt":"El intendente de Lomas de Zamora, Mart\u00edn Insaurralde, se anot\u00f3 hoy oficialmente en la carrera por la Gobernaci\u00f3n bonaerense, al difundir el apoyo de una docena de intendentes para que empiece a \"caminar la provincia\". El intendente, uno de los principales referentes del peronismo \"dialoguista\" en la provincia, reuni\u00f3 hoy\u2026","rel":"","context":"En \u00abProvincia\u00bb","block_context":{"text":"Provincia","link":"http:\/\/www.24baires.com\/?cat=40"},"img":{"alt_text":"","src":"https:\/\/i0.wp.com\/www.24baires.com\/wp-content\/uploads\/2018\/06\/insaurralde-300x200.jpg?resize=350%2C200","width":350,"height":200},"classes":[]},{"id":8336,"url":"http:\/\/www.24baires.com\/?p=8336","url_meta":{"origin":74898,"position":4},"title":"Scioli se reuni\u00f3 con intendentes por los Residuos Urbanos","author":"AF","date":"08\/12\/2012","format":false,"excerpt":"Los intendentes bonaerenses de los municipios de Merlo, Tres de Febrero, Florencio Varela, Ituzaing\u00f3 y Almirante Brown, se reunieron con el gobernador Daniel Scioli y analizaron el tema de los residuos urbanos. El gobernador Daniel Scioli, mantuvo una reuni\u00f3n de trabajo con un grupo de cinco intendentes de la provincia\u2026","rel":"","context":"En \u00abSociedad\u00bb","block_context":{"text":"Sociedad","link":"http:\/\/www.24baires.com\/?cat=1"},"img":{"alt_text":"","src":"https:\/\/i0.wp.com\/www.24baires.com\/wp-content\/uploads\/2012\/12\/basura.jpg?resize=350%2C200","width":350,"height":200},"classes":[]},{"id":101933,"url":"http:\/\/www.24baires.com\/?p=101933","url_meta":{"origin":74898,"position":5},"title":"Intendentes piden a Vidal herramientas para combatir el delito","author":"GB","date":"03\/05\/2018","format":false,"excerpt":"Piden el traspaso de la polic\u00eda local, la incorporaci\u00f3n de recursos y la vuelta de gendarmer\u00eda a las tareas de prevenci\u00f3n en las calles. \u201cNo estamos para criticar, queremos sentarnos, charlar y tener una estrategia com\u00fan\u201d, aclararon. Una decena de intendentes del peronismo, encabezados por Mart\u00edn Insaurralde, de Lomas, y\u2026","rel":"","context":"En \u00abProvincia\u00bb","block_context":{"text":"Provincia","link":"http:\/\/www.24baires.com\/?cat=40"},"img":{"alt_text":"","src":"https:\/\/i0.wp.com\/www.24baires.com\/wp-content\/uploads\/2018\/05\/intendentes-bonaerenses.jpg?resize=350%2C200","width":350,"height":200,"srcset":"https:\/\/i0.wp.com\/www.24baires.com\/wp-content\/uploads\/2018\/05\/intendentes-bonaerenses.jpg?resize=350%2C200 1x, https:\/\/i0.wp.com\/www.24baires.com\/wp-content\/uploads\/2018\/05\/intendentes-bonaerenses.jpg?resize=525%2C300 1.5x"},"classes":[]}],"jetpack_sharing_enabled":true,"jetpack_likes_enabled":true,"jetpack_featured_media_url":"","_links":{"self":[{"href":"http:\/\/www.24baires.com\/index.php?rest_route=\/wp\/v2\/posts\/74898","targetHints":{"allow":["GET"]}}],"collection":[{"href":"http:\/\/www.24baires.com\/index.php?rest_route=\/wp\/v2\/posts"}],"about":[{"href":"http:\/\/www.24baires.com\/index.php?rest_route=\/wp\/v2\/types\/post"}],"author":[{"embeddable":true,"href":"http:\/\/www.24baires.com\/index.php?rest_route=\/wp\/v2\/users\/8"}],"replies":[{"embeddable":true,"href":"http:\/\/www.24baires.com\/index.php?rest_route=%2Fwp%2Fv2%2Fcomments&post=74898"}],"version-history":[{"count":1,"href":"http:\/\/www.24baires.com\/index.php?rest_route=\/wp\/v2\/posts\/74898\/revisions"}],"predecessor-version":[{"id":74900,"href":"http:\/\/www.24baires.com\/index.php?rest_route=\/wp\/v2\/posts\/74898\/revisions\/74900"}],"wp:attachment":[{"href":"http:\/\/www.24baires.com\/index.php?rest_route=%2Fwp%2Fv2%2Fmedia&parent=74898"}],"wp:term":[{"taxonomy":"category","embeddable":true,"href":"http:\/\/www.24baires.com\/index.php?rest_route=%2Fwp%2Fv2%2Fcategories&post=74898"},{"taxonomy":"post_tag","embeddable":true,"href":"http:\/\/www.24baires.com\/index.php?rest_route=%2Fwp%2Fv2%2Ftags&post=74898"}],"curies":[{"name":"wp","href":"https:\/\/api.w.org\/{rel}","templated":true}]}}