{"id":74893,"date":"2015-11-11T10:30:42","date_gmt":"2015-11-11T13:30:42","guid":{"rendered":"http:\/\/www.24baires.com\/?p=74893"},"modified":"2015-11-12T10:58:32","modified_gmt":"2015-11-12T13:58:32","slug":"para-anibal-el-fallo-de-la-corte-por-chevron-atenta-contra-la-seguridad-juridica-del-pais","status":"publish","type":"post","link":"http:\/\/www.24baires.com\/?p=74893","title":{"rendered":"Para An\u00edbal, el fallo de la Corte por Chevron atenta contra la seguridad jur\u00eddica del pa\u00eds"},"content":{"rendered":"<p><img data-recalc-dims=\"1\" loading=\"lazy\" decoding=\"async\" src=\"https:\/\/i0.wp.com\/www.24baires.com\/wp-content\/uploads\/2015\/08\/an%C3%ADbal-cierre.jpg?resize=560%2C370\" alt=\"an\u00edbal cierre\" width=\"560\" height=\"370\" class=\"aligncenter size-full wp-image-70083\" srcset=\"https:\/\/i0.wp.com\/www.24baires.com\/wp-content\/uploads\/2015\/08\/an%C3%ADbal-cierre.jpg?w=560 560w, https:\/\/i0.wp.com\/www.24baires.com\/wp-content\/uploads\/2015\/08\/an%C3%ADbal-cierre.jpg?resize=300%2C198 300w\" sizes=\"auto, (max-width: 560px) 100vw, 560px\" \/>El jefe de Gabinete se refiri\u00f3 al fallo que ordena a YPF hacer p\u00fablicas las cl\u00e1usulas secretas del acuerdo con la petrolera estadounidense por Vaca Muerta.Y recalc\u00f3 que tiene \u00abuna clara intencionalidad pol\u00edtica\u00bb.<!--more--><\/p>\n<p>\u00abLo que ha dicho la Corte en este caso es una locura, que lo que hace es desnudar informaci\u00f3n de convenios confidenciales como se hace en cualquier situaci\u00f3n industrial en el mundo. Y vemos que de esta forma se le impide al Estado tener sociedades administradas tambi\u00e9n con el derecho privado\u00bb, dijo el funcionario en su habitual contacto matutino con la prensa en Casa de Gobierno.<\/p>\n<p>Para el ministro coordinador, la Corte Suprema \u00abse entromete en cuestiones de oportunidad, m\u00e9rito y conveniencia, un hecho que no debiera hacerlo nunca, espec\u00edficamente se entromete en esto. La verdad es que esta decisi\u00f3n es un atentado a la seguridad jur\u00eddica en nuestro pa\u00eds\u00bb.<\/p>\n<p>En ese sentido, Fern\u00e1ndez subray\u00f3 que el mismo m\u00e1ximo tribunal \u00abque ha insistido tantas veces con la seguridad jur\u00eddica\u00bb comete \u00abun atentado a la seguridad jur\u00eddica, porque impide que empresas que quieran invertir en la Argentina lo hagan en los t\u00e9rminos establecidos\u00bb.<\/p>\n<p>\u00abPero adem\u00e1s -a\u00f1adi\u00f3 el jefe de Gabinete en su an\u00e1lisis con la prensa acreditada en la Casa Rosada- esta acordada es una decisi\u00f3n que deja al pa\u00eds en p\u00e9simas condiciones y va a complicar a nuestro pa\u00eds en situaciones complicad\u00edsimas desde el punto de vista judicial cuando empresas que han firmado acuerdos de confidencialidad se le solicite informaci\u00f3n y haya que darla\u00bb.<\/p>\n<p>No obstante, dej\u00f3 en claro que \u00abpor supuesto que YPF va a aportar la informaci\u00f3n que se le solicit\u00f3 y va a cumplir con la sentencia\u00bb.<\/p>\n<p>\u00abLa verdad es que esta acordada da mucha bronca y \u00bfqu\u00e9 tiene que hacer este fallo en el medio de una decisi\u00f3n electoral como la que estamos llevando a la pr\u00e1ctica los argentinos? \u00bfO en realidad lo que est\u00e1n buscando que \u00e9sto pueda incidir en la decisi\u00f3n electoral?\u00bb, se pregunt\u00f3.<\/p>\n<p>Preguntado por uno de los cronistas sobre si hubo intencionalidad en el fallo, el funcionario nacional afirm\u00f3: \u00abEstoy pensando que eso es as\u00ed, estoy pensando que lo que usted dice es lo cierto. \u00bfD\u00edgame qu\u00e9 hace esta discusi\u00f3n hoy y si no se pod\u00eda esperar 12 d\u00edas y haberla sacado despu\u00e9s del 22 de noviembre \u00bfPara qu\u00e9 se saca en este momento?.<\/p>\n<p>La Corte Suprema orden\u00f3 ayer a YPF hacer p\u00fablicas las cl\u00e1usulas secretas del acuerdo entre la petrolera argentina y la estadounidense Chevron para la explotaci\u00f3n de hidrocarburos en el yacimiento de Vaca Muerta, de Neuqu\u00e9n, suscripto el 16 de julio del 2013.<\/p>\n<p>El m\u00e1ximo tribunal remarc\u00f3 en su fallo que \u00ablas imprecisas y gen\u00e9ricas afirmaciones que formul\u00f3 YPF SA en la causa no eran suficientes para tener por probado que la divulgaci\u00f3n del contenido del acuerdo pudiese comprometer secretos industriales, t\u00e9cnicos y cient\u00edficos\u00bb.<\/p>\n","protected":false},"excerpt":{"rendered":"<p>El jefe de Gabinete se refiri\u00f3 al fallo que ordena a YPF hacer p\u00fablicas las cl\u00e1usulas secretas del acuerdo con la petrolera estadounidense por Vaca Muerta.Y recalc\u00f3 que tiene \u00abuna clara intencionalidad pol\u00edtica\u00bb.<\/p>\n","protected":false},"author":8,"featured_media":0,"comment_status":"open","ping_status":"open","sticky":false,"template":"","format":"standard","meta":{"_jetpack_newsletter_access":"","_jetpack_dont_email_post_to_subs":false,"_jetpack_newsletter_tier_id":0,"_jetpack_memberships_contains_paywalled_content":false,"_jetpack_memberships_contains_paid_content":false,"footnotes":""},"categories":[51],"tags":[],"class_list":["post-74893","post","type-post","status-publish","format-standard","hentry","category-politica"],"jetpack_shortlink":"https:\/\/wp.me\/p2JWE0-jtX","jetpack-related-posts":[{"id":71849,"url":"http:\/\/www.24baires.com\/?p=71849","url_meta":{"origin":74893,"position":0},"title":"An\u00edbal tild\u00f3 de \u00abdisparate\u00bb a la orden que impide proclamar un ganador un Tucum\u00e1n","author":"AF","date":"09\/09\/2015","format":false,"excerpt":"El jefe de Gabinete, An\u00edbal Fern\u00e1ndez, se refiri\u00f3 la decisi\u00f3n de la C\u00e1mara en lo Contencioso Administrativo de Tucum\u00e1n que orden\u00f3 a la Junta Electoral no proclamar un ganador de los comicios provinciales del 23 de agosto pasado hasta tanto se resuelva el pedido de anulaci\u00f3n del proceso presentado por\u2026","rel":"","context":"En \u00abElecciones 2015\u00bb","block_context":{"text":"Elecciones 2015","link":"http:\/\/www.24baires.com\/?cat=74"},"img":{"alt_text":"anibal conferencia","src":"https:\/\/i0.wp.com\/www.24baires.com\/wp-content\/uploads\/2015\/04\/anibal-conferencia.jpg?resize=350%2C200","width":350,"height":200,"srcset":"https:\/\/i0.wp.com\/www.24baires.com\/wp-content\/uploads\/2015\/04\/anibal-conferencia.jpg?resize=350%2C200 1x, https:\/\/i0.wp.com\/www.24baires.com\/wp-content\/uploads\/2015\/04\/anibal-conferencia.jpg?resize=525%2C300 1.5x"},"classes":[]},{"id":103919,"url":"http:\/\/www.24baires.com\/?p=103919","url_meta":{"origin":74893,"position":1},"title":"Destituyeron al juez platense Luis Arias","author":"GB","date":"16\/08\/2018","format":false,"excerpt":"El Jurado de Enjuiciamiento de Magistrados bonaerense destituy\u00f3 al juez en lo Contencioso Administrativo de La Plata, Luis Federico Arias, quien hab\u00eda tomado trascendencia medi\u00e1tica por fallar contra los tarifazos e investigar la cantidad de v\u00edctimas fatales en la inundaci\u00f3n que afect\u00f3 a la capital provincial en abril de 2013,\u2026","rel":"","context":"En \u00abProvincia\u00bb","block_context":{"text":"Provincia","link":"http:\/\/www.24baires.com\/?cat=40"},"img":{"alt_text":"","src":"https:\/\/i0.wp.com\/www.24baires.com\/wp-content\/uploads\/2018\/08\/tribunal-300x200.jpg?resize=350%2C200","width":350,"height":200},"classes":[]},{"id":105984,"url":"http:\/\/www.24baires.com\/?p=105984","url_meta":{"origin":74893,"position":2},"title":"Rev\u00e9s para Macri: la Corte fall\u00f3 a favor de los jubilados","author":"GB","date":"18\/12\/2018","format":false,"excerpt":"El m\u00e1ximo tribunal emiti\u00f3 un fallo que afectar\u00e1 solamente a un caso, pero sentar\u00e1 precedente para otros 150 mil pensionados que est\u00e1n en una situaci\u00f3n similar. La Corte Suprema de Justicia de la Naci\u00f3n (CSJN) fall\u00f3 este martes contra el Gobierno en el caso de un jubilado que reclama la\u2026","rel":"","context":"En \u00abPol\u00edtica\u00bb","block_context":{"text":"Pol\u00edtica","link":"http:\/\/www.24baires.com\/?cat=51"},"img":{"alt_text":"","src":"https:\/\/i0.wp.com\/www.24baires.com\/wp-content\/uploads\/2018\/12\/corte-suprema.jpg?resize=350%2C200","width":350,"height":200,"srcset":"https:\/\/i0.wp.com\/www.24baires.com\/wp-content\/uploads\/2018\/12\/corte-suprema.jpg?resize=350%2C200 1x, https:\/\/i0.wp.com\/www.24baires.com\/wp-content\/uploads\/2018\/12\/corte-suprema.jpg?resize=525%2C300 1.5x"},"classes":[]},{"id":102704,"url":"http:\/\/www.24baires.com\/?p=102704","url_meta":{"origin":74893,"position":3},"title":"La Corte debe decidir si la reforma previsional es inconstitucional","author":"GB","date":"13\/06\/2018","format":false,"excerpt":"El Gobierno apel\u00f3 el fallo de la C\u00e1mara. Si el m\u00e1ximo tribunal falla a favor de los jubilados, Anses deber\u00e1 pagar 9% m\u00e1s La Corte Suprema deber\u00e1 definir la constitucionalidad de la reforma previsional impulsada por el Gobierno nacional, con un antecedente negativo en el fallo dictado por la Sala\u2026","rel":"","context":"En \u00abPol\u00edtica\u00bb","block_context":{"text":"Pol\u00edtica","link":"http:\/\/www.24baires.com\/?cat=51"},"img":{"alt_text":"","src":"https:\/\/i0.wp.com\/www.24baires.com\/wp-content\/uploads\/2018\/04\/corte-suprema.jpg?resize=350%2C200","width":350,"height":200,"srcset":"https:\/\/i0.wp.com\/www.24baires.com\/wp-content\/uploads\/2018\/04\/corte-suprema.jpg?resize=350%2C200 1x, https:\/\/i0.wp.com\/www.24baires.com\/wp-content\/uploads\/2018\/04\/corte-suprema.jpg?resize=525%2C300 1.5x"},"classes":[]},{"id":86404,"url":"http:\/\/www.24baires.com\/?p=86404","url_meta":{"origin":74893,"position":4},"title":"La Corte anul\u00f3 el tarifazo del gas para los hogares","author":"GB","date":"18\/08\/2016","format":false,"excerpt":"Los jueces ordenaron realizar audiencias p\u00fablicas. Adem\u00e1s, retrotrajo el cuadro tarifario a los valores que estaban vigentes antes del aumento dispuesto por las resoluciones del Ministerio de Energ\u00eda. La Corte Suprema le dio un dur\u00edsimo golpe al Gobierno nacional al fallar contra el tarifazo de gas, una medida que el\u2026","rel":"","context":"En \u00abPol\u00edtica\u00bb","block_context":{"text":"Pol\u00edtica","link":"http:\/\/www.24baires.com\/?cat=51"},"img":{"alt_text":"","src":"https:\/\/i0.wp.com\/www.24baires.com\/wp-content\/uploads\/2016\/08\/corte-suprema1.jpg?resize=350%2C200","width":350,"height":200,"srcset":"https:\/\/i0.wp.com\/www.24baires.com\/wp-content\/uploads\/2016\/08\/corte-suprema1.jpg?resize=350%2C200 1x, https:\/\/i0.wp.com\/www.24baires.com\/wp-content\/uploads\/2016\/08\/corte-suprema1.jpg?resize=525%2C300 1.5x"},"classes":[]},{"id":103494,"url":"http:\/\/www.24baires.com\/?p=103494","url_meta":{"origin":74893,"position":5},"title":"Repudian la modificaci\u00f3n para militarizar la seguridad interior","author":"AF","date":"23\/07\/2018","format":false,"excerpt":"Todo el abanico opositor se pronunci\u00f3 en contra de los cambios en la pol\u00edtica de defensa anunciada por el presidente Mauricio Macri, y reclamaron que el tema sea debatido en el Congreso. El bloque de Diputados del Frente para la Victoria consider\u00f3 hoy como una \"degradaci\u00f3n de la democracia y\u2026","rel":"","context":"En \u00abPol\u00edtica\u00bb","block_context":{"text":"Pol\u00edtica","link":"http:\/\/www.24baires.com\/?cat=51"},"img":{"alt_text":"","src":"https:\/\/i0.wp.com\/www.24baires.com\/wp-content\/uploads\/2018\/07\/congreso.jpg?resize=350%2C200","width":350,"height":200,"srcset":"https:\/\/i0.wp.com\/www.24baires.com\/wp-content\/uploads\/2018\/07\/congreso.jpg?resize=350%2C200 1x, https:\/\/i0.wp.com\/www.24baires.com\/wp-content\/uploads\/2018\/07\/congreso.jpg?resize=525%2C300 1.5x"},"classes":[]}],"jetpack_sharing_enabled":true,"jetpack_likes_enabled":true,"jetpack_featured_media_url":"","_links":{"self":[{"href":"http:\/\/www.24baires.com\/index.php?rest_route=\/wp\/v2\/posts\/74893","targetHints":{"allow":["GET"]}}],"collection":[{"href":"http:\/\/www.24baires.com\/index.php?rest_route=\/wp\/v2\/posts"}],"about":[{"href":"http:\/\/www.24baires.com\/index.php?rest_route=\/wp\/v2\/types\/post"}],"author":[{"embeddable":true,"href":"http:\/\/www.24baires.com\/index.php?rest_route=\/wp\/v2\/users\/8"}],"replies":[{"embeddable":true,"href":"http:\/\/www.24baires.com\/index.php?rest_route=%2Fwp%2Fv2%2Fcomments&post=74893"}],"version-history":[{"count":1,"href":"http:\/\/www.24baires.com\/index.php?rest_route=\/wp\/v2\/posts\/74893\/revisions"}],"predecessor-version":[{"id":74894,"href":"http:\/\/www.24baires.com\/index.php?rest_route=\/wp\/v2\/posts\/74893\/revisions\/74894"}],"wp:attachment":[{"href":"http:\/\/www.24baires.com\/index.php?rest_route=%2Fwp%2Fv2%2Fmedia&parent=74893"}],"wp:term":[{"taxonomy":"category","embeddable":true,"href":"http:\/\/www.24baires.com\/index.php?rest_route=%2Fwp%2Fv2%2Fcategories&post=74893"},{"taxonomy":"post_tag","embeddable":true,"href":"http:\/\/www.24baires.com\/index.php?rest_route=%2Fwp%2Fv2%2Ftags&post=74893"}],"curies":[{"name":"wp","href":"https:\/\/api.w.org\/{rel}","templated":true}]}}