{"id":74886,"date":"2015-11-10T20:31:39","date_gmt":"2015-11-10T23:31:39","guid":{"rendered":"http:\/\/www.24baires.com\/?p=74886"},"modified":"2015-11-10T20:31:39","modified_gmt":"2015-11-10T23:31:39","slug":"maximo-kirchner-evoluciona-satisfactoriamente-pero-seguira-internado","status":"publish","type":"post","link":"http:\/\/www.24baires.com\/?p=74886","title":{"rendered":"M\u00e1ximo Kirchner evoluciona \u00absatisfactoriamente\u00bb pero seguir\u00e1 internado"},"content":{"rendered":"<p><img data-recalc-dims=\"1\" loading=\"lazy\" decoding=\"async\" class=\"aligncenter size-full wp-image-69855\" src=\"https:\/\/i0.wp.com\/www.24baires.com\/wp-content\/uploads\/2015\/07\/m%C3%A1ximo-kirchner.jpg?resize=560%2C314\" alt=\"m\u00e1ximo kirchner\" width=\"560\" height=\"314\" srcset=\"https:\/\/i0.wp.com\/www.24baires.com\/wp-content\/uploads\/2015\/07\/m%C3%A1ximo-kirchner.jpg?w=560 560w, https:\/\/i0.wp.com\/www.24baires.com\/wp-content\/uploads\/2015\/07\/m%C3%A1ximo-kirchner.jpg?resize=300%2C168 300w\" sizes=\"auto, (max-width: 560px) 100vw, 560px\" \/>Los m\u00e9dicos que atienden al hijo de la Presidenta en el sanatorio Otamendi emitieron un nuevo parte. Indicaron que fue sometido a distintos estudios y todos dieron resultados favorables.<!--more--><br \/>\nEl hijo de la Presidenta y diputado electo, M\u00e1ximo Kirchner, quien permanece internado desde el s\u00e1bado en el Sanatorio Otamendi por un absceso hep\u00e1tico, fue sometido este martes a nuevos estudios que dieron resultados \u00absatisfactorios\u00bb, aunque permanecer\u00e1 en ese centro de salud.<\/p>\n<p>As\u00ed lo informaron los m\u00e9dicos del Otamendi a trav\u00e9s de un breve parte que se difundi\u00f3 esta tarde, firmado por los doctores Eduardo Diez, Pedro Ferra\u00edna y Francisco Su\u00e1rez Anzorena.<br \/>\n\u00abM\u00e1ximo Kirchner ha sido evaluado por el Departamento de Im\u00e1genes y los resultados de los estudios han sido satisfactorios. Va a permanecer internado bajo evaluaci\u00f3n cl\u00ednica y tratamiento espec\u00edfico\u00bb, se indic\u00f3 en el parte m\u00e9dico.<\/p>\n<p>&nbsp;<\/p>\n<p>&nbsp;<\/p>\n<p>&nbsp;<\/p>\n<p>&nbsp;<\/p>\n<p>&nbsp;<\/p>\n<p>&nbsp;<\/p>\n<p>&nbsp;<\/p>\n<p>&nbsp;<\/p>\n<p>&nbsp;<\/p>\n<p>&nbsp;<\/p>\n<p>&nbsp;<\/p>\n<p>&nbsp;<\/p>\n<p>&nbsp;<\/p>\n","protected":false},"excerpt":{"rendered":"<p>Los m\u00e9dicos que atienden al hijo de la Presidenta en el sanatorio Otamendi emitieron un nuevo parte. Indicaron que fue sometido a distintos estudios y todos dieron resultados favorables.<\/p>\n","protected":false},"author":8,"featured_media":0,"comment_status":"open","ping_status":"open","sticky":false,"template":"","format":"standard","meta":{"_jetpack_newsletter_access":"","_jetpack_dont_email_post_to_subs":false,"_jetpack_newsletter_tier_id":0,"_jetpack_memberships_contains_paywalled_content":false,"_jetpack_memberships_contains_paid_content":false,"footnotes":""},"categories":[51],"tags":[],"class_list":["post-74886","post","type-post","status-publish","format-standard","hentry","category-politica"],"jetpack_shortlink":"https:\/\/wp.me\/p2JWE0-jtQ","jetpack-related-posts":[{"id":33056,"url":"http:\/\/www.24baires.com\/?p=33056","url_meta":{"origin":74886,"position":0},"title":"Cristina est\u00e1 internada por un chequeo de rutina en la Fundaci\u00f3n Favaloro","author":"Grupo Sierra","date":"05\/10\/2013","format":false,"excerpt":"La Presidente permanece en el Hospital Universitario de la Fundaci\u00f3n Favaloro y podr\u00eda estar all\u00ed hasta el domingo. La presidente Cristina Kirchner ingres\u00f3 este s\u00e1bado al Hospital Universitario de la Fundaci\u00f3n Favaloro, en el barrio porte\u00f1o de Monserrat, para realizarse chequeos m\u00e9dicos de rutina y podr\u00eda permanecer internada all\u00ed hasta\u2026","rel":"","context":"En \u00abPol\u00edtica\u00bb","block_context":{"text":"Pol\u00edtica","link":"http:\/\/www.24baires.com\/?cat=51"},"img":{"alt_text":"","src":"","width":0,"height":0},"classes":[]},{"id":56459,"url":"http:\/\/www.24baires.com\/?p=56459","url_meta":{"origin":74886,"position":1},"title":"Internaron a Cristina en el Sanatorio Otamendi por un cuadro febril","author":"GB","date":"02\/11\/2014","format":false,"excerpt":"La Unidad m\u00e9dica presidencial inform\u00f3 que la mandataria \"presenta un cuadro febril infecciooso\" y que \"debido a ello se decidi\u00f3 su internaci\u00f3n para estudio y control\". La presidenta Cristina Fern\u00e1ndez de Kirchner fue internada en el sanatorio Otamendi por presentar un \"cuadro febril infeccioso\", inform\u00f3 esta noche la Unidad M\u00e9dica\u2026","rel":"","context":"En \u00abPol\u00edtica\u00bb","block_context":{"text":"Pol\u00edtica","link":"http:\/\/www.24baires.com\/?cat=51"},"img":{"alt_text":"cristina23","src":"https:\/\/i0.wp.com\/www.24baires.com\/wp-content\/uploads\/2014\/10\/cristina23.jpg?resize=350%2C200","width":350,"height":200,"srcset":"https:\/\/i0.wp.com\/www.24baires.com\/wp-content\/uploads\/2014\/10\/cristina23.jpg?resize=350%2C200 1x, https:\/\/i0.wp.com\/www.24baires.com\/wp-content\/uploads\/2014\/10\/cristina23.jpg?resize=525%2C300 1.5x"},"classes":[]},{"id":58307,"url":"http:\/\/www.24baires.com\/?p=58307","url_meta":{"origin":74886,"position":2},"title":"Florencia Kirchner se encuentra en buen estado y fue dada de alta","author":"Grupo Sierra","date":"08\/12\/2014","format":false,"excerpt":"La hija de la Presidenta, pas\u00f3 la noche en la Fundaci\u00f3n Favaloro. La Unidad M\u00e9dica Presidencial no inform\u00f3 los motivos por los cuales la joven de 24 a\u00f1os estuvo internada. Los m\u00f3viles de televisi\u00f3n registraron hoy la salida del auto oficial en el que suele trasladarse la jefa de Estado.\u2026","rel":"","context":"En \u00abGeneral\u00bb","block_context":{"text":"General","link":"http:\/\/www.24baires.com\/?cat=67"},"img":{"alt_text":"florencia kirchner","src":"https:\/\/i0.wp.com\/www.24baires.com\/wp-content\/uploads\/2013\/04\/florencia-kirchner.jpg?resize=350%2C200","width":350,"height":200,"srcset":"https:\/\/i0.wp.com\/www.24baires.com\/wp-content\/uploads\/2013\/04\/florencia-kirchner.jpg?resize=350%2C200 1x, https:\/\/i0.wp.com\/www.24baires.com\/wp-content\/uploads\/2013\/04\/florencia-kirchner.jpg?resize=525%2C300 1.5x"},"classes":[]},{"id":56522,"url":"http:\/\/www.24baires.com\/?p=56522","url_meta":{"origin":74886,"position":3},"title":"Nuevo parte de Cristina confirma sigmoiditis","author":"Grupo Sierra","date":"03\/11\/2014","format":false,"excerpt":"La Unidad M\u00e9dica Presidencial emiti\u00f3 un nuevo comunicado sobre la salud de la mandataria en el que informa que sufre un cuadro fabril infeccioso producto de una sigmoiditis. La jefa de Estado se encuentra estable y permanecer\u00e1 internada en el sanatorio Otamendi. La presidenta Cristina Fern\u00e1ndez de Kirchner cursa el\u2026","rel":"","context":"En \u00abGeneral\u00bb","block_context":{"text":"General","link":"http:\/\/www.24baires.com\/?cat=67"},"img":{"alt_text":"vuelta cristina","src":"https:\/\/i0.wp.com\/www.24baires.com\/wp-content\/uploads\/2013\/11\/vuelta-cristina.jpg?resize=350%2C200","width":350,"height":200,"srcset":"https:\/\/i0.wp.com\/www.24baires.com\/wp-content\/uploads\/2013\/11\/vuelta-cristina.jpg?resize=350%2C200 1x, https:\/\/i0.wp.com\/www.24baires.com\/wp-content\/uploads\/2013\/11\/vuelta-cristina.jpg?resize=525%2C300 1.5x"},"classes":[]},{"id":56828,"url":"http:\/\/www.24baires.com\/?p=56828","url_meta":{"origin":74886,"position":4},"title":"Le dieron el alta a Cristina Kirchner","author":"GB","date":"09\/11\/2014","format":false,"excerpt":"Tras una semana internada en el sanatorio Otamendi, la Presidente fue dada de alta y deber\u00e1 descansar unos d\u00edas antes de volver a las actividades normales. Tras cumplir hoy una semana de internaci\u00f3n en una cl\u00ednica del barrio de Balvanera bajo tratamiento antibi\u00f3tico por presentar un cuadro de sigmoiditis, la\u2026","rel":"","context":"En \u00abPol\u00edtica\u00bb","block_context":{"text":"Pol\u00edtica","link":"http:\/\/www.24baires.com\/?cat=51"},"img":{"alt_text":"vuelta cristina","src":"https:\/\/i0.wp.com\/www.24baires.com\/wp-content\/uploads\/2013\/11\/vuelta-cristina.jpg?resize=350%2C200","width":350,"height":200,"srcset":"https:\/\/i0.wp.com\/www.24baires.com\/wp-content\/uploads\/2013\/11\/vuelta-cristina.jpg?resize=350%2C200 1x, https:\/\/i0.wp.com\/www.24baires.com\/wp-content\/uploads\/2013\/11\/vuelta-cristina.jpg?resize=525%2C300 1.5x"},"classes":[]},{"id":28273,"url":"http:\/\/www.24baires.com\/?p=28273","url_meta":{"origin":74886,"position":5},"title":"Presidenta y abuela","author":"Grupo Sierra","date":"15\/07\/2013","format":false,"excerpt":"La presidenta Cristina Fern\u00e1ndez fue abuela anoche. Cerca de medianoche naci\u00f3 N\u00e9stor Iv\u00e1n, hijo de M\u00e1ximo, que naci\u00f3 en el sanatorio Otamendi, del Barrio Norte porte\u00f1o. Cristina lleg\u00f3 poco antes de las 23 hasta la cl\u00ednica para acompa\u00f1ar a su nuera, Roc\u00edo Garc\u00eda y su a hijo. El parto fue\u2026","rel":"","context":"En \u00ab\u00daltimo Momento\u00bb","block_context":{"text":"\u00daltimo Momento","link":"http:\/\/www.24baires.com\/?cat=55"},"img":{"alt_text":"cristina y maximo","src":"https:\/\/i0.wp.com\/www.24baires.com\/wp-content\/uploads\/2013\/07\/cristina-y-maximo.jpg?resize=350%2C200","width":350,"height":200},"classes":[]}],"jetpack_sharing_enabled":true,"jetpack_likes_enabled":true,"jetpack_featured_media_url":"","_links":{"self":[{"href":"http:\/\/www.24baires.com\/index.php?rest_route=\/wp\/v2\/posts\/74886","targetHints":{"allow":["GET"]}}],"collection":[{"href":"http:\/\/www.24baires.com\/index.php?rest_route=\/wp\/v2\/posts"}],"about":[{"href":"http:\/\/www.24baires.com\/index.php?rest_route=\/wp\/v2\/types\/post"}],"author":[{"embeddable":true,"href":"http:\/\/www.24baires.com\/index.php?rest_route=\/wp\/v2\/users\/8"}],"replies":[{"embeddable":true,"href":"http:\/\/www.24baires.com\/index.php?rest_route=%2Fwp%2Fv2%2Fcomments&post=74886"}],"version-history":[{"count":1,"href":"http:\/\/www.24baires.com\/index.php?rest_route=\/wp\/v2\/posts\/74886\/revisions"}],"predecessor-version":[{"id":74887,"href":"http:\/\/www.24baires.com\/index.php?rest_route=\/wp\/v2\/posts\/74886\/revisions\/74887"}],"wp:attachment":[{"href":"http:\/\/www.24baires.com\/index.php?rest_route=%2Fwp%2Fv2%2Fmedia&parent=74886"}],"wp:term":[{"taxonomy":"category","embeddable":true,"href":"http:\/\/www.24baires.com\/index.php?rest_route=%2Fwp%2Fv2%2Fcategories&post=74886"},{"taxonomy":"post_tag","embeddable":true,"href":"http:\/\/www.24baires.com\/index.php?rest_route=%2Fwp%2Fv2%2Ftags&post=74886"}],"curies":[{"name":"wp","href":"https:\/\/api.w.org\/{rel}","templated":true}]}}