{"id":74883,"date":"2015-11-10T19:41:26","date_gmt":"2015-11-10T22:41:26","guid":{"rendered":"http:\/\/www.24baires.com\/?p=74883"},"modified":"2015-11-10T19:41:26","modified_gmt":"2015-11-10T22:41:26","slug":"pretenden-instalar-un-clima-para-llevar-a-cabo-politicas-de-ajuste-que-hicieron-bolsa-el-pais","status":"publish","type":"post","link":"http:\/\/www.24baires.com\/?p=74883","title":{"rendered":"\u00abPretenden instalar un clima para llevar a cabo pol\u00edticas de ajuste que hicieron bolsa el Pa\u00eds\u00bb"},"content":{"rendered":"<p><img data-recalc-dims=\"1\" loading=\"lazy\" decoding=\"async\" src=\"https:\/\/i0.wp.com\/www.24baires.com\/wp-content\/uploads\/2015\/09\/cristina-energia.jpg?resize=560%2C373\" alt=\"cristina energia\" width=\"560\" height=\"373\" class=\"aligncenter size-full wp-image-71658\" srcset=\"https:\/\/i0.wp.com\/www.24baires.com\/wp-content\/uploads\/2015\/09\/cristina-energia.jpg?w=560 560w, https:\/\/i0.wp.com\/www.24baires.com\/wp-content\/uploads\/2015\/09\/cristina-energia.jpg?resize=300%2C200 300w\" sizes=\"auto, (max-width: 560px) 100vw, 560px\" \/>La presidenta Cristina Fern\u00e1ndez de Kirchner utiliz\u00f3 las redes sociales para mostrar las cifras de compra de moneda extranjera en el \u00faltimo a\u00f1o y desmentir a quienes hablan de \u00abcepo\u00bb. \u00abNo, no son caraduras. Son personajes y corporaciones econ\u00f3micas\u00bb, asegur\u00f3.<!--more--><\/p>\n<p>La presidenta Cristina Fern\u00e1ndez de Kirchner destac\u00f3 que \u201ccada vez son m\u00e1s los argentinos que viajan al exterior\u201d, y remarc\u00f3 que el gasto con tarjetas de cr\u00e9dito fuera del pa\u00eds super\u00f3 los 5.000 millones de d\u00f3lares, por lo que se pregunt\u00f3: \u00ab\u00bfNo era que no se pod\u00eda comprar d\u00f3lares?\u00bb.<\/p>\n<p>\u201cCasa Rosada. Me alcanzan informe sobre evoluci\u00f3n del turismo internacional en nuestro pa\u00eds. Las cifras corroboran lo que venimos diciendo desde hace largo tiempo: cada vez m\u00e1s argentinos pueden viajar al exterior\u201d, remarc\u00f3 la mandataria a trav\u00e9s de su p\u00e1gina oficial y en su cuenta personal de la red social Twitter.<\/p>\n<p>En ese sentido, la jefa de Estado se\u00f1al\u00f3 que los argentinos gastaron en tarjetas de cr\u00e9dito en el exterior una cifra equivalente a lo que el pa\u00eds debi\u00f3 pagar por expropiar el 51% de la petrolera YPF.<\/p>\n<p>\u201cTe cuento que ya llevamos pagado en uso de tarjetas en el exterior USD 5.140 millones en lo que va del a\u00f1o. S\u00ed, casi lo que nos cost\u00f3 YPF: USD 5.317 millones. Pero con una peque\u00f1a diferencia: las tarjetas de cr\u00e9dito las pagamos contante y sonante de una sola vez\u201d, observ\u00f3 Cristina.<\/p>\n<p>Y al respecto, agreg\u00f3: \u201cYPF, la mayor empresa del pa\u00eds, y una de las 2.000 m\u00e1s grandes del mundo, la pagamos con una emisi\u00f3n de bonos. Entre ellos: BONAR 24. A prop\u00f3sito del BONAR. Ayer pagamos, contante y sonante, USD 278 millones por dicho t\u00edtulo\u2026\u00bb.<\/p>\n<p>\u00ab\u00bfNo era que no se pod\u00eda comprar d\u00f3lares? Bueno, eso lo dicen Clar\u00edn y asociados (los mismos economistas de siempre, los mismos pol\u00edticos de siempre, es decir: lo de siempre)\u2026\u00bb, subray\u00f3 Cristina.<\/p>\n","protected":false},"excerpt":{"rendered":"<p>La presidenta Cristina Fern\u00e1ndez de Kirchner utiliz\u00f3 las redes sociales para mostrar las cifras de compra de moneda extranjera en el \u00faltimo a\u00f1o y desmentir a quienes hablan de \u00abcepo\u00bb. \u00abNo, no son caraduras. Son personajes y corporaciones econ\u00f3micas\u00bb, asegur\u00f3.<\/p>\n","protected":false},"author":8,"featured_media":0,"comment_status":"open","ping_status":"open","sticky":false,"template":"","format":"standard","meta":{"_jetpack_newsletter_access":"","_jetpack_dont_email_post_to_subs":false,"_jetpack_newsletter_tier_id":0,"_jetpack_memberships_contains_paywalled_content":false,"_jetpack_memberships_contains_paid_content":false,"footnotes":""},"categories":[51],"tags":[],"class_list":["post-74883","post","type-post","status-publish","format-standard","hentry","category-politica"],"jetpack_shortlink":"https:\/\/wp.me\/p2JWE0-jtN","jetpack-related-posts":[{"id":116345,"url":"http:\/\/www.24baires.com\/?p=116345","url_meta":{"origin":74883,"position":0},"title":"El Presidente se solidariz\u00f3 con Lorenzetti y Cristina por los escraches","author":"AF","date":"28\/09\/2020","format":false,"excerpt":"El presidente mostr\u00f3 su respaldo al juez de la Corte Suprema por el escrache que sufri\u00f3 en su casa de Rafaela. El presidente Alberto Fern\u00e1ndez se solidariz\u00f3 este lunes con el juez de la Corte Suprema Ricardo Lorenzetti por el escrache que sufri\u00f3 en su casa en la ciudad santafesina\u2026","rel":"","context":"En \u00abPol\u00edtica\u00bb","block_context":{"text":"Pol\u00edtica","link":"http:\/\/www.24baires.com\/?cat=51"},"img":{"alt_text":"","src":"https:\/\/i0.wp.com\/www.24baires.com\/wp-content\/uploads\/2020\/08\/alberto-anuncio.jpg?resize=350%2C200","width":350,"height":200,"srcset":"https:\/\/i0.wp.com\/www.24baires.com\/wp-content\/uploads\/2020\/08\/alberto-anuncio.jpg?resize=350%2C200 1x, https:\/\/i0.wp.com\/www.24baires.com\/wp-content\/uploads\/2020\/08\/alberto-anuncio.jpg?resize=525%2C300 1.5x"},"classes":[]},{"id":112084,"url":"http:\/\/www.24baires.com\/?p=112084","url_meta":{"origin":74883,"position":1},"title":"\u00abEl pueblo argentino tiene que recuperar el derecho a ser feliz\u00bb","author":"AF","date":"15\/09\/2019","format":false,"excerpt":"\u201cHay alg\u00fan torcedor de Racing, del equipo de Kirchner\u201d, pregunta Lula apenas ingresa a la sala donde se realiz\u00f3 la entrevista. La amistad construida con los Kirchner siempre aparece en los encuentros con el ex presidente brasile\u00f1o. La afinidad entre presidentes fue un elemento que potenci\u00f3 la agenda de integraci\u00f3n.\u2026","rel":"","context":"En \u00abPol\u00edtica\u00bb","block_context":{"text":"Pol\u00edtica","link":"http:\/\/www.24baires.com\/?cat=51"},"img":{"alt_text":"","src":"https:\/\/i0.wp.com\/www.24baires.com\/wp-content\/uploads\/2018\/04\/lula-2.jpg?resize=350%2C200","width":350,"height":200,"srcset":"https:\/\/i0.wp.com\/www.24baires.com\/wp-content\/uploads\/2018\/04\/lula-2.jpg?resize=350%2C200 1x, https:\/\/i0.wp.com\/www.24baires.com\/wp-content\/uploads\/2018\/04\/lula-2.jpg?resize=525%2C300 1.5x"},"classes":[]},{"id":108392,"url":"http:\/\/www.24baires.com\/?p=108392","url_meta":{"origin":74883,"position":2},"title":"Alberto y Cristina Fern\u00e1ndez presentaron su candidatura en Merlo","author":"AF","date":"26\/05\/2019","format":false,"excerpt":"El precandidato a presidente se present\u00f3 con su candidata a vice, la ex mandataria Cristina Kirchner: \"Yo estuve en el laberinto de la crisis y se c\u00f3mo salir\", enfatiz\u00f3 Alberto. Alberto Fern\u00e1ndez present\u00f3 su f\u00f3rmula junto a Cristina Kirchner de cara a las elecciones presidenciales de octubre en la que\u2026","rel":"","context":"En \u00abPol\u00edtica\u00bb","block_context":{"text":"Pol\u00edtica","link":"http:\/\/www.24baires.com\/?cat=51"},"img":{"alt_text":"","src":"https:\/\/i0.wp.com\/www.24baires.com\/wp-content\/uploads\/2019\/05\/alberto-cristina-fernandez-merlo.jpg?resize=350%2C200","width":350,"height":200,"srcset":"https:\/\/i0.wp.com\/www.24baires.com\/wp-content\/uploads\/2019\/05\/alberto-cristina-fernandez-merlo.jpg?resize=350%2C200 1x, https:\/\/i0.wp.com\/www.24baires.com\/wp-content\/uploads\/2019\/05\/alberto-cristina-fernandez-merlo.jpg?resize=525%2C300 1.5x"},"classes":[]},{"id":104167,"url":"http:\/\/www.24baires.com\/?p=104167","url_meta":{"origin":74883,"position":3},"title":"El Gobierno le perdon\u00f3 a Molinos el pago de 70 millones de d\u00f3lares","author":"GB","date":"29\/08\/2018","format":false,"excerpt":"A trav\u00e9s de un decreto presidencial el Ministerio de Agroindustria perdon\u00f3 a la empresa alimenticia Molinos R\u00edo de la Plata de la familia P\u00e9rez Companc el pago de la abultada cifra en d\u00f3lares producto de una deuda generada con Aduana por el pago de grav\u00e1menes en ventas al exterior El\u2026","rel":"","context":"En \u00abEconom\u00eda\u00bb","block_context":{"text":"Econom\u00eda","link":"http:\/\/www.24baires.com\/?cat=45"},"img":{"alt_text":"","src":"https:\/\/i0.wp.com\/www.24baires.com\/wp-content\/uploads\/2018\/08\/macriii.jpg?resize=350%2C200","width":350,"height":200,"srcset":"https:\/\/i0.wp.com\/www.24baires.com\/wp-content\/uploads\/2018\/08\/macriii.jpg?resize=350%2C200 1x, https:\/\/i0.wp.com\/www.24baires.com\/wp-content\/uploads\/2018\/08\/macriii.jpg?resize=525%2C300 1.5x"},"classes":[]},{"id":50297,"url":"http:\/\/www.24baires.com\/?p=50297","url_meta":{"origin":74883,"position":4},"title":"Cristina asegur\u00f3 que desde hoy podr\u00e1n viajar 400.000 pasajeros en el Sarmiento","author":"AF","date":"21\/07\/2014","format":false,"excerpt":"En un acto en la estaci\u00f3n Villa Luro, la Presidenta puso en marcha las siete nuevas formaciones de esa l\u00ednea, que supuso un desembolso de 1280 millones de d\u00f3lares. \"Esta inversi\u00f3n implica un salto cualitativo sin precedentes\" destac\u00f3. La presidenta Cristina Fern\u00e1ndez de Kirchner destac\u00f3 hoy las nuevas formaciones de\u2026","rel":"","context":"En \u00abSociedad\u00bb","block_context":{"text":"Sociedad","link":"http:\/\/www.24baires.com\/?cat=1"},"img":{"alt_text":"cristina tren","src":"https:\/\/i0.wp.com\/www.24baires.com\/wp-content\/uploads\/2014\/05\/cristina-tren.jpg?resize=350%2C200","width":350,"height":200,"srcset":"https:\/\/i0.wp.com\/www.24baires.com\/wp-content\/uploads\/2014\/05\/cristina-tren.jpg?resize=350%2C200 1x, https:\/\/i0.wp.com\/www.24baires.com\/wp-content\/uploads\/2014\/05\/cristina-tren.jpg?resize=525%2C300 1.5x"},"classes":[]},{"id":113939,"url":"http:\/\/www.24baires.com\/?p=113939","url_meta":{"origin":74883,"position":5},"title":"Cristina visit\u00f3 represas en construcci\u00f3n y acus\u00f3 a Macri de \u00ababandono y desidia\u00bb","author":"AF","date":"28\/01\/2020","format":false,"excerpt":"\"La traducci\u00f3n m\u00e1s clara de ello fue que por primera vez en 30 a\u00f1os el Estado argentino reconoci\u00f3 y pag\u00f3 gastos improductivos por 130 millones de d\u00f3lares\", dispar\u00f3 la vicepresidenta. Visit\u00f3 las obras ubicadas a 130 kil\u00f3metros de El Calafate. La vicepresidenta Cristina Fern\u00e1ndez de Kirchner acus\u00f3 al gobierno de\u2026","rel":"","context":"En \u00abPol\u00edtica\u00bb","block_context":{"text":"Pol\u00edtica","link":"http:\/\/www.24baires.com\/?cat=51"},"img":{"alt_text":"","src":"https:\/\/i0.wp.com\/www.24baires.com\/wp-content\/uploads\/2019\/08\/cristina-bancaria.jpg?resize=350%2C200","width":350,"height":200,"srcset":"https:\/\/i0.wp.com\/www.24baires.com\/wp-content\/uploads\/2019\/08\/cristina-bancaria.jpg?resize=350%2C200 1x, https:\/\/i0.wp.com\/www.24baires.com\/wp-content\/uploads\/2019\/08\/cristina-bancaria.jpg?resize=525%2C300 1.5x"},"classes":[]}],"jetpack_sharing_enabled":true,"jetpack_likes_enabled":true,"jetpack_featured_media_url":"","_links":{"self":[{"href":"http:\/\/www.24baires.com\/index.php?rest_route=\/wp\/v2\/posts\/74883","targetHints":{"allow":["GET"]}}],"collection":[{"href":"http:\/\/www.24baires.com\/index.php?rest_route=\/wp\/v2\/posts"}],"about":[{"href":"http:\/\/www.24baires.com\/index.php?rest_route=\/wp\/v2\/types\/post"}],"author":[{"embeddable":true,"href":"http:\/\/www.24baires.com\/index.php?rest_route=\/wp\/v2\/users\/8"}],"replies":[{"embeddable":true,"href":"http:\/\/www.24baires.com\/index.php?rest_route=%2Fwp%2Fv2%2Fcomments&post=74883"}],"version-history":[{"count":1,"href":"http:\/\/www.24baires.com\/index.php?rest_route=\/wp\/v2\/posts\/74883\/revisions"}],"predecessor-version":[{"id":74884,"href":"http:\/\/www.24baires.com\/index.php?rest_route=\/wp\/v2\/posts\/74883\/revisions\/74884"}],"wp:attachment":[{"href":"http:\/\/www.24baires.com\/index.php?rest_route=%2Fwp%2Fv2%2Fmedia&parent=74883"}],"wp:term":[{"taxonomy":"category","embeddable":true,"href":"http:\/\/www.24baires.com\/index.php?rest_route=%2Fwp%2Fv2%2Fcategories&post=74883"},{"taxonomy":"post_tag","embeddable":true,"href":"http:\/\/www.24baires.com\/index.php?rest_route=%2Fwp%2Fv2%2Ftags&post=74883"}],"curies":[{"name":"wp","href":"https:\/\/api.w.org\/{rel}","templated":true}]}}