{"id":74853,"date":"2015-11-10T12:30:29","date_gmt":"2015-11-10T15:30:29","guid":{"rendered":"http:\/\/www.24baires.com\/?p=74853"},"modified":"2015-11-11T11:03:42","modified_gmt":"2015-11-11T14:03:42","slug":"quiero-un-paraiso-productivo-no-un-paraiso-financiero-aseguro-daniel-scioli","status":"publish","type":"post","link":"http:\/\/www.24baires.com\/?p=74853","title":{"rendered":"\u00abQuiero un para\u00edso productivo, no un para\u00edso financiero\u00bb, asegur\u00f3 Daniel Scioli"},"content":{"rendered":"<p><img data-recalc-dims=\"1\" loading=\"lazy\" decoding=\"async\" class=\"aligncenter size-full wp-image-74581\" src=\"https:\/\/i0.wp.com\/www.24baires.com\/wp-content\/uploads\/2015\/11\/scioli-plataforma.jpg?resize=560%2C259\" alt=\"scioli plataforma\" width=\"560\" height=\"259\" srcset=\"https:\/\/i0.wp.com\/www.24baires.com\/wp-content\/uploads\/2015\/11\/scioli-plataforma.jpg?w=560 560w, https:\/\/i0.wp.com\/www.24baires.com\/wp-content\/uploads\/2015\/11\/scioli-plataforma.jpg?resize=300%2C139 300w\" sizes=\"auto, (max-width: 560px) 100vw, 560px\" \/>El candidato a presidente del FpV, Daniel Scioli, expres\u00f3 hoy su deseo de que el debate que mantendr\u00e1 el domingo con el candidato de Cambiemos Mauricio Macri sea \u00abuna oportunidad de poner claridad\u00bb sobre los diferentes temas que se discuten y las visiones que cada uno llevar\u00e1 a una eventual gesti\u00f3n de gobierno.<!--more--><\/p>\n<p>El candidato a presidente del Frente para la Victoria (FpV), Daniel Scioli, expres\u00f3 hoy su deseo de que el debate que mantendr\u00e1 el domingo con su rival en las urnas, el candidato del frente Cambiemos Mauricio Macri, sea \u00abuna oportunidad de poner claridad\u00bb sobre los diferentes temas que se discuten y las visiones que cada uno llevar\u00e1 a una eventual gesti\u00f3n de gobierno, y dej\u00f3 claro que \u00e9l quiere \u00abun para\u00edso productivo\u00bb, y \u00abno un para\u00edso financiero\u00bb.<\/p>\n<p>\u00abCambiemos propone liberar el tipo de cambio, pero ya sabemos el efecto que esa medida tuvo. Yo quiero un para\u00edso productivo, no un para\u00edso financiero\u00bb, insisti\u00f3 Scioli en di\u00e1logo con radio 10.<\/p>\n<p>Respecto al debate que tendr\u00e1 lugar el domingo en la Facultad de Derecho de la Universidad de Buenos Aires, y que transmitir\u00e1n todos los canales de televisi\u00f3n, Scioli destac\u00f3 que ser\u00e1 \u00abuna oportunidad\u00bb para \u00abponer claridad\u00bb sobre las dos visiones de pa\u00eds que cada candidato representa.<\/p>\n<p>\u00abEs una oportunidad de poner claridad sobre lo que estamos discutiendo. Espero que sea un debate sin hipocres\u00eda, sin consignas publicitarias dictadas por su asesor ecuatoriano y vac\u00edas de contenidos, vamos con toda responsabilidad a tomar posici\u00f3n\u00bb, dijo.<\/p>\n<p>Al ser consultado sobre m\u00e1s nombres de los eventuales integrantes de su gabinete, el gobernador de la provincia de Buenos Aires y candidato a presidente, se\u00f1al\u00f3 que lo importante no son las definiciones en cuanto a nombres, sino en lo que hace a \u00abpol\u00edtica a futuro\u00bb, como la convicci\u00f3n de que es necesario \u00abseguir industrializando el pa\u00eds\u00bb.<\/p>\n<p>\u00abTenemos que avanzar en una etapa de calidad educativa, integrar la ciencia y la tecnolog\u00eda al mundo del trabajo y darle al capitalismo un rostro humano, sustentable, inclusivo, algo que es el Estado el que tiene que garantizarlo\u00bb, consign\u00f3 el postulante a la presidencia.<\/p>\n<p>Scioli destac\u00f3 el compromiso de la sociedad con el modelo de pa\u00eds que \u00e9l propone, y dijo que en los \u00faltimos d\u00edas \u00abse est\u00e1n dando convocatorias espont\u00e1neas en defensa de lo p\u00fablico, de la presencia del Estado\u00bb.<\/p>\n<p>Advirti\u00f3 tambi\u00e9n sobre la falta de \u00abmatices\u00bb en el balotaje, y dej\u00f3 claro que \u00e9l y Macri representan \u00abdos visiones del pa\u00eds y organizaci\u00f3n del Estado\u00bb.<\/p>\n<p>\u00abYo creo en lo p\u00fablico, Macri piensa que lo privado, que el mercado se va a ocupar de los que, el pasado demuestra, quedaron desprotegidos\u00bb, concluy\u00f3.<\/p>\n","protected":false},"excerpt":{"rendered":"<p>El candidato a presidente del FpV, Daniel Scioli, expres\u00f3 hoy su deseo de que el debate que mantendr\u00e1 el domingo con el candidato de Cambiemos Mauricio Macri sea \u00abuna oportunidad de poner claridad\u00bb sobre los diferentes temas que se discuten y las visiones que cada uno llevar\u00e1 a una eventual gesti\u00f3n de gobierno.<\/p>\n","protected":false},"author":8,"featured_media":0,"comment_status":"open","ping_status":"open","sticky":false,"template":"","format":"standard","meta":{"_jetpack_newsletter_access":"","_jetpack_dont_email_post_to_subs":false,"_jetpack_newsletter_tier_id":0,"_jetpack_memberships_contains_paywalled_content":false,"_jetpack_memberships_contains_paid_content":false,"footnotes":""},"categories":[51],"tags":[],"class_list":["post-74853","post","type-post","status-publish","format-standard","hentry","category-politica"],"jetpack_shortlink":"https:\/\/wp.me\/p2JWE0-jtj","jetpack-related-posts":[{"id":72500,"url":"http:\/\/www.24baires.com\/?p=72500","url_meta":{"origin":74853,"position":0},"title":"\u00abNi un para\u00edso financiero ni un para\u00edso fiscal, quiero un para\u00edso productivo\u00bb","author":"GB","date":"22\/09\/2015","format":false,"excerpt":"El candidato a presidente del FpV, Daniel Scioli, dijo que quiere de la Argentina \"un para\u00edso productivo\" y adelant\u00f3 que con los fondos buitre \"no se negocia como sea, sino buscando un acuerdo justo\". \"Ya hemos visto los estragos que han hecho en las econom\u00edas reales con sus comportamientos especulativos\",\u2026","rel":"","context":"En \u00abPol\u00edtica\u00bb","block_context":{"text":"Pol\u00edtica","link":"http:\/\/www.24baires.com\/?cat=51"},"img":{"alt_text":"scioli","src":"https:\/\/i0.wp.com\/www.24baires.com\/wp-content\/uploads\/2015\/09\/scioli1.jpg?resize=350%2C200","width":350,"height":200,"srcset":"https:\/\/i0.wp.com\/www.24baires.com\/wp-content\/uploads\/2015\/09\/scioli1.jpg?resize=350%2C200 1x, https:\/\/i0.wp.com\/www.24baires.com\/wp-content\/uploads\/2015\/09\/scioli1.jpg?resize=525%2C300 1.5x"},"classes":[]},{"id":72606,"url":"http:\/\/www.24baires.com\/?p=72606","url_meta":{"origin":74853,"position":1},"title":"Macri pone en duda su participaci\u00f3n en el debate presidencial","author":"AF","date":"24\/09\/2015","format":false,"excerpt":"El candidato de Cambiemos dijo que sin Daniel Scioli ser\u00eda \"medio debate\" y no confirm\u00f3 su participaci\u00f3n si su competidor del Frente para la Victoria no va. \"No s\u00e9 c\u00f3mo quedar\u00e1\", dijo Rodr\u00edguez Larreta. El sciolismo puso ayer en duda la participaci\u00f3n del candidato del Frente para la Victoria, Daniel\u2026","rel":"","context":"En \u00abElecciones 2015\u00bb","block_context":{"text":"Elecciones 2015","link":"http:\/\/www.24baires.com\/?cat=74"},"img":{"alt_text":"macri scioli2","src":"https:\/\/i0.wp.com\/www.24baires.com\/wp-content\/uploads\/2015\/05\/macri-scioli2.jpg?resize=350%2C200","width":350,"height":200,"srcset":"https:\/\/i0.wp.com\/www.24baires.com\/wp-content\/uploads\/2015\/05\/macri-scioli2.jpg?resize=350%2C200 1x, https:\/\/i0.wp.com\/www.24baires.com\/wp-content\/uploads\/2015\/05\/macri-scioli2.jpg?resize=525%2C300 1.5x"},"classes":[]},{"id":107773,"url":"http:\/\/www.24baires.com\/?p=107773","url_meta":{"origin":74853,"position":2},"title":"CFK presentar\u00e1 su libro \u00abSinceramente\u00bb","author":"AF","date":"23\/04\/2019","format":false,"excerpt":"La expresidenta lanzar\u00e1 el 26 de abril un texto que no es \"autobiogr\u00e1fico, ni tampoco una enumeraci\u00f3n de logros personales o pol\u00edticos\". \"Mauricio Macri es el caos y por eso creo firmemente que hay que volver a ordenar la Argentina\", se puede leer en un adelanto. La presentaci\u00f3n ser\u00e1 el\u2026","rel":"","context":"En \u00abPol\u00edtica\u00bb","block_context":{"text":"Pol\u00edtica","link":"http:\/\/www.24baires.com\/?cat=51"},"img":{"alt_text":"","src":"https:\/\/i0.wp.com\/www.24baires.com\/wp-content\/uploads\/2019\/04\/libro-cfk.jpg?resize=350%2C200","width":350,"height":200,"srcset":"https:\/\/i0.wp.com\/www.24baires.com\/wp-content\/uploads\/2019\/04\/libro-cfk.jpg?resize=350%2C200 1x, https:\/\/i0.wp.com\/www.24baires.com\/wp-content\/uploads\/2019\/04\/libro-cfk.jpg?resize=525%2C300 1.5x"},"classes":[]},{"id":119485,"url":"http:\/\/www.24baires.com\/?p=119485","url_meta":{"origin":74853,"position":3},"title":"Wado De Pedro se mostr\u00f3 a favor de suspender las PASO","author":"AF","date":"27\/10\/2022","format":false,"excerpt":"El ministro del Interior se distanci\u00f3 de la postura de Alberto Fern\u00e1ndez y dijo que las primarias abiertas deben ser eliminadas. \"Las discusiones internas se tienen que dar dentro de los partidos pol\u00edticos\", argument\u00f3. Respondi\u00f3 acerca de la posibilidad de presentarse como candidato. El ministro de Interior, Eduardo Wado De\u2026","rel":"","context":"En \u00abPol\u00edtica\u00bb","block_context":{"text":"Pol\u00edtica","link":"http:\/\/www.24baires.com\/?cat=51"},"img":{"alt_text":"","src":"https:\/\/i0.wp.com\/www.24baires.com\/wp-content\/uploads\/2022\/10\/wado.jpg?resize=350%2C200","width":350,"height":200,"srcset":"https:\/\/i0.wp.com\/www.24baires.com\/wp-content\/uploads\/2022\/10\/wado.jpg?resize=350%2C200 1x, https:\/\/i0.wp.com\/www.24baires.com\/wp-content\/uploads\/2022\/10\/wado.jpg?resize=525%2C300 1.5x, https:\/\/i0.wp.com\/www.24baires.com\/wp-content\/uploads\/2022\/10\/wado.jpg?resize=700%2C400 2x"},"classes":[]},{"id":74995,"url":"http:\/\/www.24baires.com\/?p=74995","url_meta":{"origin":74853,"position":4},"title":"\u201cEllos quieren ajustar y nivelar para abajo y yo quiero nivelar para arriba\u201d","author":"GB","date":"13\/11\/2015","format":false,"excerpt":"El candidato presidencial del FpV fustig\u00f3 hoy las pol\u00edticas econ\u00f3micas de Cambiemos que plantean ajustes para que \u201clos n\u00fameros cierren como sea\u201d. \u201cNo caigamos otra vez en la devaluaci\u00f3n ni en las recetas ortodoxas del FMI\u201d, pidi\u00f3. En di\u00e1logo con radio Mitre, el gobernador bonaerense recalc\u00f3 que mientras que a\u2026","rel":"","context":"En \u00abPol\u00edtica\u00bb","block_context":{"text":"Pol\u00edtica","link":"http:\/\/www.24baires.com\/?cat=51"},"img":{"alt_text":"scioli campa\u00f1a","src":"https:\/\/i0.wp.com\/www.24baires.com\/wp-content\/uploads\/2015\/11\/scioli-campa%C3%B1a.jpg?resize=350%2C200","width":350,"height":200,"srcset":"https:\/\/i0.wp.com\/www.24baires.com\/wp-content\/uploads\/2015\/11\/scioli-campa%C3%B1a.jpg?resize=350%2C200 1x, https:\/\/i0.wp.com\/www.24baires.com\/wp-content\/uploads\/2015\/11\/scioli-campa%C3%B1a.jpg?resize=525%2C300 1.5x"},"classes":[]},{"id":72547,"url":"http:\/\/www.24baires.com\/?p=72547","url_meta":{"origin":74853,"position":5},"title":"Massa: el acuerdo entre el FR y la UCR fracas\u00f3 porque \u00abno hubo visi\u00f3n estrat\u00e9gica\u00bb","author":"AF","date":"23\/09\/2015","format":false,"excerpt":"El candidato presidencial del Frente Renovador a\u00fan as\u00ed se mostr\u00f3 \"convencido\" de su triunfo si llegara a competir en un eventual balotaje frente al candidato del FpV, Daniel Scioli. \"No hubo visi\u00f3n estrat\u00e9gica para construir la gran primaria, pero no vale la pena llorar sobre lo que no pas\u00f3\", afirm\u00f3\u2026","rel":"","context":"En \u00abPol\u00edtica\u00bb","block_context":{"text":"Pol\u00edtica","link":"http:\/\/www.24baires.com\/?cat=51"},"img":{"alt_text":"sergio massa","src":"https:\/\/i0.wp.com\/www.24baires.com\/wp-content\/uploads\/2015\/06\/sergio-massa.jpg?resize=350%2C200","width":350,"height":200,"srcset":"https:\/\/i0.wp.com\/www.24baires.com\/wp-content\/uploads\/2015\/06\/sergio-massa.jpg?resize=350%2C200 1x, https:\/\/i0.wp.com\/www.24baires.com\/wp-content\/uploads\/2015\/06\/sergio-massa.jpg?resize=525%2C300 1.5x"},"classes":[]}],"jetpack_sharing_enabled":true,"jetpack_likes_enabled":true,"jetpack_featured_media_url":"","_links":{"self":[{"href":"http:\/\/www.24baires.com\/index.php?rest_route=\/wp\/v2\/posts\/74853","targetHints":{"allow":["GET"]}}],"collection":[{"href":"http:\/\/www.24baires.com\/index.php?rest_route=\/wp\/v2\/posts"}],"about":[{"href":"http:\/\/www.24baires.com\/index.php?rest_route=\/wp\/v2\/types\/post"}],"author":[{"embeddable":true,"href":"http:\/\/www.24baires.com\/index.php?rest_route=\/wp\/v2\/users\/8"}],"replies":[{"embeddable":true,"href":"http:\/\/www.24baires.com\/index.php?rest_route=%2Fwp%2Fv2%2Fcomments&post=74853"}],"version-history":[{"count":1,"href":"http:\/\/www.24baires.com\/index.php?rest_route=\/wp\/v2\/posts\/74853\/revisions"}],"predecessor-version":[{"id":74854,"href":"http:\/\/www.24baires.com\/index.php?rest_route=\/wp\/v2\/posts\/74853\/revisions\/74854"}],"wp:attachment":[{"href":"http:\/\/www.24baires.com\/index.php?rest_route=%2Fwp%2Fv2%2Fmedia&parent=74853"}],"wp:term":[{"taxonomy":"category","embeddable":true,"href":"http:\/\/www.24baires.com\/index.php?rest_route=%2Fwp%2Fv2%2Fcategories&post=74853"},{"taxonomy":"post_tag","embeddable":true,"href":"http:\/\/www.24baires.com\/index.php?rest_route=%2Fwp%2Fv2%2Ftags&post=74853"}],"curies":[{"name":"wp","href":"https:\/\/api.w.org\/{rel}","templated":true}]}}