{"id":74848,"date":"2015-11-10T11:30:59","date_gmt":"2015-11-10T14:30:59","guid":{"rendered":"http:\/\/www.24baires.com\/?p=74848"},"modified":"2015-11-10T11:05:36","modified_gmt":"2015-11-10T14:05:36","slug":"tomada-advirtio-que-el-plan-primer-empleo-desfinanciara-al-sistema-previsional","status":"publish","type":"post","link":"http:\/\/www.24baires.com\/?p=74848","title":{"rendered":"Tomada advirti\u00f3 que el plan \u201cprimer empleo\u201d desfinanciar\u00e1 al sistema previsional"},"content":{"rendered":"<p><img data-recalc-dims=\"1\" loading=\"lazy\" decoding=\"async\" src=\"https:\/\/i0.wp.com\/www.24baires.com\/wp-content\/uploads\/2013\/07\/tomada2.jpg?resize=560%2C314\" alt=\"tomada2\" width=\"560\" height=\"314\" class=\"aligncenter size-full wp-image-27848\" srcset=\"https:\/\/i0.wp.com\/www.24baires.com\/wp-content\/uploads\/2013\/07\/tomada2.jpg?w=560 560w, https:\/\/i0.wp.com\/www.24baires.com\/wp-content\/uploads\/2013\/07\/tomada2.jpg?resize=300%2C168 300w\" sizes=\"auto, (max-width: 560px) 100vw, 560px\" \/>El ministro de Trabajo, Carlos Tomada, apunt\u00f3 contra las propuestas de Mauricio Macri a trav\u00e9s de ese programa y explic\u00f3 que la iniciativa se sostiene en pol\u00edticas macroecon\u00f3micas \u00abenemigas del trabajo\u00bb.<!--more--><\/p>\n<p>Tomada asegur\u00f3 que ese plan \u00abdesplazar\u00e1\u00bb a los adultos del empleo, \u00abse desfinanciar\u00e1 la seguridad social y afectar\u00e1 los ingresos de los jubilados\u00bb.<\/p>\n<p>La propuesta de Cambiemos consiste en que los j\u00f3venes que accedan a nuevos empleos no paguen aportes personales al Estado durante los primeros cinco a\u00f1os, mismo plazo en el que los empleadores podr\u00e1n evitar la contribuci\u00f3n patronal.<\/p>\n<p>Otro punto del plan \u00abPrimer empleo\u00bb macrista propone extender los beneficios anteriores aunque transcurran en dos o m\u00e1s empresas distintas. Es decir, si un joven trabaja 15 meses en un empleo y luego pasa a otro, \u00e9l y su empleador dispondr\u00e1n a\u00fan de 45 meses de beneficios.<\/p>\n<p>Estos \u00abbeneficios\u00bb empresariales provocar\u00edan un impacto negativo en el sistema de Seguridad Social, con el consiguiente perjuicio para todos los jubilados actuales, y a la vez no expresa ning\u00fan impacto significativo en la creaci\u00f3n de empleo formal, estimaron fuentes ministeriales.<\/p>\n<p>Luego de conocerse los contenidos del programa \u00abPrimer Empleo\u00bb, mediante el cual Macri se propone \u00abcombatir el trabajo en negro\u00bb, el titular de la cartera laboral cuestion\u00f3 el proyecto al asegurar que \u00ablas pol\u00edticas de empleo de Macri tienen dos grandes problemas\u00bb.<\/p>\n<p>\u00abUno son las pol\u00edticas macroecon\u00f3micas que son enemigas, por definici\u00f3n, del trabajo\u00bb, identific\u00f3 Tomada y complet\u00f3: \u00abEl otro aspecto es que su propuesta de primer empleo significa que se desplazar\u00e1 al trabajo de los adultos, se desfinanciar\u00e1 la seguridad social y afectar\u00e1 los ingresos de los jubilados. Es promover una guerra entre trabajadores\u00bb.<\/p>\n<p>Respecto de la desfinanciaci\u00f3n que provocar\u00eda el programa del candidato opositor, en el ministerio calcularon a modo de ejemplo que si 300.000 j\u00f3venes accedieran a un empleo con un salario bruto mensual de $7.000, el Estado dejar\u00eda de percibir mensualmente $2.450 por aportes y contribuciones de cada trabajador, lo que acarrear\u00eda un total de m\u00e1s de 9.500 millones de pesos anuales que no ingresar\u00edan a las arcas p\u00fablicas.<\/p>\n<p>\u00abEl plan de Macri para acabar con el mal denominado &#8216;trabajo en negro&#8217; (trabajo no registrado) consiste en la vieja idea de eliminar las contribuciones patronales y los aportes personales para los trabajadores j\u00f3venes\u00bb, confiaron desde la cartera laboral.<\/p>\n<p>Los aportes personales al sistema de jubilaciones y pensiones, que implican el 11% del sueldo bruto, fueron reducidos en 2001 al 5% con el objetivo de mejorar los salarios de bolsillo y aumentar el consumo, en medio de la crisis por la que atravesaba el pa\u00eds. Luego de subas parciales, los aportes retornaron plenamente al 11% reci\u00e9n en 2008.<\/p>\n<p>Seg\u00fan afirmaron en la cartera laboral, la reducci\u00f3n de las contribuciones por s\u00ed misma no estimula la demanda de empleo formal si no se encuentra acompa\u00f1ada por acciones que desincentiven la contrataci\u00f3n de trabajo no registrado, en el marco de un modelo econ\u00f3mico orientado al crecimiento del mercado interno y la generaci\u00f3n de empleo.<\/p>\n<p>Por otro lado, la intenci\u00f3n de promover la demanda laboral de j\u00f3venes a trav\u00e9s de incentivos econ\u00f3micos espec\u00edficos, dar\u00eda lugar a que las empresas reemplacen trabajadores adultos y mayores por j\u00f3venes, tal como explic\u00f3 el ministro de Trabajo, y podr\u00eda generar un empeoramiento de las dificultades para acceder a un empleo de calidad que ya tienen las personas de m\u00e1s de 40 a\u00f1os, agregaron.<\/p>\n<p>Otro aspecto cuestionable de la propuesta de Cambiemos es la eliminaci\u00f3n de los aportes personales, dado que la mayor\u00eda de los trabajadores registrados perciben salarios seg\u00fan lo estipulado en los convenios colectivos, y la eliminaci\u00f3n de los aportes para los j\u00f3venes incrementar\u00eda el salario de estos en relaci\u00f3n al de los adultos o mayores que se encuentren en la misma categor\u00eda profesional, por lo que se vulneraria el principio de igual tarea igual salario.<\/p>\n","protected":false},"excerpt":{"rendered":"<p>El ministro de Trabajo, Carlos Tomada, apunt\u00f3 contra las propuestas de Mauricio Macri a trav\u00e9s de ese programa y explic\u00f3 que la iniciativa se sostiene en pol\u00edticas macroecon\u00f3micas \u00abenemigas del trabajo\u00bb.<\/p>\n","protected":false},"author":8,"featured_media":0,"comment_status":"open","ping_status":"open","sticky":false,"template":"","format":"standard","meta":{"_jetpack_newsletter_access":"","_jetpack_dont_email_post_to_subs":false,"_jetpack_newsletter_tier_id":0,"_jetpack_memberships_contains_paywalled_content":false,"_jetpack_memberships_contains_paid_content":false,"footnotes":""},"categories":[51],"tags":[],"class_list":["post-74848","post","type-post","status-publish","format-standard","hentry","category-politica"],"jetpack_shortlink":"https:\/\/wp.me\/p2JWE0-jte","jetpack-related-posts":[{"id":102367,"url":"http:\/\/www.24baires.com\/?p=102367","url_meta":{"origin":74848,"position":0},"title":"ATE: \u00ablos retiros voluntarios de Vidal son una condici\u00f3n impuesta por el FMI\u00bb","author":"GB","date":"27\/05\/2018","format":false,"excerpt":"Luego de conocer la apertura del r\u00e9gimen, los trabajadores del Estado apuntan a la derogaci\u00f3n de la medida por considerarla una manifestaci\u00f3n m\u00e1s del \u201cajuste feroz contra la clase trabajadora\u201d. Como Fernando De la R\u00faa en el 2000, Mar\u00eda Eugenia Vidal abri\u00f3 un r\u00e9gimen de retiro voluntario para empleados estatales.\u2026","rel":"","context":"En \u00abPol\u00edtica\u00bb","block_context":{"text":"Pol\u00edtica","link":"http:\/\/www.24baires.com\/?cat=51"},"img":{"alt_text":"","src":"https:\/\/i0.wp.com\/www.24baires.com\/wp-content\/uploads\/2018\/01\/ate-300x200.jpg?resize=350%2C200","width":350,"height":200},"classes":[]},{"id":58296,"url":"http:\/\/www.24baires.com\/?p=58296","url_meta":{"origin":74848,"position":1},"title":"Berisso: logran acuerdo para aumentar las tasas a las grandes empresas","author":"GB","date":"08\/12\/2014","format":false,"excerpt":"Mientras sigue el tironeo y los cruces pol\u00edticos por el proyecto del Municipio de Berisso para ajustar las tasas comunales, oficialistas y opositores lograron ponerse de acuerdo en los incrementos que a partir de 2015 se aplicar\u00e1 a la Tasa de Seguridad e Higiene que pagan las grandes empresas. En\u2026","rel":"","context":"En \u00abLocales\u00bb","block_context":{"text":"Locales","link":"http:\/\/www.24baires.com\/?cat=38"},"img":{"alt_text":"","src":"","width":0,"height":0},"classes":[]},{"id":96578,"url":"http:\/\/www.24baires.com\/?p=96578","url_meta":{"origin":74848,"position":2},"title":"Denuncian desfinanciamiento de escuelas t\u00e9cnicas provinciales","author":"AF","date":"09\/08\/2017","format":false,"excerpt":"Desde el Sindicato Unificado de Trabajadores de la Educaci\u00f3n de Buenos Aires (Suteba) denunciaron el desfinanciamiento de las escuelas t\u00e9cnicas provinciales, con una subejecuci\u00f3n de m\u00e1s de 20 millones de pesos en lo que va del a\u00f1o, y responsabilizan del conflicto al actual director general de Cultura y Educaci\u00f3n, Gabriel\u2026","rel":"","context":"En \u00abSociedad\u00bb","block_context":{"text":"Sociedad","link":"http:\/\/www.24baires.com\/?cat=1"},"img":{"alt_text":"","src":"https:\/\/i0.wp.com\/www.24baires.com\/wp-content\/uploads\/2016\/09\/escuela-pozo.jpg?resize=350%2C200","width":350,"height":200,"srcset":"https:\/\/i0.wp.com\/www.24baires.com\/wp-content\/uploads\/2016\/09\/escuela-pozo.jpg?resize=350%2C200 1x, https:\/\/i0.wp.com\/www.24baires.com\/wp-content\/uploads\/2016\/09\/escuela-pozo.jpg?resize=525%2C300 1.5x"},"classes":[]},{"id":81967,"url":"http:\/\/www.24baires.com\/?p=81967","url_meta":{"origin":74848,"position":3},"title":"Massa: \u00abHay que frenar los despidos y proteger a las pymes\u00bb","author":"AF","date":"27\/04\/2016","format":false,"excerpt":"As\u00ed se refiri\u00f3 el diputado Nacional Sergio Massa en relaci\u00f3n a la propuesta que pretende terminar con los despidos y proteger a las pymes. \u201cEs clave parar los despidos, pero adem\u00e1s transmitir seguridad a la gente que hoy tiene miedo a perder el empleo\u201d, detall\u00f3. En esta l\u00ednea, ampli\u00f3: \u201cLa\u2026","rel":"","context":"En \u00abSociedad\u00bb","block_context":{"text":"Sociedad","link":"http:\/\/www.24baires.com\/?cat=1"},"img":{"alt_text":"sergio massa","src":"https:\/\/i0.wp.com\/www.24baires.com\/wp-content\/uploads\/2015\/06\/sergio-massa.jpg?resize=350%2C200","width":350,"height":200,"srcset":"https:\/\/i0.wp.com\/www.24baires.com\/wp-content\/uploads\/2015\/06\/sergio-massa.jpg?resize=350%2C200 1x, https:\/\/i0.wp.com\/www.24baires.com\/wp-content\/uploads\/2015\/06\/sergio-massa.jpg?resize=525%2C300 1.5x"},"classes":[]},{"id":99955,"url":"http:\/\/www.24baires.com\/?p=99955","url_meta":{"origin":74848,"position":4},"title":"El Gobierno financiar\u00e1 a las provincias que despidan trabajadores para bajar el d\u00e9ficit","author":"GB","date":"15\/01\/2018","format":false,"excerpt":"La iniciativa de Mauricio Macri empezar\u00eda a aplicarse en las provinvicas patag\u00f3nicas para reducir \"el rojo\" en las cuentas pero la propuesta fue que el Ejecutivo nacional se har\u00eda cargo de la financiaci\u00f3n de las jubilaciones y retiros voluntarios para achicar la cantidad de trabajadores en las distintas dependencias de\u2026","rel":"","context":"En \u00abPol\u00edtica\u00bb","block_context":{"text":"Pol\u00edtica","link":"http:\/\/www.24baires.com\/?cat=51"},"img":{"alt_text":"","src":"https:\/\/i0.wp.com\/www.24baires.com\/wp-content\/uploads\/2017\/10\/macri-bahia-blanca.jpg?resize=350%2C200","width":350,"height":200,"srcset":"https:\/\/i0.wp.com\/www.24baires.com\/wp-content\/uploads\/2017\/10\/macri-bahia-blanca.jpg?resize=350%2C200 1x, https:\/\/i0.wp.com\/www.24baires.com\/wp-content\/uploads\/2017\/10\/macri-bahia-blanca.jpg?resize=525%2C300 1.5x"},"classes":[]},{"id":59493,"url":"http:\/\/www.24baires.com\/?p=59493","url_meta":{"origin":74848,"position":5},"title":"Cuartango vs Vidal, la primera pelea del verano","author":"GB","date":"03\/01\/2015","format":false,"excerpt":"El ministro de Trabajo achac\u00f3 a la candidata PRO para la Provincia la \"falta de propuestas superadoras\". Vidal hab\u00eda criticado a la gesti\u00f3n Scioli ayer, desde Mar del Plata. El ministro de Trabajo de la provincia de Buenos Aires, Oscar Cuartango, sali\u00f3 al cruce de las declaraciones de la vicejefa\u2026","rel":"","context":"En \u00abPol\u00edtica\u00bb","block_context":{"text":"Pol\u00edtica","link":"http:\/\/www.24baires.com\/?cat=51"},"img":{"alt_text":"cuartagno-ministro","src":"https:\/\/i0.wp.com\/www.24baires.com\/wp-content\/uploads\/2012\/11\/cuartagno-ministro.jpg?resize=350%2C200","width":350,"height":200,"srcset":"https:\/\/i0.wp.com\/www.24baires.com\/wp-content\/uploads\/2012\/11\/cuartagno-ministro.jpg?resize=350%2C200 1x, https:\/\/i0.wp.com\/www.24baires.com\/wp-content\/uploads\/2012\/11\/cuartagno-ministro.jpg?resize=525%2C300 1.5x"},"classes":[]}],"jetpack_sharing_enabled":true,"jetpack_likes_enabled":true,"jetpack_featured_media_url":"","_links":{"self":[{"href":"http:\/\/www.24baires.com\/index.php?rest_route=\/wp\/v2\/posts\/74848","targetHints":{"allow":["GET"]}}],"collection":[{"href":"http:\/\/www.24baires.com\/index.php?rest_route=\/wp\/v2\/posts"}],"about":[{"href":"http:\/\/www.24baires.com\/index.php?rest_route=\/wp\/v2\/types\/post"}],"author":[{"embeddable":true,"href":"http:\/\/www.24baires.com\/index.php?rest_route=\/wp\/v2\/users\/8"}],"replies":[{"embeddable":true,"href":"http:\/\/www.24baires.com\/index.php?rest_route=%2Fwp%2Fv2%2Fcomments&post=74848"}],"version-history":[{"count":1,"href":"http:\/\/www.24baires.com\/index.php?rest_route=\/wp\/v2\/posts\/74848\/revisions"}],"predecessor-version":[{"id":74849,"href":"http:\/\/www.24baires.com\/index.php?rest_route=\/wp\/v2\/posts\/74848\/revisions\/74849"}],"wp:attachment":[{"href":"http:\/\/www.24baires.com\/index.php?rest_route=%2Fwp%2Fv2%2Fmedia&parent=74848"}],"wp:term":[{"taxonomy":"category","embeddable":true,"href":"http:\/\/www.24baires.com\/index.php?rest_route=%2Fwp%2Fv2%2Fcategories&post=74848"},{"taxonomy":"post_tag","embeddable":true,"href":"http:\/\/www.24baires.com\/index.php?rest_route=%2Fwp%2Fv2%2Ftags&post=74848"}],"curies":[{"name":"wp","href":"https:\/\/api.w.org\/{rel}","templated":true}]}}