{"id":74842,"date":"2015-11-10T10:30:52","date_gmt":"2015-11-10T13:30:52","guid":{"rendered":"http:\/\/www.24baires.com\/?p=74842"},"modified":"2015-11-11T11:03:34","modified_gmt":"2015-11-11T14:03:34","slug":"macri-no-se-parece-a-scioli-porque-scioli-representa-a-los-trabajadores-y-pobres","status":"publish","type":"post","link":"http:\/\/www.24baires.com\/?p=74842","title":{"rendered":"\u201cMacri no se parece a Scioli, porque Scioli representa a los trabajadores y pobres\u201d"},"content":{"rendered":"<p><img data-recalc-dims=\"1\" loading=\"lazy\" decoding=\"async\" src=\"https:\/\/i0.wp.com\/www.24baires.com\/wp-content\/uploads\/2015\/04\/anibal-conferencia.jpg?resize=560%2C379\" alt=\"anibal conferencia\" width=\"560\" height=\"379\" class=\"aligncenter size-full wp-image-63981\" srcset=\"https:\/\/i0.wp.com\/www.24baires.com\/wp-content\/uploads\/2015\/04\/anibal-conferencia.jpg?w=560 560w, https:\/\/i0.wp.com\/www.24baires.com\/wp-content\/uploads\/2015\/04\/anibal-conferencia.jpg?resize=300%2C203 300w\" sizes=\"auto, (max-width: 560px) 100vw, 560px\" \/>El jefe de Gabinete, An\u00edbal Fern\u00e1ndez, critic\u00f3 a los economistas asesores de la Alianza Cambiemos Carlos Melconian, Jos\u00e9 Luis Espert y Alfonso Prat-Gay al se\u00f1alar que \u00abrepresentan al conservadurismo liberal\u00bb.<!--more--><\/p>\n<p>Adem\u00e1s afirm\u00f3 que ese espacio opositor \u00abdefiende al mercado como salvador de todo en contra de los intereses de los trabajadores y de los jubilados\u00bb.<\/p>\n<p>\u00abDigo entonces: (Mauricio) Macri, el Pro y la Alianza Cambiemos no se parecen en nada el Frente para la Victoria (FPV) y a Daniel Scioli. Scioli manifiesta frente a cada micr\u00f3fono la vocaci\u00f3n de mantener una propuesta para el pa\u00eds que no impacte en forma negativa en la econom\u00eda de los que menos tienen, de los jubilados y en la econom\u00eda de los trabajadores, que son siempre los que no les importa a los conservadores\u00bb, dijo Fern\u00e1ndez.<\/p>\n<p>Como es habitual, el Jefe de Gabinete habl\u00f3 esta ma\u00f1ana con la prensa, minutos despu\u00e9s de ingresar a la Casa de Gobierno.<br \/>\nConsultado sobre los posibles nombramientos en un hipot\u00e9tico gobierno de la Alianza Cambiemos, como por ejemplo de Jos\u00e9 Luis Espert, Aranguren, Sarquis (de la empresa Monsanto) o de Alfonso Prat-Gay, el ministro coordinador opin\u00f3:<\/p>\n<p>\u00abNosotros no tenemos nada que ver con lo que ellos defienden, yo no tengo nada que ver con ellos. Puntualmente me detengo en Prat-Gay. Hace muchos a\u00f1os que no tenemos nada que ver con lo que piensa, porque si el todav\u00eda sigue sin explicar a la gente qu\u00e9 hizo con los fondos que sac\u00f3 en forma ilegal con el corralito, casi 800.000 d\u00f3lares de nuestro pa\u00eds, si no explica los fondos que le sac\u00f3 en negro a Amalia Lacroze de Fortabat siendo su apoderado&#8230;\u00bb, record\u00f3.<\/p>\n<p>En ese sentido consider\u00f3 que Alfonso \u00abPrat-Gay tiene muchas cosas turbias para dar explicaciones. Lo mismo que lo de Aranguren, que es una real burla al pueblo argentino; esas expresiones son un insulto al pueblo argentino, porque ac\u00e1 pareciera que son todos aut\u00f3nomos y dicen cada uno lo suyo y en realidad es una expresi\u00f3n de (Mauricio) Macri que no se anima a decirlo o manda a otros a decirlo\u00bb.<\/p>\n<p>Para An\u00edbal Fern\u00e1ndez, \u00abdespu\u00e9s del esfuerzo del pueblo argentino, despu\u00e9s del esfuerzo del gobierno argentino para alcanzar llegar al autoabastecimiento energ\u00e9tico para salir justamente del d\u00e9ficit que genera en la balanza comercial la compra de combustibles en el extranjero, pareciera seg\u00fan este empresario (Aranguren) que todo lo que la Argentina ha hecho va a ser tirado a la basura por alguien que pertenece a la multinacional Shell\u00bb.<\/p>\n<p>\u00abPor otra parte, en lo que hace al representante de la empresa Monsanto, el se\u00f1or Sarquis, (quien posiblemente acompa\u00f1ar\u00eda a Mar\u00eda Eugenia Vidal en la provincia de Buenos Aires) que sea el que va estar enfrente de las pol\u00edticas agropecuarias en la provincia de Buenos Aires es como poner al zorreo a cuidar al gallinero. Es algo muy llamativo\u00bb, dijo el funcionario.<\/p>\n<p>Consultado acerca de los posicionamientos pol\u00edticos de sectores de la oposici\u00f3n y de algunos analistas pol\u00edticos que aseguran que tanto Daniel Scioli como Mauricio Macri \u00abvan a plantear un ajuste de la econom\u00eda\u00bb despu\u00e9s del 10 de diciembre, An\u00edbal Fern\u00e1ndez, opin\u00f3: \u00abNo, eso no es as\u00ed, y yo hablo desde mi espacio. Yo estoy seguro que Daniel Scioli no es eso, no significa eso de ninguna manera y s\u00ed estoy seguro que (Mauricio) Macri es eso, con lo cual s\u00e9 que no se parecen ni por casualidad\u00bb.<\/p>\n<p>De inmediato se\u00f1al\u00f3 que \u00abdesde el sector del Peronismo en el Frente para la Victoria hay una visi\u00f3n muy clara del respeto por el otro, el respeto a los derechos del ciudadano. Porque lo escuchamos a Prat-Gay o a (Carlos) Melconian con cosas realmente turbias y de pensamientos pol\u00edticos del pasado. Por favor, nada que ver con lo que pensamos nosotros\u00bb.<\/p>\n<p>\u00abEn este marco vemos, advertimos, posturas pol\u00edticas desde la oposici\u00f3n que son m\u00e1s que contundentes de lo que puede llegar a pasar a cort\u00edsimo plazo si ellos llegaran a tener la posibilidad de gobernar y el impacto que generar\u00edan en el pueblo, espec\u00edficamente en el salario de los trabajadores, olvid\u00e1ndose de las paritarias y en los haberes de los jubilados\u00bb, remarc\u00f3 Fern\u00e1ndez.<\/p>\n<p>El jefe de Gabinete insisti\u00f3 en sus cr\u00edticas a los economistas cercanos a Cambiemos: \u00abCon este conjunto de economistas conservadores liberales, con estos personajes como (Carlos) Melconian o los Prat-Gay o los Espert, que, seg\u00fan ellos, y seg\u00fan sus principios pol\u00edticos, el mercado lo resuelve todo, lo que en realidad har\u00eda es impactar duramente sobre los sectores de los trabajadores, de los jubilados, a la clase media y a la clase baja, con dolores de cabezas muy grandes, si tuvieran la posibilidad de gobernar la Argentina\u00bb.<\/p>\n<p>Finalmente opin\u00f3 que \u00abMacri, el Pro y la Alianza Cambiemos no se parecen en nada al Frente para la Victoria (FPV) y a Daniel Scioli. Scioli manifiesta frente a cada micr\u00f3fono la vocaci\u00f3n de mantener una propuesta que no impacte en forma negativa en la econom\u00eda de los que menos tienen y en la econom\u00eda de los trabajadores, que son siempre los que no les importa a los conservadores\u00bb.<\/p>\n","protected":false},"excerpt":{"rendered":"<p>El jefe de Gabinete, An\u00edbal Fern\u00e1ndez, critic\u00f3 a los economistas asesores de la Alianza Cambiemos Carlos Melconian, Jos\u00e9 Luis Espert y Alfonso Prat-Gay al se\u00f1alar que \u00abrepresentan al conservadurismo liberal\u00bb.<\/p>\n","protected":false},"author":8,"featured_media":0,"comment_status":"open","ping_status":"open","sticky":false,"template":"","format":"standard","meta":{"_jetpack_newsletter_access":"","_jetpack_dont_email_post_to_subs":false,"_jetpack_newsletter_tier_id":0,"_jetpack_memberships_contains_paywalled_content":false,"_jetpack_memberships_contains_paid_content":false,"footnotes":""},"categories":[51],"tags":[],"class_list":["post-74842","post","type-post","status-publish","format-standard","hentry","category-politica"],"jetpack_shortlink":"https:\/\/wp.me\/p2JWE0-jt8","jetpack-related-posts":[{"id":120181,"url":"http:\/\/www.24baires.com\/?p=120181","url_meta":{"origin":74842,"position":0},"title":"El Frente de Todos pasa a llamarse \u00abUni\u00f3n por la Patria\u00bb","author":"AF","date":"14\/06\/2023","format":false,"excerpt":"Los distintos sectores que componen el frente oficialista mantienen reuniones para definir, entre otras cosas, la constituci\u00f3n de su junta partidaria y el reglamento electoral que fijar\u00e1 pisos y porcentajes para la integraci\u00f3n de listas. El Frente de Todos (FdT) se llamar\u00e1 Uni\u00f3n por la Patria (UxP) en las pr\u00f3ximas\u2026","rel":"","context":"En \u00abPol\u00edtica\u00bb","block_context":{"text":"Pol\u00edtica","link":"http:\/\/www.24baires.com\/?cat=51"},"img":{"alt_text":"","src":"https:\/\/i0.wp.com\/www.24baires.com\/wp-content\/uploads\/2023\/06\/cfk-25-5.png?resize=350%2C200","width":350,"height":200,"srcset":"https:\/\/i0.wp.com\/www.24baires.com\/wp-content\/uploads\/2023\/06\/cfk-25-5.png?resize=350%2C200 1x, https:\/\/i0.wp.com\/www.24baires.com\/wp-content\/uploads\/2023\/06\/cfk-25-5.png?resize=525%2C300 1.5x, https:\/\/i0.wp.com\/www.24baires.com\/wp-content\/uploads\/2023\/06\/cfk-25-5.png?resize=700%2C400 2x, https:\/\/i0.wp.com\/www.24baires.com\/wp-content\/uploads\/2023\/06\/cfk-25-5.png?resize=1050%2C600 3x"},"classes":[]},{"id":120226,"url":"http:\/\/www.24baires.com\/?p=120226","url_meta":{"origin":74842,"position":1},"title":"Cristina recibi\u00f3 a Scioli: \u201cA seguir trabajando, que es lo que hay que hacer\u201d","author":"AF","date":"28\/06\/2023","format":false,"excerpt":"\"Hablamos mucho, con sinceridad y con el respeto de siempre. Me transmiti\u00f3 que su vocaci\u00f3n es ayudar y colaborar como un compa\u00f1ero m\u00e1s\", asegur\u00f3 a trav\u00e9s de las redes sociales la Vicepresidenta sobre el encuentro. La Vicepresidenta Cristina Fern\u00e1ndez de Kirchner public\u00f3 en redes sociales una foto con el embajador\u2026","rel":"","context":"En \u00abPol\u00edtica\u00bb","block_context":{"text":"Pol\u00edtica","link":"http:\/\/www.24baires.com\/?cat=51"},"img":{"alt_text":"","src":"https:\/\/i0.wp.com\/www.24baires.com\/wp-content\/uploads\/2023\/06\/WhatsApp-Image-2023-06-28-at-23.30.42.jpeg?resize=350%2C200","width":350,"height":200,"srcset":"https:\/\/i0.wp.com\/www.24baires.com\/wp-content\/uploads\/2023\/06\/WhatsApp-Image-2023-06-28-at-23.30.42.jpeg?resize=350%2C200 1x, https:\/\/i0.wp.com\/www.24baires.com\/wp-content\/uploads\/2023\/06\/WhatsApp-Image-2023-06-28-at-23.30.42.jpeg?resize=525%2C300 1.5x, https:\/\/i0.wp.com\/www.24baires.com\/wp-content\/uploads\/2023\/06\/WhatsApp-Image-2023-06-28-at-23.30.42.jpeg?resize=700%2C400 2x"},"classes":[]},{"id":119156,"url":"http:\/\/www.24baires.com\/?p=119156","url_meta":{"origin":74842,"position":2},"title":"Massa asumir\u00e1 como superministro de Econom\u00eda","author":"AF","date":"28\/07\/2022","format":false,"excerpt":"Alberto Fern\u00e1ndez decidi\u00f3 reorganizar las \u00e1reas econ\u00f3micas para un mejor funcionamiento, coordinaci\u00f3n y gesti\u00f3n: se unificar\u00e1n los ministerios de Econom\u00eda, Desarrollo Productivo y Agricultura, Ganader\u00eda y Pesca, que quedar\u00e1n bajo la \u00f3rbita del actual presidente de la C\u00e1mara de Diputados. Massa anunci\u00f3 que el lunes comenzar\u00e1 a designar a los\u2026","rel":"","context":"En \u00abEconom\u00eda\u00bb","block_context":{"text":"Econom\u00eda","link":"http:\/\/www.24baires.com\/?cat=45"},"img":{"alt_text":"","src":"https:\/\/i0.wp.com\/www.24baires.com\/wp-content\/uploads\/2022\/07\/6243529d100ad_900.jpg?resize=350%2C200","width":350,"height":200,"srcset":"https:\/\/i0.wp.com\/www.24baires.com\/wp-content\/uploads\/2022\/07\/6243529d100ad_900.jpg?resize=350%2C200 1x, https:\/\/i0.wp.com\/www.24baires.com\/wp-content\/uploads\/2022\/07\/6243529d100ad_900.jpg?resize=525%2C300 1.5x, https:\/\/i0.wp.com\/www.24baires.com\/wp-content\/uploads\/2022\/07\/6243529d100ad_900.jpg?resize=700%2C400 2x"},"classes":[]},{"id":119049,"url":"http:\/\/www.24baires.com\/?p=119049","url_meta":{"origin":74842,"position":3},"title":"Silvina Batakis es la nueva Ministra de Econom\u00eda","author":"GB","date":"04\/07\/2022","format":false,"excerpt":"Tras largas horas de negociaciones, el presidente Alberto Fern\u00e1ndez design\u00f3 a Batakis en reemplazo de Mart\u00edn Guzm\u00e1n La nueva ministra de Econom\u00eda ser\u00e1 Silvina Batakis confirmaron este domingo fuentes oficiales, luego de intensas negociaciones de los diferentes espacios que integran el Frente de Todos (FdT) en el marco de cambios\u2026","rel":"","context":"En \u00abEconom\u00eda\u00bb","block_context":{"text":"Econom\u00eda","link":"http:\/\/www.24baires.com\/?cat=45"},"img":{"alt_text":"","src":"https:\/\/i0.wp.com\/www.24baires.com\/wp-content\/uploads\/2022\/07\/batakis.jpg?resize=350%2C200","width":350,"height":200,"srcset":"https:\/\/i0.wp.com\/www.24baires.com\/wp-content\/uploads\/2022\/07\/batakis.jpg?resize=350%2C200 1x, https:\/\/i0.wp.com\/www.24baires.com\/wp-content\/uploads\/2022\/07\/batakis.jpg?resize=525%2C300 1.5x, https:\/\/i0.wp.com\/www.24baires.com\/wp-content\/uploads\/2022\/07\/batakis.jpg?resize=700%2C400 2x, https:\/\/i0.wp.com\/www.24baires.com\/wp-content\/uploads\/2022\/07\/batakis.jpg?resize=1050%2C600 3x"},"classes":[]},{"id":108334,"url":"http:\/\/www.24baires.com\/?p=108334","url_meta":{"origin":74842,"position":4},"title":"Lavagna: \u00abNi Cristina ni cambiemos\u00bb","author":"AF","date":"22\/05\/2019","format":false,"excerpt":"\"Recibimos a los radicales que no se sientan representados por el PRO\", sostuvo por C5N el candidato presidencial por Consenso 19, quien remarc\u00f3 que el kirchnerismo \"no puede recibir nada de nosotros\". El ex ministro de Econom\u00eda Roberto Lavagna ratific\u00f3 este mi\u00e9rcoles por la tarde su precandidatura presidencial por Consenso\u2026","rel":"","context":"En \u00abPol\u00edtica\u00bb","block_context":{"text":"Pol\u00edtica","link":"http:\/\/www.24baires.com\/?cat=51"},"img":{"alt_text":"","src":"https:\/\/i0.wp.com\/www.24baires.com\/wp-content\/uploads\/2013\/12\/lavagna-solo.jpg?resize=350%2C200","width":350,"height":200,"srcset":"https:\/\/i0.wp.com\/www.24baires.com\/wp-content\/uploads\/2013\/12\/lavagna-solo.jpg?resize=350%2C200 1x, https:\/\/i0.wp.com\/www.24baires.com\/wp-content\/uploads\/2013\/12\/lavagna-solo.jpg?resize=525%2C300 1.5x"},"classes":[]},{"id":101122,"url":"http:\/\/www.24baires.com\/?p=101122","url_meta":{"origin":74842,"position":5},"title":"Indagar\u00e1n a Scioli por irregularidades en la construcci\u00f3n de las UPA 24","author":"AF","date":"17\/03\/2018","format":false,"excerpt":"El ex gobernador Daniel Scioli y quien fuera su ministro de Salud, Alejandro Collia, fueron imputados y citados a prestar declaraci\u00f3n indagatoria en el marco de una causa que investiga presuntas irregularidades en la adjudicaci\u00f3n de ocho Unidades de Pronta Atenci\u00f3n (UPA 24) para las que se destinaron m\u00e1s de\u2026","rel":"","context":"En \u00abJUDICIALES\u00bb","block_context":{"text":"JUDICIALES","link":"http:\/\/www.24baires.com\/?cat=68"},"img":{"alt_text":"","src":"https:\/\/i0.wp.com\/www.24baires.com\/wp-content\/uploads\/2014\/05\/Daniel-Scioli.jpg?resize=350%2C200","width":350,"height":200,"srcset":"https:\/\/i0.wp.com\/www.24baires.com\/wp-content\/uploads\/2014\/05\/Daniel-Scioli.jpg?resize=350%2C200 1x, https:\/\/i0.wp.com\/www.24baires.com\/wp-content\/uploads\/2014\/05\/Daniel-Scioli.jpg?resize=525%2C300 1.5x"},"classes":[]}],"jetpack_sharing_enabled":true,"jetpack_likes_enabled":true,"jetpack_featured_media_url":"","_links":{"self":[{"href":"http:\/\/www.24baires.com\/index.php?rest_route=\/wp\/v2\/posts\/74842","targetHints":{"allow":["GET"]}}],"collection":[{"href":"http:\/\/www.24baires.com\/index.php?rest_route=\/wp\/v2\/posts"}],"about":[{"href":"http:\/\/www.24baires.com\/index.php?rest_route=\/wp\/v2\/types\/post"}],"author":[{"embeddable":true,"href":"http:\/\/www.24baires.com\/index.php?rest_route=\/wp\/v2\/users\/8"}],"replies":[{"embeddable":true,"href":"http:\/\/www.24baires.com\/index.php?rest_route=%2Fwp%2Fv2%2Fcomments&post=74842"}],"version-history":[{"count":1,"href":"http:\/\/www.24baires.com\/index.php?rest_route=\/wp\/v2\/posts\/74842\/revisions"}],"predecessor-version":[{"id":74843,"href":"http:\/\/www.24baires.com\/index.php?rest_route=\/wp\/v2\/posts\/74842\/revisions\/74843"}],"wp:attachment":[{"href":"http:\/\/www.24baires.com\/index.php?rest_route=%2Fwp%2Fv2%2Fmedia&parent=74842"}],"wp:term":[{"taxonomy":"category","embeddable":true,"href":"http:\/\/www.24baires.com\/index.php?rest_route=%2Fwp%2Fv2%2Fcategories&post=74842"},{"taxonomy":"post_tag","embeddable":true,"href":"http:\/\/www.24baires.com\/index.php?rest_route=%2Fwp%2Fv2%2Ftags&post=74842"}],"curies":[{"name":"wp","href":"https:\/\/api.w.org\/{rel}","templated":true}]}}