{"id":74815,"date":"2015-11-09T17:15:17","date_gmt":"2015-11-09T20:15:17","guid":{"rendered":"http:\/\/www.24baires.com\/?p=74815"},"modified":"2015-11-09T17:15:17","modified_gmt":"2015-11-09T20:15:17","slug":"cristina-critico-la-megadevaluacion-que-proponen-desde-cambiemos","status":"publish","type":"post","link":"http:\/\/www.24baires.com\/?p=74815","title":{"rendered":"Cristina critic\u00f3 la \u00abmegadevaluaci\u00f3n\u00bb que proponen desde Cambiemos"},"content":{"rendered":"<p><img data-recalc-dims=\"1\" loading=\"lazy\" decoding=\"async\" class=\"aligncenter size-full wp-image-70904\" src=\"https:\/\/i0.wp.com\/www.24baires.com\/wp-content\/uploads\/2015\/08\/cristina-cadena.jpg?resize=560%2C313\" alt=\"cristina cadena\" width=\"560\" height=\"313\" srcset=\"https:\/\/i0.wp.com\/www.24baires.com\/wp-content\/uploads\/2015\/08\/cristina-cadena.jpg?w=560 560w, https:\/\/i0.wp.com\/www.24baires.com\/wp-content\/uploads\/2015\/08\/cristina-cadena.jpg?resize=300%2C168 300w\" sizes=\"auto, (max-width: 560px) 100vw, 560px\" \/>La presidenta Cristina Fern\u00e1ndez de Kirchner public\u00f3 en su p\u00e1gina web y cuenta de twitter una nota escrita por el periodista econ\u00f3mico Alfredo Zaiat, del diario P\u00e1gina 12, en la cual se describe el conjunto de primeras medidas econ\u00f3micas que los funcionarios de esa \u00e1rea de la alianza Cambiemos proponen en caso de llegar al gobierno.<!--more--><\/p>\n<p>\u00abAlgunos pueden disfrutar cuando son enga\u00f1ados y otros transitar por la ignorancia. Que el mercado pase a determinar directamente la paridad del peso con el d\u00f3lar lleva a inevitablemente a una megadevaluaci\u00f3n\u00bb, sostuvo la mandataria en su cuenta de la red social Twitter, en la cual subi\u00f3 la nota de Zaiat.<\/p>\n<p>La presidenta afirm\u00f3 en otro mesaje que una \u00abmegadevaluaci\u00f3n lleva inexorablemente a una suba de precios de la canasta b\u00e1sica\u00bb. \u00abLa apertura comercial, que tambi\u00e9n prometieron los economistas de (Mauricio) Macri, podr\u00e1 mantener los precios en un escal\u00f3n alto. Los efectos de esas subas ser\u00eda desvastadoras para la industria nacional y el empleo\u00bb, observ\u00f3 la mandataria.<\/p>\n<p>Cristina asegur\u00f3 que en \u00abel caso poco probable de que el mercado financiero estabilice el tipo de cambio, no subir\u00eda la inflaci\u00f3n, pero s\u00ed la desocupaci\u00f3n y el cierre de f\u00e1bricas\u00bb.<\/p>\n<p>\u00abDe este modo, tras las primeras paritarias, los trabajadores estar\u00edan en desventaja relativa para mejorar sus salarios. Disminuir los salarios en d\u00f3lares, forma elegante de proponer una regresiva distribuci\u00f3n de la riqueza\u00bb, agreg\u00f3 la jefa de Estado.<\/p>\n<p>Luego, en otro de los mensajes poste\u00f3 la nota publicada hoy por Zaiat y puntualiz\u00f3 un \u00faltimo concepto: \u00abLa promesa de campa\u00f1a de Cambiemos de liberar el mercado cambiario, derrumbar\u00eda el poder adquisitivo del salario\u00bb.<\/p>\n<p>&nbsp;<\/p>\n<p>&nbsp;<\/p>\n<p>&nbsp;<\/p>\n<p>&nbsp;<\/p>\n<p>&nbsp;<\/p>\n<p>&nbsp;<\/p>\n<p>&nbsp;<\/p>\n<p>&nbsp;<\/p>\n<p>&nbsp;<\/p>\n<p>&nbsp;<\/p>\n<p>&nbsp;<\/p>\n<p>&nbsp;<\/p>\n<p>&nbsp;<\/p>\n<p>&nbsp;<\/p>\n<p>&nbsp;<\/p>\n","protected":false},"excerpt":{"rendered":"<p>La presidenta Cristina Fern\u00e1ndez de Kirchner public\u00f3 en su p\u00e1gina web y cuenta de twitter una nota escrita por el periodista econ\u00f3mico Alfredo Zaiat, del diario P\u00e1gina 12, en la cual se describe el conjunto de primeras medidas econ\u00f3micas que los funcionarios de esa \u00e1rea de la alianza Cambiemos proponen en caso de llegar al gobierno.<\/p>\n","protected":false},"author":8,"featured_media":0,"comment_status":"open","ping_status":"open","sticky":false,"template":"","format":"standard","meta":{"_jetpack_newsletter_access":"","_jetpack_dont_email_post_to_subs":false,"_jetpack_newsletter_tier_id":0,"_jetpack_memberships_contains_paywalled_content":false,"_jetpack_memberships_contains_paid_content":false,"footnotes":""},"categories":[51],"tags":[],"class_list":["post-74815","post","type-post","status-publish","format-standard","hentry","category-politica"],"jetpack_shortlink":"https:\/\/wp.me\/p2JWE0-jsH","jetpack-related-posts":[{"id":39246,"url":"http:\/\/www.24baires.com\/?p=39246","url_meta":{"origin":74815,"position":0},"title":"Kicillof: \u00ablos precios no se van a modificar de ninguna manera\u00bb","author":"GB","date":"26\/01\/2014","format":false,"excerpt":"El ministro de Econom\u00eda Axel Kicillof afirm\u00f3 que \"los precios no se van a modificar de ninguna manera\" y que el gobierno nacional va a \"exigir que nadie le mienta ni le robe a la gente porque la mayor\u00eda de los precios en la Argentina no dependen de la cotizaci\u00f3n\u2026","rel":"","context":"En \u00abEconom\u00eda\u00bb","block_context":{"text":"Econom\u00eda","link":"http:\/\/www.24baires.com\/?cat=45"},"img":{"alt_text":"kicillof2","src":"https:\/\/i0.wp.com\/www.24baires.com\/wp-content\/uploads\/2014\/01\/kicillof2.jpg?resize=350%2C200","width":350,"height":200,"srcset":"https:\/\/i0.wp.com\/www.24baires.com\/wp-content\/uploads\/2014\/01\/kicillof2.jpg?resize=350%2C200 1x, https:\/\/i0.wp.com\/www.24baires.com\/wp-content\/uploads\/2014\/01\/kicillof2.jpg?resize=525%2C300 1.5x"},"classes":[]},{"id":75162,"url":"http:\/\/www.24baires.com\/?p=75162","url_meta":{"origin":74815,"position":1},"title":"Alejandro \u00abTopo\u00bb Rodr\u00edguez: \u00abSer\u00eda irresponsable aplicar una devaluaci\u00f3n del 50%\u00bb","author":"AF","date":"17\/11\/2015","format":false,"excerpt":"El ministro de Asuntos Agrarios bonaerense, Alejandro Rodr\u00edguez, tild\u00f3 de \"irresponsable\" al candidato de Cambiemos, Mauricio Macri, ya que una eventual megadevaluaci\u00f3n, que seg\u00fan previsiones el l\u00edder del PRO aplicar\u00eda en caso de ganar el balotaje, \"afectar\u00e1 la canasta b\u00e1sica de consumo de los argentinos\". \"La experiencia mundial indica que\u2026","rel":"","context":"En \u00abElecciones 2015\u00bb","block_context":{"text":"Elecciones 2015","link":"http:\/\/www.24baires.com\/?cat=74"},"img":{"alt_text":"","src":"","width":0,"height":0},"classes":[]},{"id":74997,"url":"http:\/\/www.24baires.com\/?p=74997","url_meta":{"origin":74815,"position":2},"title":"Kicillof: Desde Cambiemos quieren instalar \u201cun clima de que todo est\u00e1 mal\u201d","author":"GB","date":"13\/11\/2015","format":false,"excerpt":"El ministro de Econom\u00eda y diputado nacional electo (FpV) asegur\u00f3 que esa campa\u00f1a tiene el objetivo de \u201cjustificar las medidas que piensan tomar si ganan\u201d la segunda vuelta presidencial que se llevar\u00e1 a cabo el pr\u00f3ximo 22 de noviembre. Entre esas acciones que advierte el funcionario nacional que adoptar\u00eda el\u2026","rel":"","context":"En \u00abEconom\u00eda\u00bb","block_context":{"text":"Econom\u00eda","link":"http:\/\/www.24baires.com\/?cat=45"},"img":{"alt_text":"kicillof onu","src":"https:\/\/i0.wp.com\/www.24baires.com\/wp-content\/uploads\/2015\/04\/kicillof-onu.jpg?resize=350%2C200","width":350,"height":200,"srcset":"https:\/\/i0.wp.com\/www.24baires.com\/wp-content\/uploads\/2015\/04\/kicillof-onu.jpg?resize=350%2C200 1x, https:\/\/i0.wp.com\/www.24baires.com\/wp-content\/uploads\/2015\/04\/kicillof-onu.jpg?resize=525%2C300 1.5x"},"classes":[]},{"id":104874,"url":"http:\/\/www.24baires.com\/?p=104874","url_meta":{"origin":74815,"position":3},"title":"Cristina critic\u00f3 la decisi\u00f3n del Gobierno de absorber el pago extra a gas\u00edferas","author":"AF","date":"10\/10\/2018","format":false,"excerpt":"La ex presidenta rechaz\u00f3 la decisi\u00f3n de que el Estado absorba parte del pago extra a las gas\u00edferas para que no pierdan contra la megadevaluaci\u00f3n. La propuesta original que hab\u00eda habilitado la administraci\u00f3n de Mauricio Macri era que los usuarios pagaran 24 cuotas en retroactivo para \"compensar\" la rentabilidad de\u2026","rel":"","context":"En \u00abLocales\u00bb","block_context":{"text":"Locales","link":"http:\/\/www.24baires.com\/?cat=38"},"img":{"alt_text":"","src":"https:\/\/i0.wp.com\/www.24baires.com\/wp-content\/uploads\/2017\/12\/cristina-senado.jpg?resize=350%2C200","width":350,"height":200,"srcset":"https:\/\/i0.wp.com\/www.24baires.com\/wp-content\/uploads\/2017\/12\/cristina-senado.jpg?resize=350%2C200 1x, https:\/\/i0.wp.com\/www.24baires.com\/wp-content\/uploads\/2017\/12\/cristina-senado.jpg?resize=525%2C300 1.5x"},"classes":[]},{"id":104795,"url":"http:\/\/www.24baires.com\/?p=104795","url_meta":{"origin":74815,"position":4},"title":"Habr\u00e1 que pagar m\u00e1s de gas para compensar a empresas por la megadevaluaci\u00f3n","author":"AF","date":"05\/10\/2018","format":false,"excerpt":"Adem\u00e1s de los aumentos ya anunciados, desde el 1 de enero de 2018 el Gobierno aprob\u00f3 que las empresas cobren un \"extra\" a los usuarios para compensar por la megadevaluaci\u00f3n. Otro golpe al bolsillo. Esta vez se trata de una compensaci\u00f3n que tendr\u00e1n que pagar los usuarios de gas a\u2026","rel":"","context":"En \u00abEconom\u00eda\u00bb","block_context":{"text":"Econom\u00eda","link":"http:\/\/www.24baires.com\/?cat=45"},"img":{"alt_text":"","src":"https:\/\/i0.wp.com\/www.24baires.com\/wp-content\/uploads\/2016\/08\/gas.jpg?resize=350%2C200","width":350,"height":200,"srcset":"https:\/\/i0.wp.com\/www.24baires.com\/wp-content\/uploads\/2016\/08\/gas.jpg?resize=350%2C200 1x, https:\/\/i0.wp.com\/www.24baires.com\/wp-content\/uploads\/2016\/08\/gas.jpg?resize=525%2C300 1.5x"},"classes":[]},{"id":104338,"url":"http:\/\/www.24baires.com\/?p=104338","url_meta":{"origin":74815,"position":5},"title":"Por la megadevaluaci\u00f3n podr\u00edan cerrar embajadas argentinas en el mundo","author":"GB","date":"07\/09\/2018","format":false,"excerpt":"Lo revel\u00f3 el canciller Jorge Faurie al asegurar que trabaja para ver \"c\u00f3mo reducir gastos y costos\" y no descart\u00f3 en la posibilidad de desprenderse de sedes diplom\u00e1ticas. \"Hay que racionalizar recursos\", explic\u00f3. Las embajadas que Argentina tiene en el mundo est\u00e1n en peligro por la megadevaluaci\u00f3n. Es que el\u2026","rel":"","context":"En \u00abPol\u00edtica\u00bb","block_context":{"text":"Pol\u00edtica","link":"http:\/\/www.24baires.com\/?cat=51"},"img":{"alt_text":"","src":"https:\/\/i0.wp.com\/www.24baires.com\/wp-content\/uploads\/2018\/09\/canciller.jpg?resize=350%2C200","width":350,"height":200,"srcset":"https:\/\/i0.wp.com\/www.24baires.com\/wp-content\/uploads\/2018\/09\/canciller.jpg?resize=350%2C200 1x, https:\/\/i0.wp.com\/www.24baires.com\/wp-content\/uploads\/2018\/09\/canciller.jpg?resize=525%2C300 1.5x"},"classes":[]}],"jetpack_sharing_enabled":true,"jetpack_likes_enabled":true,"jetpack_featured_media_url":"","_links":{"self":[{"href":"http:\/\/www.24baires.com\/index.php?rest_route=\/wp\/v2\/posts\/74815","targetHints":{"allow":["GET"]}}],"collection":[{"href":"http:\/\/www.24baires.com\/index.php?rest_route=\/wp\/v2\/posts"}],"about":[{"href":"http:\/\/www.24baires.com\/index.php?rest_route=\/wp\/v2\/types\/post"}],"author":[{"embeddable":true,"href":"http:\/\/www.24baires.com\/index.php?rest_route=\/wp\/v2\/users\/8"}],"replies":[{"embeddable":true,"href":"http:\/\/www.24baires.com\/index.php?rest_route=%2Fwp%2Fv2%2Fcomments&post=74815"}],"version-history":[{"count":1,"href":"http:\/\/www.24baires.com\/index.php?rest_route=\/wp\/v2\/posts\/74815\/revisions"}],"predecessor-version":[{"id":74816,"href":"http:\/\/www.24baires.com\/index.php?rest_route=\/wp\/v2\/posts\/74815\/revisions\/74816"}],"wp:attachment":[{"href":"http:\/\/www.24baires.com\/index.php?rest_route=%2Fwp%2Fv2%2Fmedia&parent=74815"}],"wp:term":[{"taxonomy":"category","embeddable":true,"href":"http:\/\/www.24baires.com\/index.php?rest_route=%2Fwp%2Fv2%2Fcategories&post=74815"},{"taxonomy":"post_tag","embeddable":true,"href":"http:\/\/www.24baires.com\/index.php?rest_route=%2Fwp%2Fv2%2Ftags&post=74815"}],"curies":[{"name":"wp","href":"https:\/\/api.w.org\/{rel}","templated":true}]}}