{"id":74808,"date":"2015-11-09T14:35:05","date_gmt":"2015-11-09T17:35:05","guid":{"rendered":"http:\/\/www.24baires.com\/?p=74808"},"modified":"2015-11-09T14:35:05","modified_gmt":"2015-11-09T17:35:05","slug":"futuro-ministro-de-seguridad-bonaerense-elogio-la-gestion-de-granados","status":"publish","type":"post","link":"http:\/\/www.24baires.com\/?p=74808","title":{"rendered":"Futuro ministro de Seguridad bonaerense elogi\u00f3 la gesti\u00f3n de Granados"},"content":{"rendered":"<p><img data-recalc-dims=\"1\" loading=\"lazy\" decoding=\"async\" class=\"aligncenter size-full wp-image-74809\" src=\"https:\/\/i0.wp.com\/www.24baires.com\/wp-content\/uploads\/2015\/11\/vidall.jpg?resize=560%2C373\" alt=\"vidall\" width=\"560\" height=\"373\" srcset=\"https:\/\/i0.wp.com\/www.24baires.com\/wp-content\/uploads\/2015\/11\/vidall.jpg?w=560 560w, https:\/\/i0.wp.com\/www.24baires.com\/wp-content\/uploads\/2015\/11\/vidall.jpg?resize=300%2C200 300w\" sizes=\"auto, (max-width: 560px) 100vw, 560px\" \/>Cristian Ritondo confirm\u00f3 que estar\u00e1 a cargo de la cartera de Seguridad en la provincia de Buenos Aires y reconoci\u00f3 que la Polic\u00eda Bonaerense \u00abtuvo una mejora\u00bb en los \u00faltimos a\u00f1os y llam\u00f3 a \u00abaprovechar las cosas que est\u00e1n bien hechas\u00bb.<!--more--><\/p>\n<p>Aunque dijo que espera que la gobernadora electa Mar\u00eda Eugenia Vidal anuncie su designaci\u00f3n formalmente, Cristian Ritondo confirm\u00f3 que ser\u00e1 el pr\u00f3ximo ministro de Seguridad bonaerense a partir del 10 de diciembre.<\/p>\n<p>En este sentido, elogi\u00f3 la gesti\u00f3n del actual ministro Alejandro Granados al asegurar que la Polic\u00eda Bonaerense \u00abha tenido una mejora\u00bb en los \u00faltimos a\u00f1os. \u00abHay que aprovechar las cosas que est\u00e1n bien hechas, d\u00e1ndole elementos para trabajar\u00bb en la lucha contra el narcotr\u00e1fico y la delincuencia, agreg\u00f3.<br \/>\n\u00abHay 91 mil hombres (en la Polic\u00eda bonaerense), es un dato importante. Hay que seguir moderniz\u00e1ndola y mucho. Se ha hecho un gran esfuerzo. Creo que es un camino a transitar, en esto hay pol\u00edticas que continuar, uno no puede empezar de cero y decir voy para el otro lado\u00bb, recalc\u00f3 el legislador del PRO.<\/p>\n<p>Siguiendo esta l\u00ednea, consider\u00f3: \u00abCreo que es una fuerza de seguridad que tiene ganas de estar valorizada de trabajar junto con la sociedad, hay muchos (efectivos) que tiene vocaci\u00f3n, hoy lo bueno de la Polic\u00eda bonaerense es que los que llegan a los grados de jefes han egresado y desarrollado sus carreras policial dentro de la democracia\u00bb.<\/p>\n<p>\u00abHay que colaborar fuertemente con la fuerza, que se sientan respaldados, hay que rendir cuentas, y que todo esto sea mejor equipamiento, de que signifique que tengan elementos para trabajar\u00bb, a\u00f1adi\u00f3 Ritondo. Admiti\u00f3 sin embargo que hay que \u00abrecuperar el prestigio social\u00bb de la Polic\u00eda provincial.<\/p>\n<p>\u00abLa Polic\u00eda, de la mano de Granados, ha tenido una mejora, creo que las polic\u00edas locales hay que seguir capacit\u00e1ndolas, ha sido una buena idea, porque nos acerca en la relaci\u00f3n con los municipios y hace que haya mayor presencia policial\u00bb, manifest\u00f3.<\/p>\n<p>&nbsp;<\/p>\n<p>&nbsp;<\/p>\n<p>&nbsp;<\/p>\n<p>&nbsp;<\/p>\n<p>&nbsp;<\/p>\n<p>&nbsp;<\/p>\n<p>&nbsp;<\/p>\n<p>&nbsp;<\/p>\n<p>&nbsp;<\/p>\n<p>&nbsp;<\/p>\n","protected":false},"excerpt":{"rendered":"<p>Cristian Ritondo confirm\u00f3 que estar\u00e1 a cargo de la cartera de Seguridad en la provincia de Buenos Aires y reconoci\u00f3 que la Polic\u00eda Bonaerense \u00abtuvo una mejora\u00bb en los \u00faltimos a\u00f1os y llam\u00f3 a \u00abaprovechar las cosas que est\u00e1n bien hechas\u00bb.<\/p>\n","protected":false},"author":8,"featured_media":0,"comment_status":"open","ping_status":"open","sticky":false,"template":"","format":"standard","meta":{"_jetpack_newsletter_access":"","_jetpack_dont_email_post_to_subs":false,"_jetpack_newsletter_tier_id":0,"_jetpack_memberships_contains_paywalled_content":false,"_jetpack_memberships_contains_paid_content":false,"footnotes":""},"categories":[51],"tags":[],"class_list":["post-74808","post","type-post","status-publish","format-standard","hentry","category-politica"],"jetpack_shortlink":"https:\/\/wp.me\/p2JWE0-jsA","jetpack-related-posts":[{"id":105063,"url":"http:\/\/www.24baires.com\/?p=105063","url_meta":{"origin":74808,"position":0},"title":"\u00abNo hay nada que justifique ese accionar de la Polic\u00eda\u00bb, dijo Ritondo","author":"GB","date":"23\/10\/2018","format":false,"excerpt":"El Ministro de Seguridad bonaerense se refiri\u00f3 a la golpiza que le dieron dos agentes de la Bonaerense a un joven de 17 a\u00f1os en Quilmes. El ministro de Seguridad bonaerense, Cristian Ritondo, habl\u00f3 sobre la paliza que le dieron dos agentes de la Polic\u00eda Bonaerense a un joven de\u2026","rel":"","context":"En \u00abPoliciales\u00bb","block_context":{"text":"Policiales","link":"http:\/\/www.24baires.com\/?cat=49"},"img":{"alt_text":"","src":"https:\/\/i0.wp.com\/www.24baires.com\/wp-content\/uploads\/2016\/04\/ritondo.png?resize=350%2C200","width":350,"height":200},"classes":[]},{"id":105085,"url":"http:\/\/www.24baires.com\/?p=105085","url_meta":{"origin":74808,"position":1},"title":"Vidal present\u00f3 el registro de polic\u00edas exonerados","author":"GB","date":"24\/10\/2018","format":false,"excerpt":"La gobernadora Mar\u00eda Eugenia Vidal y el ministro de seguridad Cristian Ritondo presentaron un registro digital de 8500 polic\u00edas bonaerenses exonerados. \u201cLa pol\u00edtica es la mayor responsable de que la polic\u00eda haya alcanzado los niveles de corrupci\u00f3n que alcanzo\u201d, sostuvo la mandataria. La gobernadora Mar\u00eda Eugenia Vidal y el ministro\u2026","rel":"","context":"En \u00abProvincia\u00bb","block_context":{"text":"Provincia","link":"http:\/\/www.24baires.com\/?cat=40"},"img":{"alt_text":"","src":"https:\/\/i0.wp.com\/www.24baires.com\/wp-content\/uploads\/2018\/10\/vidal-policia.jpg?resize=350%2C200","width":350,"height":200,"srcset":"https:\/\/i0.wp.com\/www.24baires.com\/wp-content\/uploads\/2018\/10\/vidal-policia.jpg?resize=350%2C200 1x, https:\/\/i0.wp.com\/www.24baires.com\/wp-content\/uploads\/2018\/10\/vidal-policia.jpg?resize=525%2C300 1.5x"},"classes":[]},{"id":108347,"url":"http:\/\/www.24baires.com\/?p=108347","url_meta":{"origin":74808,"position":2},"title":"San Miguel Del Monte: Ritondo desafect\u00f3 a 12 polic\u00edas involucrados en los hechos","author":"AF","date":"23\/05\/2019","format":false,"excerpt":"Lo confirm\u00f3 en una conferencia de prensa que el Ministro de Seguridad brind\u00f3 este jueves al mediod\u00eda. \"Fue un procedimiento muy mal hecho\", dijo. El ministro de Seguridad bonaerense, Cristian Ritondo, desafect\u00f3 a otros 9 polic\u00edas y ya se suman doce efectivos separados por la persecuci\u00f3n que termin\u00f3 con el\u2026","rel":"","context":"En \u00abLocales\u00bb","block_context":{"text":"Locales","link":"http:\/\/www.24baires.com\/?cat=38"},"img":{"alt_text":"","src":"https:\/\/i0.wp.com\/www.24baires.com\/wp-content\/uploads\/2017\/08\/ritondo-conferencia.jpg?resize=350%2C200","width":350,"height":200,"srcset":"https:\/\/i0.wp.com\/www.24baires.com\/wp-content\/uploads\/2017\/08\/ritondo-conferencia.jpg?resize=350%2C200 1x, https:\/\/i0.wp.com\/www.24baires.com\/wp-content\/uploads\/2017\/08\/ritondo-conferencia.jpg?resize=525%2C300 1.5x"},"classes":[]},{"id":103162,"url":"http:\/\/www.24baires.com\/?p=103162","url_meta":{"origin":74808,"position":3},"title":"Berisso es el primer municipio en eliminar la Polic\u00eda Local","author":"AF","date":"04\/07\/2018","format":false,"excerpt":"La municipalidad de Berisso se convirti\u00f3 en la primera comuna de la provincia en fusionar la Polic\u00eda Local con la bonaerense, siguiendo los planes del Gobierno provincial para eliminar la fuerza creada durante la gesti\u00f3n de Daniel Scioli. El intendente de Berisso, Jorge Nedela, firm\u00f3 ayer un convenio con el\u2026","rel":"","context":"En \u00abLocales\u00bb","block_context":{"text":"Locales","link":"http:\/\/www.24baires.com\/?cat=38"},"img":{"alt_text":"","src":"https:\/\/i0.wp.com\/www.24baires.com\/wp-content\/uploads\/2015\/10\/policia-local-mdp.jpg?resize=350%2C200","width":350,"height":200,"srcset":"https:\/\/i0.wp.com\/www.24baires.com\/wp-content\/uploads\/2015\/10\/policia-local-mdp.jpg?resize=350%2C200 1x, https:\/\/i0.wp.com\/www.24baires.com\/wp-content\/uploads\/2015\/10\/policia-local-mdp.jpg?resize=525%2C300 1.5x"},"classes":[]},{"id":100320,"url":"http:\/\/www.24baires.com\/?p=100320","url_meta":{"origin":74808,"position":4},"title":"El Jefe de la Bonaerense denunci\u00f3 a su hermano por corrupci\u00f3n","author":"GB","date":"02\/02\/2018","format":false,"excerpt":"Fabi\u00e1n Perroni detuvo a su hermano Fabio por haber ofrecido seguros en comisar\u00edas a cambio de una comisi\u00f3n. Est\u00e1 imputado por \"tr\u00e1fico de influencias\" y \"tentativa de estafa\". El jefe de la Polic\u00eda Bonaerense, Fabi\u00e1n Perroni, denunci\u00f3 y detuvo a su hermano por \"tr\u00e1fico de influencias\" y \"tentativa de estafa\".\u2026","rel":"","context":"En \u00abProvincia\u00bb","block_context":{"text":"Provincia","link":"http:\/\/www.24baires.com\/?cat=40"},"img":{"alt_text":"","src":"https:\/\/i0.wp.com\/www.24baires.com\/wp-content\/uploads\/2018\/02\/perroni.jpg?resize=350%2C200","width":350,"height":200,"srcset":"https:\/\/i0.wp.com\/www.24baires.com\/wp-content\/uploads\/2018\/02\/perroni.jpg?resize=350%2C200 1x, https:\/\/i0.wp.com\/www.24baires.com\/wp-content\/uploads\/2018\/02\/perroni.jpg?resize=525%2C300 1.5x"},"classes":[]},{"id":106387,"url":"http:\/\/www.24baires.com\/?p=106387","url_meta":{"origin":74808,"position":5},"title":"Vidal compr\u00f3 pistolas taser para que las use el Grupo Halc\u00f3n en tomas de rehenes","author":"GB","date":"17\/01\/2019","format":false,"excerpt":"As\u00ed lo confirm\u00f3 el ministro de Seguridad de la provincia de Buenos Aires, Cristian Ritondo, quien adem\u00e1s explic\u00f3 que se adquiri\u00f3 \u201cuna peque\u00f1a cantidad\u201d y que los efectivos \u201cya est\u00e1n capacit\u00e1ndose en el uso para, exclusivamente, los casos de tomas de rehenes\u201d. La gobernadora de la provincia de Buenos Aires,\u2026","rel":"","context":"En \u00abProvincia\u00bb","block_context":{"text":"Provincia","link":"http:\/\/www.24baires.com\/?cat=40"},"img":{"alt_text":"","src":"https:\/\/i0.wp.com\/www.24baires.com\/wp-content\/uploads\/2019\/01\/pistola-taser.jpg?resize=350%2C200","width":350,"height":200,"srcset":"https:\/\/i0.wp.com\/www.24baires.com\/wp-content\/uploads\/2019\/01\/pistola-taser.jpg?resize=350%2C200 1x, https:\/\/i0.wp.com\/www.24baires.com\/wp-content\/uploads\/2019\/01\/pistola-taser.jpg?resize=525%2C300 1.5x"},"classes":[]}],"jetpack_sharing_enabled":true,"jetpack_likes_enabled":true,"jetpack_featured_media_url":"","_links":{"self":[{"href":"http:\/\/www.24baires.com\/index.php?rest_route=\/wp\/v2\/posts\/74808","targetHints":{"allow":["GET"]}}],"collection":[{"href":"http:\/\/www.24baires.com\/index.php?rest_route=\/wp\/v2\/posts"}],"about":[{"href":"http:\/\/www.24baires.com\/index.php?rest_route=\/wp\/v2\/types\/post"}],"author":[{"embeddable":true,"href":"http:\/\/www.24baires.com\/index.php?rest_route=\/wp\/v2\/users\/8"}],"replies":[{"embeddable":true,"href":"http:\/\/www.24baires.com\/index.php?rest_route=%2Fwp%2Fv2%2Fcomments&post=74808"}],"version-history":[{"count":1,"href":"http:\/\/www.24baires.com\/index.php?rest_route=\/wp\/v2\/posts\/74808\/revisions"}],"predecessor-version":[{"id":74810,"href":"http:\/\/www.24baires.com\/index.php?rest_route=\/wp\/v2\/posts\/74808\/revisions\/74810"}],"wp:attachment":[{"href":"http:\/\/www.24baires.com\/index.php?rest_route=%2Fwp%2Fv2%2Fmedia&parent=74808"}],"wp:term":[{"taxonomy":"category","embeddable":true,"href":"http:\/\/www.24baires.com\/index.php?rest_route=%2Fwp%2Fv2%2Fcategories&post=74808"},{"taxonomy":"post_tag","embeddable":true,"href":"http:\/\/www.24baires.com\/index.php?rest_route=%2Fwp%2Fv2%2Ftags&post=74808"}],"curies":[{"name":"wp","href":"https:\/\/api.w.org\/{rel}","templated":true}]}}