{"id":74801,"date":"2015-11-09T12:31:17","date_gmt":"2015-11-09T15:31:17","guid":{"rendered":"http:\/\/www.24baires.com\/?p=74801"},"modified":"2015-11-10T10:02:44","modified_gmt":"2015-11-10T13:02:44","slug":"scioli-los-reclamos-se-van-a-atender-pero-la-gente-tiene-que-poder-movilizarse","status":"publish","type":"post","link":"http:\/\/www.24baires.com\/?p=74801","title":{"rendered":"Scioli: \u00abLos reclamos se van a atender, pero la gente tiene que poder movilizarse\u00bb"},"content":{"rendered":"<p><img data-recalc-dims=\"1\" loading=\"lazy\" decoding=\"async\" class=\"aligncenter size-full wp-image-74802\" src=\"https:\/\/i0.wp.com\/www.24baires.com\/wp-content\/uploads\/2015\/11\/scioli-campa%C3%B1a.jpg?resize=560%2C413\" alt=\"scioli campa\u00f1a\" width=\"560\" height=\"413\" srcset=\"https:\/\/i0.wp.com\/www.24baires.com\/wp-content\/uploads\/2015\/11\/scioli-campa%C3%B1a.jpg?w=560 560w, https:\/\/i0.wp.com\/www.24baires.com\/wp-content\/uploads\/2015\/11\/scioli-campa%C3%B1a.jpg?resize=300%2C221 300w\" sizes=\"auto, (max-width: 560px) 100vw, 560px\" \/>El candidato a presidente del FpV fij\u00f3 su posici\u00f3n ante los cortes en el tr\u00e1nsito por manifestaciones. \u00abNo al corte de calle\u00bb, sostuvo en forma tajante.<!--more--><\/p>\n<p>\u00abNo al corte de calle. Los reclamos se van a atender pero la gente tiene que poder movilizarse\u00bb, afirm\u00f3 Scioli sobre los piquetes, en declaraciones televisivas.<\/p>\n<p>Adem\u00e1s, consultado acerca de si esperar\u00eda una orden judicial para liberar la Panamericana o actuar\u00eda de oficio con la polic\u00eda, el candidato dijo que actuar\u00eda con la polic\u00eda como ya lo ha hecho \u00aben otras oportunidades\u00bb.<\/p>\n<p>Por otro lado, Scioli se refiri\u00f3 al debate del pr\u00f3ximo domingo. \u00abVoy a dar las razones por las que me tienen que votar, ahora quedan dos caminos. Le voy a preguntar (a Macri) \u00bfC\u00f3mo justifica que votaron en contra de la gratuidad de las universidades? \u00bfC\u00f3mo justifica que votaron en contra de la fertilizaci\u00f3n asistida? \u00bfC\u00f3mo justifica que votaron en contra de la estatizaci\u00f3n de empresas emblem\u00e1ticas?\u00bb.<\/p>\n<p>\u00abQuiero decirles a los que votaron a Stolbizer, a Rodr\u00edguez Sa\u00e1, incluso a Del Ca\u00f1o que no se quedaron sin candidato. Entiendo la lucha de la izquierda, entiendo a Margarita y su lucha por los temas de las mujeres. Estamos de acuerdo con el cambio pero no quiero un cambio que genere una inflaci\u00f3n del 40, 50 por ciento. No quiere un cambio de cierre de universidades\u00bb, agreg\u00f3.<\/p>\n<p>&nbsp;<\/p>\n<p>&nbsp;<\/p>\n<p>&nbsp;<\/p>\n<p>&nbsp;<\/p>\n<p>&nbsp;<\/p>\n<p>&nbsp;<\/p>\n<p>&nbsp;<\/p>\n<p>&nbsp;<\/p>\n<p>&nbsp;<\/p>\n<p>&nbsp;<\/p>\n<p>&nbsp;<\/p>\n<p>&nbsp;<\/p>\n<p>&nbsp;<\/p>\n<p>&nbsp;<\/p>\n<p>&nbsp;<\/p>\n","protected":false},"excerpt":{"rendered":"<p>El candidato a presidente del FpV fij\u00f3 su posici\u00f3n ante los cortes en el tr\u00e1nsito por manifestaciones. \u00abNo al corte de calle\u00bb, sostuvo en forma tajante.<\/p>\n","protected":false},"author":8,"featured_media":0,"comment_status":"open","ping_status":"open","sticky":false,"template":"","format":"standard","meta":{"_jetpack_newsletter_access":"","_jetpack_dont_email_post_to_subs":false,"_jetpack_newsletter_tier_id":0,"_jetpack_memberships_contains_paywalled_content":false,"_jetpack_memberships_contains_paid_content":false,"footnotes":""},"categories":[51],"tags":[],"class_list":["post-74801","post","type-post","status-publish","format-standard","hentry","category-politica"],"jetpack_shortlink":"https:\/\/wp.me\/p2JWE0-jst","jetpack-related-posts":[{"id":72256,"url":"http:\/\/www.24baires.com\/?p=72256","url_meta":{"origin":74801,"position":0},"title":"Scioli: \u00abIntentan deslegitimar una elecci\u00f3n ganada por 100 mil votos\u00bb","author":"AF","date":"17\/09\/2015","format":false,"excerpt":"El candidato presidencial del Frente para la Victoria, Daniel Scioli, critic\u00f3 el fallo que anul\u00f3 los comicios en la provincia de Tucum\u00e1n y asever\u00f3 que \"la elecci\u00f3n se gan\u00f3 por m\u00e1s de 100 mil votos e intentan deslegitimarla\". En declaracioes radiales, pidi\u00f3 \"acatar la voluntad popular\" y sostuvo que es\u2026","rel":"","context":"En \u00abElecciones 2015\u00bb","block_context":{"text":"Elecciones 2015","link":"http:\/\/www.24baires.com\/?cat=74"},"img":{"alt_text":"scioli voto paso15","src":"https:\/\/i0.wp.com\/www.24baires.com\/wp-content\/uploads\/2015\/08\/scioli-voto-paso15.jpg?resize=350%2C200","width":350,"height":200,"srcset":"https:\/\/i0.wp.com\/www.24baires.com\/wp-content\/uploads\/2015\/08\/scioli-voto-paso15.jpg?resize=350%2C200 1x, https:\/\/i0.wp.com\/www.24baires.com\/wp-content\/uploads\/2015\/08\/scioli-voto-paso15.jpg?resize=525%2C300 1.5x"},"classes":[]},{"id":72427,"url":"http:\/\/www.24baires.com\/?p=72427","url_meta":{"origin":74801,"position":1},"title":"Scioli le pidi\u00f3 a Macri que acepte y acate el fallo de la Corte tucumana","author":"GB","date":"21\/09\/2015","format":false,"excerpt":"El candidato a presidente del FpV solicit\u00f3 a su contrincante de Cambiemos que acepte el triunfo del oficialismo en Tucum\u00e1n y acate el fallo de la Corte Suprema de Justicia provincial que dio por v\u00e1lidos los comicios del 23 de agosto. \"A buena hora que (el candidato opositor Jos\u00e9) Cano\u2026","rel":"","context":"En \u00abPol\u00edtica\u00bb","block_context":{"text":"Pol\u00edtica","link":"http:\/\/www.24baires.com\/?cat=51"},"img":{"alt_text":"scioli","src":"https:\/\/i0.wp.com\/www.24baires.com\/wp-content\/uploads\/2015\/09\/scioli1.jpg?resize=350%2C200","width":350,"height":200,"srcset":"https:\/\/i0.wp.com\/www.24baires.com\/wp-content\/uploads\/2015\/09\/scioli1.jpg?resize=350%2C200 1x, https:\/\/i0.wp.com\/www.24baires.com\/wp-content\/uploads\/2015\/09\/scioli1.jpg?resize=525%2C300 1.5x"},"classes":[]},{"id":75214,"url":"http:\/\/www.24baires.com\/?p=75214","url_meta":{"origin":74801,"position":2},"title":"Scioli prometi\u00f3 que si gana \u201cno aumentar\u00e1 el gas, la electricidad ni el transporte\u201d","author":"AF","date":"18\/11\/2015","format":false,"excerpt":"El candidato a presidente por el Frente para la Victoria (FpV) afirm\u00f3 que va a \u201cmantener los subsidios\u201d y cuestion\u00f3 a Mauricio Macri, que \u201cacomoda su discurso\u201d para \u201cagradar a la gente\u201d, cuando en realidad lo que busca es \u201cdevaluar, ajustar y quitar subsidios\u201d. \u201cVoy a mantener los subsidios, y\u2026","rel":"","context":"En \u00abElecciones 2015\u00bb","block_context":{"text":"Elecciones 2015","link":"http:\/\/www.24baires.com\/?cat=74"},"img":{"alt_text":"scioli rabolini","src":"https:\/\/i0.wp.com\/www.24baires.com\/wp-content\/uploads\/2015\/10\/scioli-rabolini.jpg?resize=350%2C200","width":350,"height":200,"srcset":"https:\/\/i0.wp.com\/www.24baires.com\/wp-content\/uploads\/2015\/10\/scioli-rabolini.jpg?resize=350%2C200 1x, https:\/\/i0.wp.com\/www.24baires.com\/wp-content\/uploads\/2015\/10\/scioli-rabolini.jpg?resize=525%2C300 1.5x"},"classes":[]},{"id":52537,"url":"http:\/\/www.24baires.com\/?p=52537","url_meta":{"origin":74801,"position":3},"title":"De Narv\u00e1ez juega con todos: \u00abEs momento de barajar y dar de vuelta\u00bb","author":"Grupo Sierra","date":"26\/08\/2014","format":false,"excerpt":"Tras la dur\u00edsima derrota de 2013, el \"colorado\" asegura que mantiene conversaciones con muchos candidatos, para postularse como gobernador. El diputado nacional por Uni\u00f3n Celeste y Blanca, Francisco De Narv\u00e1ez, admiti\u00f3 que mantiene conversaciones con \"dirigentes nacionales y provinciales\", entre los que destac\u00f3 al gobernador bonaerense, Daniel Scioli; al jefe\u2026","rel":"","context":"En \u00abElecciones 2015\u00bb","block_context":{"text":"Elecciones 2015","link":"http:\/\/www.24baires.com\/?cat=74"},"img":{"alt_text":"de narv\u00e1ez2","src":"https:\/\/i0.wp.com\/www.24baires.com\/wp-content\/uploads\/2013\/05\/de-narv%C3%A1ez2.jpg?resize=350%2C200","width":350,"height":200,"srcset":"https:\/\/i0.wp.com\/www.24baires.com\/wp-content\/uploads\/2013\/05\/de-narv%C3%A1ez2.jpg?resize=350%2C200 1x, https:\/\/i0.wp.com\/www.24baires.com\/wp-content\/uploads\/2013\/05\/de-narv%C3%A1ez2.jpg?resize=525%2C300 1.5x"},"classes":[]},{"id":108387,"url":"http:\/\/www.24baires.com\/?p=108387","url_meta":{"origin":74801,"position":4},"title":"Scioli ratific\u00f3 su candidatura presidencial","author":"GB","date":"25\/05\/2019","format":false,"excerpt":"El exgobernador de la Provincia de Buenos Aires particip\u00f3 del Congreso Educativo de Ajedrez que se realiz\u00f3 en la ciudad balnearia y manifest\u00f3 sus deseos de ser el primer mandatario del pa\u00eds despu\u00e9s del 10 de diciembre, sin embargo aclar\u00f3: \u201cVer\u00e9 como peronista en qu\u00e9 lugar puedo hacer mi mayor\u2026","rel":"","context":"En \u00abPol\u00edtica\u00bb","block_context":{"text":"Pol\u00edtica","link":"http:\/\/www.24baires.com\/?cat=51"},"img":{"alt_text":"","src":"https:\/\/i0.wp.com\/www.24baires.com\/wp-content\/uploads\/2019\/05\/scioli-mar-del.jpg?resize=350%2C200","width":350,"height":200,"srcset":"https:\/\/i0.wp.com\/www.24baires.com\/wp-content\/uploads\/2019\/05\/scioli-mar-del.jpg?resize=350%2C200 1x, https:\/\/i0.wp.com\/www.24baires.com\/wp-content\/uploads\/2019\/05\/scioli-mar-del.jpg?resize=525%2C300 1.5x"},"classes":[]},{"id":116805,"url":"http:\/\/www.24baires.com\/?p=116805","url_meta":{"origin":74801,"position":5},"title":"Larreta ratific\u00f3 que ir\u00e1 a la Corte por los fondos de la polic\u00eda porte\u00f1a","author":"AF","date":"01\/12\/2020","format":false,"excerpt":"Pese a que la iniciativa todav\u00eda no fue convertida en ley por el Congreso, el alcalde porte\u00f1o organiz\u00f3 una conferencia de prensa y apunt\u00f3 contra el gobierno nacional. Si bien el proyecto de ley que fija el monto del traspaso de la Polic\u00eda Federal a la Ciudad no se convirti\u00f3\u2026","rel":"","context":"En \u00abLocales\u00bb","block_context":{"text":"Locales","link":"http:\/\/www.24baires.com\/?cat=38"},"img":{"alt_text":"","src":"https:\/\/i0.wp.com\/www.24baires.com\/wp-content\/uploads\/2017\/10\/pe%C3%B1a-larreta.jpg?resize=350%2C200","width":350,"height":200,"srcset":"https:\/\/i0.wp.com\/www.24baires.com\/wp-content\/uploads\/2017\/10\/pe%C3%B1a-larreta.jpg?resize=350%2C200 1x, https:\/\/i0.wp.com\/www.24baires.com\/wp-content\/uploads\/2017\/10\/pe%C3%B1a-larreta.jpg?resize=525%2C300 1.5x"},"classes":[]}],"jetpack_sharing_enabled":true,"jetpack_likes_enabled":true,"jetpack_featured_media_url":"","_links":{"self":[{"href":"http:\/\/www.24baires.com\/index.php?rest_route=\/wp\/v2\/posts\/74801","targetHints":{"allow":["GET"]}}],"collection":[{"href":"http:\/\/www.24baires.com\/index.php?rest_route=\/wp\/v2\/posts"}],"about":[{"href":"http:\/\/www.24baires.com\/index.php?rest_route=\/wp\/v2\/types\/post"}],"author":[{"embeddable":true,"href":"http:\/\/www.24baires.com\/index.php?rest_route=\/wp\/v2\/users\/8"}],"replies":[{"embeddable":true,"href":"http:\/\/www.24baires.com\/index.php?rest_route=%2Fwp%2Fv2%2Fcomments&post=74801"}],"version-history":[{"count":1,"href":"http:\/\/www.24baires.com\/index.php?rest_route=\/wp\/v2\/posts\/74801\/revisions"}],"predecessor-version":[{"id":74803,"href":"http:\/\/www.24baires.com\/index.php?rest_route=\/wp\/v2\/posts\/74801\/revisions\/74803"}],"wp:attachment":[{"href":"http:\/\/www.24baires.com\/index.php?rest_route=%2Fwp%2Fv2%2Fmedia&parent=74801"}],"wp:term":[{"taxonomy":"category","embeddable":true,"href":"http:\/\/www.24baires.com\/index.php?rest_route=%2Fwp%2Fv2%2Fcategories&post=74801"},{"taxonomy":"post_tag","embeddable":true,"href":"http:\/\/www.24baires.com\/index.php?rest_route=%2Fwp%2Fv2%2Ftags&post=74801"}],"curies":[{"name":"wp","href":"https:\/\/api.w.org\/{rel}","templated":true}]}}