{"id":74795,"date":"2015-11-09T11:00:44","date_gmt":"2015-11-09T14:00:44","guid":{"rendered":"http:\/\/www.24baires.com\/?p=74795"},"modified":"2015-11-10T10:02:30","modified_gmt":"2015-11-10T13:02:30","slug":"scioli-piensa-en-el-hombre-y-mujer-comun-macri-en-los-que-tienen-plata","status":"publish","type":"post","link":"http:\/\/www.24baires.com\/?p=74795","title":{"rendered":"\u201cScioli piensa en el hombre y mujer com\u00fan, Macri en los que tienen plata\u201d"},"content":{"rendered":"<p><img data-recalc-dims=\"1\" loading=\"lazy\" decoding=\"async\" class=\"aligncenter size-full wp-image-70083\" src=\"https:\/\/i0.wp.com\/www.24baires.com\/wp-content\/uploads\/2015\/08\/an%C3%ADbal-cierre.jpg?resize=560%2C370\" alt=\"an\u00edbal cierre\" width=\"560\" height=\"370\" srcset=\"https:\/\/i0.wp.com\/www.24baires.com\/wp-content\/uploads\/2015\/08\/an%C3%ADbal-cierre.jpg?w=560 560w, https:\/\/i0.wp.com\/www.24baires.com\/wp-content\/uploads\/2015\/08\/an%C3%ADbal-cierre.jpg?resize=300%2C198 300w\" sizes=\"auto, (max-width: 560px) 100vw, 560px\" \/>El jefe de Gabinete afirm\u00f3 que el candidato del FpV sostiene propuestas concretas para los que trabajan todos los d\u00edas, mientras que su contrincante representa a un sector de \u00abla derecha conservadora\u00bb que nunca piensa en los pobres.<!--more--><\/p>\n<p>El funcionario a\u00f1adi\u00f3 que el Gobierno y el candidato a presidente del FPV han tenido \u00abdurante una gran parte de estos 12 a\u00f1os una leg\u00edtima expresi\u00f3n y cuidado del trabajador respecto de sus paritarias, el respeto por los jubilados, respeto a la aplicaci\u00f3n de la Asignaci\u00f3n Universal por Hijo\u00bb.<\/p>\n<p>Fern\u00e1ndez se\u00f1al\u00f3, en cambio, que \u00aben caso de ganar Macri el balotaje estas pol\u00edticas no existir\u00edan m\u00e1s\u00bb, porque \u00abes un sector pol\u00edtico que representa la derecha conservadora que siempre pens\u00f3 en los que tienen plata, no en lo pobre, ni en los vulnerables, ni tampoco en los viejos de nuestro pa\u00eds\u00bb.<\/p>\n<p>Como es habitual, el jefe de gabinete habl\u00f3 esta ma\u00f1ana con la prensa, minutos despu\u00e9s de ingresar a la Casa de Gobierno.<\/p>\n<p>Consultado sobre el desarrollo de la campa\u00f1a electoral, el ministro expres\u00f3: \u00abHoy sigue la discusi\u00f3n entre los dos candidatos que tienen que presentarse de la mejor manera frente al electorado. Yo defiendo que Scioli en esto sostiene una propuesta para los argentinos que piensan en el hombre y la mujer com\u00fan, que trabaja todos los d\u00edas y que han encontrado durante una gran parte de estos 12 a\u00f1os una leg\u00edtima expresi\u00f3n en nuestro Gobierno y cuidado del trabajador respecto de sus paritarias; respeto por los jubilados, respecto a la aplicaci\u00f3n de la Asignaci\u00f3n Universal por Hijo, estos son hechos m\u00e1s que contundentes que si Macri ganara el balotaje estas pol\u00edticas no existir\u00edan m\u00e1s\u00bb.<\/p>\n<p>Insisti\u00f3 en remarcar que \u00abnosotros vamos a seguir diciendo lo nuestro en toda la Argentina. Seguimos sosteniendo la defensa de los intereses de la mayor\u00eda de la poblaci\u00f3n, de los m\u00e1s vulnerables y de los pobres fundamentalmente\u00bb.<\/p>\n<p>El ministro coordinador diferenci\u00f3 las \u00abactivas pol\u00edticas del Gobierno nacional en favor de la gente\u00bb y contrapuso algunas de las pol\u00edticas econ\u00f3micas expuestas por los economistas identificados con el PRO y Cambiemos.<\/p>\n<p>\u00abSi vemos las declaraciones de sus economistas, por ejemplo (Carlos) Melconian, con la brutalidad que lo caracteriza, expres\u00f3 que se ten\u00eda que ir a un d\u00f3lar a 16 pesos. Sembraron a 9, si van un d\u00f3lar a 16 pesos son siete de diferencia, esa diferencia le vas a dar un 67 por ciento de devaluaci\u00f3n, 50 por ciento de inflaci\u00f3n m\u00ednima; van por los sueldos de los trabajadores y la desaparici\u00f3n de las paritarias\u00bb, denunci\u00f3 el funcionario.<\/p>\n<p>\u00abEntonces, en estos momentos de campa\u00f1a es necesario que la gente mire esto, hay una necesidad que se preste atenci\u00f3n a este situaci\u00f3n\u00bb, advirti\u00f3.<\/p>\n<p>El jefe de ministros habl\u00f3 del d\u00f3lar propuesto por los economistas del PRO y de Cambiemos. \u00abDicen que hay 10.000 millones de d\u00f3lares en los silo bolsas (el acopio de soja). Si el d\u00f3lar pasa de 9,60 a 16 pesos, como lo est\u00e1n diciendo en este caso, la relaci\u00f3n es de 6,30\/6,40 de d\u00f3lar. Y 6,40 en 10.000 millones, estamos hablando de 64.000 millones de pesos de transferencia\u00bb.<\/p>\n<p>\u00abEstamos hablando de algo realmente formidable, muy importante en t\u00e9rminos de un sector pol\u00edtico que es la derecha conservadora que siempre pens\u00f3 en los que tienen plata, no en lo pobre, ni en los vulnerables, ni tampoco en los viejos de nuestro pa\u00eds\u00bb, sostuvo Fern\u00e1ndez.<\/p>\n","protected":false},"excerpt":{"rendered":"<p>El jefe de Gabinete afirm\u00f3 que el candidato del FpV sostiene propuestas concretas para los que trabajan todos los d\u00edas, mientras que su contrincante representa a un sector de \u00abla derecha conservadora\u00bb que nunca piensa en los pobres.<\/p>\n","protected":false},"author":8,"featured_media":0,"comment_status":"open","ping_status":"open","sticky":false,"template":"","format":"standard","meta":{"_jetpack_newsletter_access":"","_jetpack_dont_email_post_to_subs":false,"_jetpack_newsletter_tier_id":0,"_jetpack_memberships_contains_paywalled_content":false,"_jetpack_memberships_contains_paid_content":false,"footnotes":""},"categories":[51],"tags":[],"class_list":["post-74795","post","type-post","status-publish","format-standard","hentry","category-politica"],"jetpack_shortlink":"https:\/\/wp.me\/p2JWE0-jsn","jetpack-related-posts":[{"id":74842,"url":"http:\/\/www.24baires.com\/?p=74842","url_meta":{"origin":74795,"position":0},"title":"\u201cMacri no se parece a Scioli, porque Scioli representa a los trabajadores y pobres\u201d","author":"GB","date":"10\/11\/2015","format":false,"excerpt":"El jefe de Gabinete, An\u00edbal Fern\u00e1ndez, critic\u00f3 a los economistas asesores de la Alianza Cambiemos Carlos Melconian, Jos\u00e9 Luis Espert y Alfonso Prat-Gay al se\u00f1alar que \"representan al conservadurismo liberal\". Adem\u00e1s afirm\u00f3 que ese espacio opositor \"defiende al mercado como salvador de todo en contra de los intereses de los\u2026","rel":"","context":"En \u00abPol\u00edtica\u00bb","block_context":{"text":"Pol\u00edtica","link":"http:\/\/www.24baires.com\/?cat=51"},"img":{"alt_text":"anibal conferencia","src":"https:\/\/i0.wp.com\/www.24baires.com\/wp-content\/uploads\/2015\/04\/anibal-conferencia.jpg?resize=350%2C200","width":350,"height":200,"srcset":"https:\/\/i0.wp.com\/www.24baires.com\/wp-content\/uploads\/2015\/04\/anibal-conferencia.jpg?resize=350%2C200 1x, https:\/\/i0.wp.com\/www.24baires.com\/wp-content\/uploads\/2015\/04\/anibal-conferencia.jpg?resize=525%2C300 1.5x"},"classes":[]},{"id":107751,"url":"http:\/\/www.24baires.com\/?p=107751","url_meta":{"origin":74795,"position":1},"title":"Para Grabois, CFK \u201cno tiene motivos ni derecho a renunciar\u201d a su candidatura","author":"GB","date":"22\/04\/2019","format":false,"excerpt":"El joven dirigente social dej\u00f3 en claro que el silencio de la expresidenta pone impaciente a su militancia. Argumentando sobre la responsabilidad hist\u00f3rica de Cristina, consider\u00f3 que \u201cya no hay tiempo\u201d para construir otros candidatos que puedan ganarle a Macri. A cuatro meses exactos de las PASO, ciertos sectores de\u2026","rel":"","context":"En \u00abPol\u00edtica\u00bb","block_context":{"text":"Pol\u00edtica","link":"http:\/\/www.24baires.com\/?cat=51"},"img":{"alt_text":"","src":"https:\/\/i0.wp.com\/www.24baires.com\/wp-content\/uploads\/2015\/10\/cfk-caleta.jpg?resize=350%2C200","width":350,"height":200,"srcset":"https:\/\/i0.wp.com\/www.24baires.com\/wp-content\/uploads\/2015\/10\/cfk-caleta.jpg?resize=350%2C200 1x, https:\/\/i0.wp.com\/www.24baires.com\/wp-content\/uploads\/2015\/10\/cfk-caleta.jpg?resize=525%2C300 1.5x"},"classes":[]},{"id":107069,"url":"http:\/\/www.24baires.com\/?p=107069","url_meta":{"origin":74795,"position":2},"title":"\u00abMacri volvi\u00f3 a faltarles el respeto a los 40 millones de argentinos\u00bb","author":"GB","date":"04\/03\/2019","format":false,"excerpt":"As\u00ed lo indic\u00f3 el diputado peronista Fernando Espinoza, luego del discurso del Presidente en la apertura de sesiones ordinarias. \"Decepcion\u00f3 a muchas personas que permanec\u00eda indecisas\", dijo El diputado nacional por la provincia de Buenos Aires Fernando Espinoza (FPV-PJ) se refiri\u00f3 al discurso pronunciado por el presidente de la Naci\u00f3n\u2026","rel":"","context":"En \u00abPol\u00edtica\u00bb","block_context":{"text":"Pol\u00edtica","link":"http:\/\/www.24baires.com\/?cat=51"},"img":{"alt_text":"","src":"https:\/\/i0.wp.com\/www.24baires.com\/wp-content\/uploads\/2019\/03\/espinoza.jpg?resize=350%2C200","width":350,"height":200,"srcset":"https:\/\/i0.wp.com\/www.24baires.com\/wp-content\/uploads\/2019\/03\/espinoza.jpg?resize=350%2C200 1x, https:\/\/i0.wp.com\/www.24baires.com\/wp-content\/uploads\/2019\/03\/espinoza.jpg?resize=525%2C300 1.5x"},"classes":[]},{"id":112630,"url":"http:\/\/www.24baires.com\/?p=112630","url_meta":{"origin":74795,"position":3},"title":"Alberto y Cristina cierran la campa\u00f1a en Mar del Plata","author":"GB","date":"24\/10\/2019","format":false,"excerpt":"El candidato a presidente por el Frente de Todos, Alberto Fern\u00e1ndez, y la candidata a vicepresidenta, Cristina Fern\u00e1ndez de Kirchner, estar\u00e1n este jueves a las 15 en Mar del Plata, en un escenario que se montar\u00e1 en la rambla. Ser\u00e1 el primer acto que compartir\u00e1n en conjunto en la ciudad,\u2026","rel":"","context":"En \u00abPol\u00edtica\u00bb","block_context":{"text":"Pol\u00edtica","link":"http:\/\/www.24baires.com\/?cat=51"},"img":{"alt_text":"","src":"https:\/\/i0.wp.com\/www.24baires.com\/wp-content\/uploads\/2019\/10\/alberto-y-cristina.jpg?resize=350%2C200","width":350,"height":200,"srcset":"https:\/\/i0.wp.com\/www.24baires.com\/wp-content\/uploads\/2019\/10\/alberto-y-cristina.jpg?resize=350%2C200 1x, https:\/\/i0.wp.com\/www.24baires.com\/wp-content\/uploads\/2019\/10\/alberto-y-cristina.jpg?resize=525%2C300 1.5x"},"classes":[]},{"id":103494,"url":"http:\/\/www.24baires.com\/?p=103494","url_meta":{"origin":74795,"position":4},"title":"Repudian la modificaci\u00f3n para militarizar la seguridad interior","author":"AF","date":"23\/07\/2018","format":false,"excerpt":"Todo el abanico opositor se pronunci\u00f3 en contra de los cambios en la pol\u00edtica de defensa anunciada por el presidente Mauricio Macri, y reclamaron que el tema sea debatido en el Congreso. El bloque de Diputados del Frente para la Victoria consider\u00f3 hoy como una \"degradaci\u00f3n de la democracia y\u2026","rel":"","context":"En \u00abPol\u00edtica\u00bb","block_context":{"text":"Pol\u00edtica","link":"http:\/\/www.24baires.com\/?cat=51"},"img":{"alt_text":"","src":"https:\/\/i0.wp.com\/www.24baires.com\/wp-content\/uploads\/2018\/07\/congreso.jpg?resize=350%2C200","width":350,"height":200,"srcset":"https:\/\/i0.wp.com\/www.24baires.com\/wp-content\/uploads\/2018\/07\/congreso.jpg?resize=350%2C200 1x, https:\/\/i0.wp.com\/www.24baires.com\/wp-content\/uploads\/2018\/07\/congreso.jpg?resize=525%2C300 1.5x"},"classes":[]},{"id":110959,"url":"http:\/\/www.24baires.com\/?p=110959","url_meta":{"origin":74795,"position":5},"title":"Alberto Fern\u00e1ndez critic\u00f3 las pol\u00edticas neoliberales de Macri","author":"AF","date":"26\/06\/2019","format":false,"excerpt":"El candidato presidencial del Frente de Tod@s dijo: \u201cDejen de confiar en la teor\u00eda liberal y dense cuenta de lo que pasa cuando los liberales se hacen cargo\u201d, en un acto del Sindicato de Bancarios. El candidato opositor del Frente de Tod@s, Alberto Fern\u00e1ndez, culp\u00f3 a las pol\u00edticas neoliberales del\u2026","rel":"","context":"En \u00abPol\u00edtica\u00bb","block_context":{"text":"Pol\u00edtica","link":"http:\/\/www.24baires.com\/?cat=51"},"img":{"alt_text":"","src":"https:\/\/i0.wp.com\/www.24baires.com\/wp-content\/uploads\/2019\/06\/alberto-fernandez.jpg?resize=350%2C200","width":350,"height":200,"srcset":"https:\/\/i0.wp.com\/www.24baires.com\/wp-content\/uploads\/2019\/06\/alberto-fernandez.jpg?resize=350%2C200 1x, https:\/\/i0.wp.com\/www.24baires.com\/wp-content\/uploads\/2019\/06\/alberto-fernandez.jpg?resize=525%2C300 1.5x"},"classes":[]}],"jetpack_sharing_enabled":true,"jetpack_likes_enabled":true,"jetpack_featured_media_url":"","_links":{"self":[{"href":"http:\/\/www.24baires.com\/index.php?rest_route=\/wp\/v2\/posts\/74795","targetHints":{"allow":["GET"]}}],"collection":[{"href":"http:\/\/www.24baires.com\/index.php?rest_route=\/wp\/v2\/posts"}],"about":[{"href":"http:\/\/www.24baires.com\/index.php?rest_route=\/wp\/v2\/types\/post"}],"author":[{"embeddable":true,"href":"http:\/\/www.24baires.com\/index.php?rest_route=\/wp\/v2\/users\/8"}],"replies":[{"embeddable":true,"href":"http:\/\/www.24baires.com\/index.php?rest_route=%2Fwp%2Fv2%2Fcomments&post=74795"}],"version-history":[{"count":1,"href":"http:\/\/www.24baires.com\/index.php?rest_route=\/wp\/v2\/posts\/74795\/revisions"}],"predecessor-version":[{"id":74796,"href":"http:\/\/www.24baires.com\/index.php?rest_route=\/wp\/v2\/posts\/74795\/revisions\/74796"}],"wp:attachment":[{"href":"http:\/\/www.24baires.com\/index.php?rest_route=%2Fwp%2Fv2%2Fmedia&parent=74795"}],"wp:term":[{"taxonomy":"category","embeddable":true,"href":"http:\/\/www.24baires.com\/index.php?rest_route=%2Fwp%2Fv2%2Fcategories&post=74795"},{"taxonomy":"post_tag","embeddable":true,"href":"http:\/\/www.24baires.com\/index.php?rest_route=%2Fwp%2Fv2%2Ftags&post=74795"}],"curies":[{"name":"wp","href":"https:\/\/api.w.org\/{rel}","templated":true}]}}