{"id":74784,"date":"2015-11-08T17:00:03","date_gmt":"2015-11-08T20:00:03","guid":{"rendered":"http:\/\/www.24baires.com\/?p=74784"},"modified":"2015-11-08T10:02:41","modified_gmt":"2015-11-08T13:02:41","slug":"gils-carbo-no-voy-a-dar-ningun-paso-al-costado","status":"publish","type":"post","link":"http:\/\/www.24baires.com\/?p=74784","title":{"rendered":"Gils Carb\u00f3: \u00abNo voy a dar ning\u00fan paso al costado\u00bb"},"content":{"rendered":"<p>La procuradora general de la Naci\u00f3n, Alejandra Gils Carb\u00f3, dijo que no va a dar \u00abning\u00fan paso al costado\u00bb, consultada por los dirigentes y candidatos de Cambiemos que piden que renuncie si Mauricio Macri gana las elecciones presidenciales. <!--more--><\/p>\n<p>\u00abNo voy a dar ning\u00fan paso al costado por distintos motivos que son institucionales y constitucionales. Hay un proceso en marcha dentro del Ministerio P\u00fablico Fiscal que sin duda no concierne solo a m\u00ed sino a centenares de personas. Yo encabezo el proyecto de transformaci\u00f3n y de construcci\u00f3n de una mejor herramienta, pero por supuesto que no es un proyecto personal. Y ah\u00ed voy al segundo tema: las funciones del MPF est\u00e1n marcadas por la Constituci\u00f3n\u00bb, asegur\u00f3 Gils Carb\u00f3 en una entrevista con el diario P\u00e1gina\/12. <\/p>\n<p>En este sentido, puntualiz\u00f3: \u00abLa Constituci\u00f3n es fruto de un proceso hist\u00f3rico, de conquistas sociales. \u00bfQuieren que borremos las conquistas de toda la sociedad con el codo? Ser\u00eda sorprendente que quienes vienen haciendo una bandera de la institucionalidad y la independencia de la administraci\u00f3n de Justicia digan ahora que tengo que entregar el cargo porque cambia el gobierno. Si hay gente que imagina otra salida puede prestarle atenci\u00f3n a la Constituci\u00f3n y ver\u00e1 que el procedimiento de remoci\u00f3n de la procuradora es el mismo que para cualquier ministro de la Corte Suprema. Hacen falta los dos tercios del Senado. Por eso no renunciar es m\u00e1s que mi derecho: es mi deber\u00bb.<\/p>\n<p>De acuerdo con esto, la funcionaria dijo que tampoco renunciar\u00eda si se lo pidiese Daniel Scioli o la actual presidenta Cristina Kirchner: \u00abDe nuevo: no voy a dar un paso al costado. S\u00f3lo voy a retirarme cuando considere que cumpl\u00ed un ciclo y que puede haber un recambio beneficioso\u00bb. <\/p>\n<p>\u00abVine a transformar las estructuras del Ministerio P\u00fablico Fiscal, que trabajaba como un simple espejo del Poder Judicial. No impulsaba investigaciones, no ten\u00eda los planes de perfeccionamiento y articulaci\u00f3n nacional y provincial como ya logramos&#8230; Nada de eso. Todo este esquema de articulaci\u00f3n le permiti\u00f3 al MPF trabajar de manera eficaz en grandes causas de narcotr\u00e1fico, por ejemplo. Obtuvimos condenas en la operaci\u00f3n Carb\u00f3n Blanco. La Procuraci\u00f3n sobre Narcocriminalidad pudo realizar la denuncia contra el juez Ra\u00fal Reynoso en Or\u00e1n. Antes no hab\u00eda una estructura dise\u00f1ada para cruzar informaci\u00f3n\u00bb, concluy\u00f3.<\/p>\n","protected":false},"excerpt":{"rendered":"<p>La procuradora general de la Naci\u00f3n, Alejandra Gils Carb\u00f3, dijo que no va a dar \u00abning\u00fan paso al costado\u00bb, consultada por los dirigentes y candidatos de Cambiemos que piden que renuncie si Mauricio Macri gana las elecciones presidenciales.<\/p>\n","protected":false},"author":8,"featured_media":0,"comment_status":"open","ping_status":"open","sticky":false,"template":"","format":"standard","meta":{"_jetpack_newsletter_access":"","_jetpack_dont_email_post_to_subs":false,"_jetpack_newsletter_tier_id":0,"_jetpack_memberships_contains_paywalled_content":false,"_jetpack_memberships_contains_paid_content":false,"footnotes":""},"categories":[51],"tags":[],"class_list":["post-74784","post","type-post","status-publish","format-standard","hentry","category-politica"],"jetpack_shortlink":"https:\/\/wp.me\/p2JWE0-jsc","jetpack-related-posts":[{"id":76544,"url":"http:\/\/www.24baires.com\/?p=76544","url_meta":{"origin":74784,"position":0},"title":"El ministro de Justicia descart\u00f3 echar a Gils Carb\u00f3 por decreto","author":"GB","date":"17\/12\/2015","format":false,"excerpt":"Germ\u00e1n Garavano neg\u00f3 que haya barajado esa posibilidad para removar a la Procuradora General de la Naci\u00f3n. Anunci\u00f3 que este jueves mantendr\u00e1 una reuni\u00f3n con la funcionaria kirchnerista. El ministro de Justicia, Germ\u00e1n Garavano, neg\u00f3 la posibilidad de remover a la Procuradora General de la Naci\u00f3n, Alejandra Gils Carb\u00f3, de\u2026","rel":"","context":"En \u00abPol\u00edtica\u00bb","block_context":{"text":"Pol\u00edtica","link":"http:\/\/www.24baires.com\/?cat=51"},"img":{"alt_text":"","src":"","width":0,"height":0},"classes":[]},{"id":86357,"url":"http:\/\/www.24baires.com\/?p=86357","url_meta":{"origin":74784,"position":1},"title":"Gils Carb\u00f3 dictamin\u00f3 contra el aumento de tarifas","author":"GB","date":"17\/08\/2016","format":false,"excerpt":"La Procuradora se pronunci\u00f3 contra los incrementos dispuestos por el Gobierno nacional. La Procuradora General Alejandra Gils Carb\u00f3 dictamin\u00f3 que deben mantenerse frenados los aumentos a las tarifas de gas dispuestos por el ministerio de Energ\u00eda, en sinton\u00eda con el fallo de la C\u00e1mara Federal de La Plata. A partir\u2026","rel":"","context":"En \u00abPol\u00edtica\u00bb","block_context":{"text":"Pol\u00edtica","link":"http:\/\/www.24baires.com\/?cat=51"},"img":{"alt_text":"gils cabr\u00f3","src":"https:\/\/i0.wp.com\/www.24baires.com\/wp-content\/uploads\/2013\/02\/gils-cabr%C3%B3.jpg?resize=350%2C200","width":350,"height":200,"srcset":"https:\/\/i0.wp.com\/www.24baires.com\/wp-content\/uploads\/2013\/02\/gils-cabr%C3%B3.jpg?resize=350%2C200 1x, https:\/\/i0.wp.com\/www.24baires.com\/wp-content\/uploads\/2013\/02\/gils-cabr%C3%B3.jpg?resize=525%2C300 1.5x"},"classes":[]},{"id":98424,"url":"http:\/\/www.24baires.com\/?p=98424","url_meta":{"origin":74784,"position":2},"title":"Gils Carb\u00f3 renunci\u00f3 como procuradora general de la Naci\u00f3n","author":"GB","date":"30\/10\/2017","format":false,"excerpt":"La procuradora general de la Naci\u00f3n, Alejandra Gils Carb\u00f3, renunci\u00f3 hoy a su cargo luego de que desde el Gobierno intentaran removerla a partir de un juicio pol\u00edtico por presunta administraci\u00f3n fraudulenta. La procuradora general de la Naci\u00f3n, Alejandra Gils Carb\u00f3, present\u00f3 su renuncia \"con efectos a partir del 31\u2026","rel":"","context":"En \u00abPol\u00edtica\u00bb","block_context":{"text":"Pol\u00edtica","link":"http:\/\/www.24baires.com\/?cat=51"},"img":{"alt_text":"","src":"https:\/\/i0.wp.com\/www.24baires.com\/wp-content\/uploads\/2013\/07\/gils-carbo-escuela-justicia.jpg?resize=350%2C200","width":350,"height":200,"srcset":"https:\/\/i0.wp.com\/www.24baires.com\/wp-content\/uploads\/2013\/07\/gils-carbo-escuela-justicia.jpg?resize=350%2C200 1x, https:\/\/i0.wp.com\/www.24baires.com\/wp-content\/uploads\/2013\/07\/gils-carbo-escuela-justicia.jpg?resize=525%2C300 1.5x"},"classes":[]},{"id":98566,"url":"http:\/\/www.24baires.com\/?p=98566","url_meta":{"origin":74784,"position":3},"title":"Macri acept\u00f3 la renuncia de Gils Carb\u00f3","author":"GB","date":"06\/11\/2017","format":false,"excerpt":"La decisi\u00f3n del Presidente se public\u00f3 hoy en el Bolet\u00edn Oficial. Desde el inicio de la gesti\u00f3n de Cambiemos en diciembre de 2015, distintos representantes del Gobierno nacional hab\u00edan manifestado su intenci\u00f3n de desplazarla. Acorralada por medidas judiciales, la Procuradora hab\u00eda presentado la renuncia a su cargo. A trav\u00e9s de\u2026","rel":"","context":"En \u00abPol\u00edtica\u00bb","block_context":{"text":"Pol\u00edtica","link":"http:\/\/www.24baires.com\/?cat=51"},"img":{"alt_text":"","src":"https:\/\/i0.wp.com\/www.24baires.com\/wp-content\/uploads\/2017\/04\/macri.jpg?resize=350%2C200","width":350,"height":200,"srcset":"https:\/\/i0.wp.com\/www.24baires.com\/wp-content\/uploads\/2017\/04\/macri.jpg?resize=350%2C200 1x, https:\/\/i0.wp.com\/www.24baires.com\/wp-content\/uploads\/2017\/04\/macri.jpg?resize=525%2C300 1.5x"},"classes":[]},{"id":16512,"url":"http:\/\/www.24baires.com\/?p=16512","url_meta":{"origin":74784,"position":4},"title":"Gils Carb\u00f3 critic\u00f3 la preeminencia de abogados en el Consejo de la Magistratura","author":"Grupo Sierra","date":"23\/02\/2013","format":false,"excerpt":"La\u00a0Procuradora\u00a0General de la Naci\u00f3n, Alejandra Gils Carb\u00f3, se refiri\u00f3 entre otros temas a la constituci\u00f3n del Consejo de la Magistratura, considerando que la preeminencia de abogados en ese cuerpo es una actitud corporativa que se debiera combatir: \"Es al ciudadano al que le interesa que la justicia funcione bien y\u2026","rel":"","context":"En \u00abPol\u00edtica\u00bb","block_context":{"text":"Pol\u00edtica","link":"http:\/\/www.24baires.com\/?cat=51"},"img":{"alt_text":"gils_carbo_senado_070812_12_ef_47659","src":"https:\/\/i0.wp.com\/www.24baires.com\/wp-content\/uploads\/2012\/11\/gils_carbo_senado_070812_12_ef_47659.jpg?resize=350%2C200","width":350,"height":200,"srcset":"https:\/\/i0.wp.com\/www.24baires.com\/wp-content\/uploads\/2012\/11\/gils_carbo_senado_070812_12_ef_47659.jpg?resize=350%2C200 1x, https:\/\/i0.wp.com\/www.24baires.com\/wp-content\/uploads\/2012\/11\/gils_carbo_senado_070812_12_ef_47659.jpg?resize=525%2C300 1.5x"},"classes":[]},{"id":28039,"url":"http:\/\/www.24baires.com\/?p=28039","url_meta":{"origin":74784,"position":5},"title":"Crean una \u00abEscuela de Servicio de Justicia\u00bb","author":"Grupo Sierra","date":"11\/07\/2013","format":false,"excerpt":"La procuradora General de la Naci\u00f3n, Alejandra Gils Carb\u00f3, y la Defensora General de la Naci\u00f3n, Stella Maris Mart\u00ednez, anunciaron la creaci\u00f3n de la Escuela de Servicio de Justicia que ofrecer\u00e1 programas de capacitaci\u00f3n y actualizaci\u00f3n. Durante el acto, del que particip\u00f3 el ministro de Justicia, Julio Alak y que\u2026","rel":"","context":"En \u00abJUDICIALES\u00bb","block_context":{"text":"JUDICIALES","link":"http:\/\/www.24baires.com\/?cat=68"},"img":{"alt_text":"","src":"https:\/\/i0.wp.com\/www.24baires.com\/wp-content\/uploads\/2013\/07\/gils-carbo-escuela-justicia.jpg?resize=350%2C200","width":350,"height":200,"srcset":"https:\/\/i0.wp.com\/www.24baires.com\/wp-content\/uploads\/2013\/07\/gils-carbo-escuela-justicia.jpg?resize=350%2C200 1x, https:\/\/i0.wp.com\/www.24baires.com\/wp-content\/uploads\/2013\/07\/gils-carbo-escuela-justicia.jpg?resize=525%2C300 1.5x"},"classes":[]}],"jetpack_sharing_enabled":true,"jetpack_likes_enabled":true,"jetpack_featured_media_url":"","_links":{"self":[{"href":"http:\/\/www.24baires.com\/index.php?rest_route=\/wp\/v2\/posts\/74784","targetHints":{"allow":["GET"]}}],"collection":[{"href":"http:\/\/www.24baires.com\/index.php?rest_route=\/wp\/v2\/posts"}],"about":[{"href":"http:\/\/www.24baires.com\/index.php?rest_route=\/wp\/v2\/types\/post"}],"author":[{"embeddable":true,"href":"http:\/\/www.24baires.com\/index.php?rest_route=\/wp\/v2\/users\/8"}],"replies":[{"embeddable":true,"href":"http:\/\/www.24baires.com\/index.php?rest_route=%2Fwp%2Fv2%2Fcomments&post=74784"}],"version-history":[{"count":1,"href":"http:\/\/www.24baires.com\/index.php?rest_route=\/wp\/v2\/posts\/74784\/revisions"}],"predecessor-version":[{"id":74785,"href":"http:\/\/www.24baires.com\/index.php?rest_route=\/wp\/v2\/posts\/74784\/revisions\/74785"}],"wp:attachment":[{"href":"http:\/\/www.24baires.com\/index.php?rest_route=%2Fwp%2Fv2%2Fmedia&parent=74784"}],"wp:term":[{"taxonomy":"category","embeddable":true,"href":"http:\/\/www.24baires.com\/index.php?rest_route=%2Fwp%2Fv2%2Fcategories&post=74784"},{"taxonomy":"post_tag","embeddable":true,"href":"http:\/\/www.24baires.com\/index.php?rest_route=%2Fwp%2Fv2%2Ftags&post=74784"}],"curies":[{"name":"wp","href":"https:\/\/api.w.org\/{rel}","templated":true}]}}