{"id":74779,"date":"2015-11-08T13:00:23","date_gmt":"2015-11-08T16:00:23","guid":{"rendered":"http:\/\/www.24baires.com\/?p=74779"},"modified":"2015-11-08T09:54:51","modified_gmt":"2015-11-08T12:54:51","slug":"massa-tomo-distancia-de-los-candidatos","status":"publish","type":"post","link":"http:\/\/www.24baires.com\/?p=74779","title":{"rendered":"Massa tom\u00f3 distancia de los candidatos"},"content":{"rendered":"<p>El l\u00edder del Frente Renovador asegur\u00f3 que no apoyar\u00e1 a Mauricio Macri ni Daniel Scioli. Los gestos de los candidatos.<!--more--><\/p>\n<p>\u00abNo voy a apoyar a ninguno de los dos candidatos\u00bb, dijo Sergio Massa, rechazando de plano la posibilidad de convocar a los votantes de UNA a respaldar a alguno de los dirigentes que competir\u00e1n el 22 de noviembre.<\/p>\n<p>Massa aclar\u00f3 que \u201chay cinco millones de hacedores de reyes, no uno\u00bb, al referirse a los votantes de UNA. \u00abIntentar influir en la votaci\u00f3n ser\u00eda burlarme de la confianza que ellos depositaron en m\u00ed\u201d, consider\u00f3.<\/p>\n<p>\u00abMe dieron la tarea de controlar al gobierno, aportando propuestas y se\u00f1alando los errores; y esa es la tarea que tendr\u00e9 despu\u00e9s del 10 de diciembre\u00bb, asegur\u00f3 en una entrevista concedida al diario The Financial Times.<\/p>\n<p>Scioli llam\u00f3 a Massa. El candidato a presidente por el Frente para la Victoria (FpV), Daniel Scioli, asegur\u00f3 que el ex candidato presidencial y l\u00edder del Frente Renovador (FR), Sergio Massa, \u00abfue muy cordial\u00bb durante la comunicaci\u00f3n telef\u00f3nica que mantuvieron, en la que el postulante oficialista le dijo que se sent\u00eda \u00abcerca de muchas de las propuestas\u00bb que \u00e9l plante\u00f3 durante la campa\u00f1a.<\/p>\n<p>\u00abLe transmit\u00ed el justo reconocimiento a la voluntad y al esfuerzo que hizo, y el acompa\u00f1amiento que tuvo, y le dije que yo me sent\u00eda cerca de muchas de las propuestas que \u00e9l plante\u00f3 durante la campa\u00f1a\u00bb, hab\u00eda expresado el viernes el candidato a presidente y actual gobernador de la provincia de Buenos Aires.<\/p>\n<p>En este marco, explic\u00f3 que el reciente anuncio de establecer el 82 por ciento m\u00f3vil para las jubilaciones m\u00ednimas y la suba del m\u00ednimo no imponible que paga Impuesto a las Ganancias, eran dos propuestas de la plataforma electoral con la que Sergio Massa lleg\u00f3 el 25 de octubre a las urnas.<\/p>\n<p>Macri y el gui\u00f1o a Massa. El candidato a presidente de Cambiemos, Mauricio Macri, envi\u00f3 tambi\u00e9n el viernes y en Jujuy otro gui\u00f1o al electorado que vot\u00f3 a Sergio Massa y dijo que \u201clas propuestas de UNA son pr\u00e1cticamente las mismas\u201d que las de su espacio pol\u00edtico, en tanto recibi\u00f3 el respaldo del gobernador electo de Jujuy, Gerardo Morales, y del jefe de la UCR tucumana, Jos\u00e9 Cano, al reunirse los tres en la localidad de Purmamarca.<\/p>\n<p>Al preguntarle por si apoya la propuesta de Massa sobre el 82% m\u00f3vil para los jubilados, Macri sostuvo: \u201cTenemos un compromiso concreto de tender al 82% en los haberes. Las propuestas de UNA coinciden pr\u00e1cticamente todas con las nuestras. Estamos en contacto permanente dialogando con dirigentes de UNA\u201d.<\/p>\n<p>Adem\u00e1s, se refiri\u00f3 al llamado telef\u00f3nico hecho anoche por el candidato del FpV, Daniel Scioli, a Massa: \u201cMe alegro que hayan hablado y bajando esos niveles de enemistad. Como dec\u00eda el General, esta Argentina la arreglamos todos o no la arregla nadie\u201d.<\/p>\n","protected":false},"excerpt":{"rendered":"<p>El l\u00edder del Frente Renovador asegur\u00f3 que no apoyar\u00e1 a Mauricio Macri ni Daniel Scioli. Los gestos de los candidatos.<\/p>\n","protected":false},"author":8,"featured_media":0,"comment_status":"open","ping_status":"open","sticky":false,"template":"","format":"standard","meta":{"_jetpack_newsletter_access":"","_jetpack_dont_email_post_to_subs":false,"_jetpack_newsletter_tier_id":0,"_jetpack_memberships_contains_paywalled_content":false,"_jetpack_memberships_contains_paid_content":false,"footnotes":""},"categories":[51],"tags":[],"class_list":["post-74779","post","type-post","status-publish","format-standard","hentry","category-politica"],"jetpack_shortlink":"https:\/\/wp.me\/p2JWE0-js7","jetpack-related-posts":[{"id":73334,"url":"http:\/\/www.24baires.com\/?p=73334","url_meta":{"origin":74779,"position":0},"title":"Massa sigue perdiendo dirigentes: Dos m\u00e1s que se suman a Scioli","author":"GB","date":"08\/10\/2015","format":false,"excerpt":"Otros dos referentes del Frente Renovador de La Plata resolvieron hoy abandonar esa fuerza pol\u00edtica para incorporarse al Frente para la Victoria y apoyar la candidatura presidencial de Daniel Scioli. Se trata del ex candidato a intendente por el Frente Renovador, Carlos Melzi y el candidato a concejal y ex\u2026","rel":"","context":"En \u00abPol\u00edtica\u00bb","block_context":{"text":"Pol\u00edtica","link":"http:\/\/www.24baires.com\/?cat=51"},"img":{"alt_text":"sergio massa","src":"https:\/\/i0.wp.com\/www.24baires.com\/wp-content\/uploads\/2015\/06\/sergio-massa.jpg?resize=350%2C200","width":350,"height":200,"srcset":"https:\/\/i0.wp.com\/www.24baires.com\/wp-content\/uploads\/2015\/06\/sergio-massa.jpg?resize=350%2C200 1x, https:\/\/i0.wp.com\/www.24baires.com\/wp-content\/uploads\/2015\/06\/sergio-massa.jpg?resize=525%2C300 1.5x"},"classes":[]},{"id":30147,"url":"http:\/\/www.24baires.com\/?p=30147","url_meta":{"origin":74779,"position":1},"title":"\u00abMassa y su gente son los que nos jodieron la vida en 2001\u00bb","author":"AF","date":"14\/08\/2013","format":false,"excerpt":"As\u00ed lo asegur\u00f3 Mario Secco, intendente de Ensenada, quien agreg\u00f3 que el intendente de Tigre \"oculta los intereses que representa, no tiene ninguna clase de proyecto colectivo, es un proyecto unipersonal y vac\u00edo ideol\u00f3gicamente\u201d. Mario Secco, asegur\u00f3 hoy que el candidato a diputado nacional por el Frente Renovador de Buenos\u2026","rel":"","context":"En \u00abPol\u00edtica\u00bb","block_context":{"text":"Pol\u00edtica","link":"http:\/\/www.24baires.com\/?cat=51"},"img":{"alt_text":"","src":"https:\/\/i0.wp.com\/www.24baires.com\/wp-content\/uploads\/2013\/08\/massa.png?resize=350%2C200","width":350,"height":200,"srcset":"https:\/\/i0.wp.com\/www.24baires.com\/wp-content\/uploads\/2013\/08\/massa.png?resize=350%2C200 1x, https:\/\/i0.wp.com\/www.24baires.com\/wp-content\/uploads\/2013\/08\/massa.png?resize=525%2C300 1.5x"},"classes":[]},{"id":78327,"url":"http:\/\/www.24baires.com\/?p=78327","url_meta":{"origin":74779,"position":2},"title":"\u201cEl mejor candidato para el Partido Justicialista es Daniel Scioli\u201d","author":"GB","date":"29\/01\/2016","format":false,"excerpt":"La diputada Cristina \u00c1lvarez Rodriguez se refiri\u00f3 al futuro del Partido Justicialista (PJ). \u201cEstamos en una \u00e9poca de organizaci\u00f3n en el peronismo, m\u00e1s que de definir candidaturas\u201d para 2017, y aclar\u00f3 que Scioli \u201cdialoga con todos\u201d los gobernadores, por lo que apel\u00f3 a \u201cun peronismo unido, que vea que el\u2026","rel":"","context":"En \u00abPol\u00edtica\u00bb","block_context":{"text":"Pol\u00edtica","link":"http:\/\/www.24baires.com\/?cat=51"},"img":{"alt_text":"scioli alvarez rodriguez","src":"https:\/\/i0.wp.com\/www.24baires.com\/wp-content\/uploads\/2012\/12\/scioli-alvarez-rodriguez.jpg?resize=350%2C200","width":350,"height":200,"srcset":"https:\/\/i0.wp.com\/www.24baires.com\/wp-content\/uploads\/2012\/12\/scioli-alvarez-rodriguez.jpg?resize=350%2C200 1x, https:\/\/i0.wp.com\/www.24baires.com\/wp-content\/uploads\/2012\/12\/scioli-alvarez-rodriguez.jpg?resize=525%2C300 1.5x"},"classes":[]},{"id":30483,"url":"http:\/\/www.24baires.com\/?p=30483","url_meta":{"origin":74779,"position":3},"title":"Para Alberto P\u00e9rez, \u00abH\u00e9ctor Magnetto cuida a Sergio Massa\u00bb","author":"AF","date":"20\/08\/2013","format":false,"excerpt":"El jefe de Gabinete bonaerense dijo que ambos \"tienen la clara intenci\u00f3n de socavar la gobernabilidad de este Gobierno\u201d. \"Daniel est\u00e1 donde est\u00e1 hace 10 a\u00f1os\", afirm\u00f3. Antes el gobernador Scioli calific\u00f3 de \"inquietante\" la pol\u00edtica econ\u00f3mica de Massa. El jefe de Gabinete bonaerense, Alberto P\u00e9rez, asegur\u00f3 hoy que el\u2026","rel":"","context":"En \u00abPol\u00edtica\u00bb","block_context":{"text":"Pol\u00edtica","link":"http:\/\/www.24baires.com\/?cat=51"},"img":{"alt_text":"p\u00e9rez alberto","src":"https:\/\/i0.wp.com\/www.24baires.com\/wp-content\/uploads\/2013\/03\/p%C3%A9rez-alberto.jpg?resize=350%2C200","width":350,"height":200,"srcset":"https:\/\/i0.wp.com\/www.24baires.com\/wp-content\/uploads\/2013\/03\/p%C3%A9rez-alberto.jpg?resize=350%2C200 1x, https:\/\/i0.wp.com\/www.24baires.com\/wp-content\/uploads\/2013\/03\/p%C3%A9rez-alberto.jpg?resize=525%2C300 1.5x"},"classes":[]},{"id":120226,"url":"http:\/\/www.24baires.com\/?p=120226","url_meta":{"origin":74779,"position":4},"title":"Cristina recibi\u00f3 a Scioli: \u201cA seguir trabajando, que es lo que hay que hacer\u201d","author":"AF","date":"28\/06\/2023","format":false,"excerpt":"\"Hablamos mucho, con sinceridad y con el respeto de siempre. Me transmiti\u00f3 que su vocaci\u00f3n es ayudar y colaborar como un compa\u00f1ero m\u00e1s\", asegur\u00f3 a trav\u00e9s de las redes sociales la Vicepresidenta sobre el encuentro. La Vicepresidenta Cristina Fern\u00e1ndez de Kirchner public\u00f3 en redes sociales una foto con el embajador\u2026","rel":"","context":"En \u00abPol\u00edtica\u00bb","block_context":{"text":"Pol\u00edtica","link":"http:\/\/www.24baires.com\/?cat=51"},"img":{"alt_text":"","src":"https:\/\/i0.wp.com\/www.24baires.com\/wp-content\/uploads\/2023\/06\/WhatsApp-Image-2023-06-28-at-23.30.42.jpeg?resize=350%2C200","width":350,"height":200,"srcset":"https:\/\/i0.wp.com\/www.24baires.com\/wp-content\/uploads\/2023\/06\/WhatsApp-Image-2023-06-28-at-23.30.42.jpeg?resize=350%2C200 1x, https:\/\/i0.wp.com\/www.24baires.com\/wp-content\/uploads\/2023\/06\/WhatsApp-Image-2023-06-28-at-23.30.42.jpeg?resize=525%2C300 1.5x, https:\/\/i0.wp.com\/www.24baires.com\/wp-content\/uploads\/2023\/06\/WhatsApp-Image-2023-06-28-at-23.30.42.jpeg?resize=700%2C400 2x"},"classes":[]},{"id":27857,"url":"http:\/\/www.24baires.com\/?p=27857","url_meta":{"origin":74779,"position":5},"title":"Barrionuevo confirm\u00f3 que desde su gremio apoyan la candidatura de Massa","author":"AF","date":"08\/07\/2013","format":false,"excerpt":"El l\u00edder de la CGT \u201cAzul y Blanca\u201d dio su apoyo a Sergio Massa en la provincia de Buenos Aires y asegur\u00f3 que todos los gastron\u00f3micos que \u00e9l representa ya est\u00e1n trabajando en la candidatura del intendente de Tigre para enfrentar al Gobierno Nacional. El l\u00edder de la CGT \u201cAzul\u2026","rel":"","context":"En \u00abPol\u00edtica\u00bb","block_context":{"text":"Pol\u00edtica","link":"http:\/\/www.24baires.com\/?cat=51"},"img":{"alt_text":"","src":"","width":0,"height":0},"classes":[]}],"jetpack_sharing_enabled":true,"jetpack_likes_enabled":true,"jetpack_featured_media_url":"","_links":{"self":[{"href":"http:\/\/www.24baires.com\/index.php?rest_route=\/wp\/v2\/posts\/74779","targetHints":{"allow":["GET"]}}],"collection":[{"href":"http:\/\/www.24baires.com\/index.php?rest_route=\/wp\/v2\/posts"}],"about":[{"href":"http:\/\/www.24baires.com\/index.php?rest_route=\/wp\/v2\/types\/post"}],"author":[{"embeddable":true,"href":"http:\/\/www.24baires.com\/index.php?rest_route=\/wp\/v2\/users\/8"}],"replies":[{"embeddable":true,"href":"http:\/\/www.24baires.com\/index.php?rest_route=%2Fwp%2Fv2%2Fcomments&post=74779"}],"version-history":[{"count":1,"href":"http:\/\/www.24baires.com\/index.php?rest_route=\/wp\/v2\/posts\/74779\/revisions"}],"predecessor-version":[{"id":74780,"href":"http:\/\/www.24baires.com\/index.php?rest_route=\/wp\/v2\/posts\/74779\/revisions\/74780"}],"wp:attachment":[{"href":"http:\/\/www.24baires.com\/index.php?rest_route=%2Fwp%2Fv2%2Fmedia&parent=74779"}],"wp:term":[{"taxonomy":"category","embeddable":true,"href":"http:\/\/www.24baires.com\/index.php?rest_route=%2Fwp%2Fv2%2Fcategories&post=74779"},{"taxonomy":"post_tag","embeddable":true,"href":"http:\/\/www.24baires.com\/index.php?rest_route=%2Fwp%2Fv2%2Ftags&post=74779"}],"curies":[{"name":"wp","href":"https:\/\/api.w.org\/{rel}","templated":true}]}}