{"id":74776,"date":"2015-11-08T11:00:42","date_gmt":"2015-11-08T14:00:42","guid":{"rendered":"http:\/\/www.24baires.com\/?p=74776"},"modified":"2015-11-09T12:23:28","modified_gmt":"2015-11-09T15:23:28","slug":"74776","status":"publish","type":"post","link":"http:\/\/www.24baires.com\/?p=74776","title":{"rendered":"Cristina ante su \u00faltimo reto en el G20"},"content":{"rendered":"<p><img data-recalc-dims=\"1\" loading=\"lazy\" decoding=\"async\" src=\"https:\/\/i0.wp.com\/www.24baires.com\/wp-content\/uploads\/2015\/09\/cristina.jpg?resize=560%2C312\" alt=\"cristina\" width=\"560\" height=\"312\" class=\"aligncenter size-full wp-image-72338\" srcset=\"https:\/\/i0.wp.com\/www.24baires.com\/wp-content\/uploads\/2015\/09\/cristina.jpg?w=560 560w, https:\/\/i0.wp.com\/www.24baires.com\/wp-content\/uploads\/2015\/09\/cristina.jpg?resize=300%2C167 300w\" sizes=\"auto, (max-width: 560px) 100vw, 560px\" \/>La Presidenta concretar\u00e1 el pr\u00f3ximo domingo en Antalya, su \u00faltima presencia como jefa de Estado en ese foro, en el que logr\u00f3 consolidar a la Argentina como actor destacado actor.<!--more--><\/p>\n<p>Argentina es parte del grupo compuesto por 19 pa\u00edses m\u00e1s la Uni\u00f3n Europea desde su nacimiento, a fines de 1999, aunque reci\u00e9n 9 a\u00f1os despu\u00e9s, en noviembre de 2008, se transform\u00f3 en el foro de discusi\u00f3n m\u00e1s destacado a nivel mundial cuando en Washington se concret\u00f3 la primera cumbre de jefes de Estado, donde la mandataria argentina inici\u00f3 su participaci\u00f3n -s\u00f3lo con una ausencia el pasado a\u00f1o en Brisbane, Australia, por cuestiones de salud-, siendo junto a Angela Merkel y el rey saud\u00ed Abdal\u00e1 bin Abdelaziz, los jefes de Estado con m\u00e1s participaciones en los encuentros.<\/p>\n<p>En la cumbre, que se celebrar\u00e1 entre el 15 y el 16 en la localidad tur\u00edstica de Belek, a unos 30 kil\u00f3metros de Antalya y en las costas mediterr\u00e1neas, Argentina ya prepar\u00f3 su participaci\u00f3n con sus equipos t\u00e9cnicos para abordar los temas centrales: la fragilidad, inestabilidad y bajo crecimiento de la econom\u00eda global, que a\u00fan no se ha recuperado de la crisis econ\u00f3mica y financiera que estall\u00f3 en Wall Street en 2008.<\/p>\n<p>La agenda se centrar\u00e1 tambi\u00e9n en las tres prioridades presentadas por la Presidencia Turca para 2015 (las \u00abtres I\u00bb): Inclusi\u00f3n, Inversi\u00f3n e Implementaci\u00f3n, que atraviesan transversalmente las diversas tem\u00e1ticas.<\/p>\n<p>Precisamente en 2008, en la primera Cumbre de Washington se trat\u00f3 la reforma del sistema financiero mundial en momentos en que las econom\u00edas de Estados Unidos y de pa\u00edses de Europa se encontraban cercadas.<\/p>\n<p>Con el derrumbe del sistema bancario y burs\u00e1til a cuestas y el acecho de una creciente crisis financiera global, los presidentes de los principales pa\u00edses requirieron la intervenci\u00f3n p\u00fablica en el mercado, en un encuentro que tambi\u00e9n cont\u00f3 con la presencia de organismos multilaterales como FMI y Banco Mundial, a los que se sumaron como invitados Holanda y Espa\u00f1a, presente en todos los encuentros posteriores.<\/p>\n<p>En el marco del G20 Cristina habitualmente incluye una intensa actividad que va m\u00e1s all\u00e1 de las deliberaciones, como en el caso de Washington, donde tambi\u00e9n se encontr\u00f3 con la enviada del entonces presidente electo de los Estados Unidos Barack Obama, la ex secretaria de Estado Madelaine Albright, sumando tambi\u00e9n bilaterales con el primer ministro australiano Kevin Rudd y el brasile\u00f1o Lula Da Silva.<\/p>\n<p>El G20 desplaz\u00f3 en importancia al G8, al sumar a importantes actores en la mesa de discusi\u00f3n con la llegada de la Uni\u00f3n Europea y once pa\u00edses, s\u00f3lo tres de ellos latinoamericanos, mientras que todo el conjunto de pa\u00edses compone el 85% del PIB mundial, dos tercios de la poblaci\u00f3n mundial y 75% del comercio internacional.<\/p>\n<p>Es as\u00ed que a los miembros del Grupo de los 8 (Alemania, Canad\u00e1, Estados Unidos, Francia, Italia, Jap\u00f3n, Reino Unido y Rusia) se sumaron entonces nuestro pa\u00eds, Arabia Saudita, Australia, Brasil, China, Corea del Sur, India, Indonesia, M\u00e9xico, Sud\u00e1frica y Turqu\u00eda, conformando as\u00ed sus veinte miembros permanentes.<\/p>\n<p>Con ese mismo formato lleg\u00f3 el encuentro de abril de 2009 en Londres, que ser\u00eda la primera de las dos cumbres que se desarrollar\u00edan ese mismo a\u00f1o.<\/p>\n<p>El 24 y 25 de septiembre de ese a\u00f1o tendr\u00eda lugar en Pittsburgh, Pennsylvania, la segunda cumbre del a\u00f1o y la tercera del grupo, mientras que en 2010 volver\u00eda a tener dos grandes citas, la primera en Toronto el 26 y 27 de junio y luego en Se\u00fal, el 11 y 12 de noviembre de ese mismo a\u00f1o.<\/p>\n<p>Las prioridades en la cumbre de Canad\u00e1 incluyeron la evaluaci\u00f3n de los avances de las reformas financieras, el desarrollo de medidas sostenibles de est\u00edmulo, el debate del impuesto bancario global, y promover los mercados abiertos.<\/p>\n<p>En tanto, en el encuentro Obama, elogi\u00f3 el \u201cliderazgo\u201d y el compromiso argentino en la \u201cpromoci\u00f3n de los derechos humanos\u201d, mediante una carta enviada a Cristina Kirchner en la que destac\u00f3 la posici\u00f3n asumida frente a Ir\u00e1n.<\/p>\n<p>En la segunda cumbre en  Corea del Sur, que signific\u00f3 la quinta reuni\u00f3n de los jefes de gobierno, se debati\u00f3 sobre el \u00abCrecimiento compartido m\u00e1s all\u00e1 de la crisis\u00bb.<\/p>\n<p>Aquella cumbre se concret\u00f3 a poco del fallecimiento de N\u00e9stor Kirchner, por lo que en la jornada final del Cristina recibi\u00f3 las condolencias por el fallecimiento del ex presidente.<\/p>\n<p>Un a\u00f1o despu\u00e9s, en noviembre de 2011, la cita ser\u00eda Cannes, Francia, donde el curso de los de los mercados financieros y la econom\u00eda mundial fueron los ejes.<\/p>\n<p>Igualmente, en su discurso ante los jefes de Estado, Cristina reclam\u00f3 la eliminaci\u00f3n de las \u00abguaridas fiscales\u00bb y condicion\u00f3 el apoyo de la Argentina a la propuesta de la tasa Tobin a la renta financiera, a que \u00e9sta sea adoptada a \u00abnivel global\u00bb.<\/p>\n<p>En septiembre de 2012 se concret\u00f3 la s\u00e9ptima cumbre en Los Cabos, M\u00e9xico, que fue recordado por el cruce mantenido por Cristina y el primer ministro brit\u00e1nico David Cameron durante la segunda sesi\u00f3n plenaria.<\/p>\n<p>En ese marco, la jefa de Estado le reclam\u00f3 al brit\u00e1nico dialogar por Malvinas, mientras que el premier ingl\u00e9s pidi\u00f3 respetar el pronunciamiento de los isle\u00f1os en el refer\u00e9ndum que, sin ninguna legitimidad, realizaron poco despu\u00e9s.<\/p>\n<p>La siguiente fue San Petersburgo, Rusia, a principios de septiembre del a\u00f1o pasado, en una cumbre que se vio atravesada por el conflicto de Siria y la propuesta del presidente anfitri\u00f3n, Vladimir Putin, de ampliar el orden del d\u00eda y examinar el conflicto a partir del pedido de algunos presidentes, entre ellos Cristina.<\/p>\n<p>Poco despu\u00e9s, en una bilateral, la Presidenta y Putin compartieron una posici\u00f3n com\u00fan y a favor de la no intervenci\u00f3n en Siria.<br \/>\nDurante su estad\u00eda en Rusia, adem\u00e1s, Cristina mantuvo otra reuni\u00f3n bilateral con el primer ministro de Jap\u00f3n, Shinzo Abe, y firm\u00f3 adem\u00e1s una serie de acuerdos con su par de China, Xi Jinping, durante un encuentro que apunt\u00f3 a \u00abprofundizar la alianza estrat\u00e9gica entre ambos pa\u00edses\u00bb.<\/p>\n<p>La Cumbre del a\u00f1o pasado en Australia cont\u00f3 con la presencia del ministro de Econom\u00eda Axel Kicillof y el canciller H\u00e9ctor Timerman, quienes -en representaci\u00f3n de Cristina- lograron incluir en el documento final la cuesti\u00f3n de los fondos buitre y la necesidad de fortalecer los procesos de reestructuraci\u00f3n de deudas soberanas.<\/p>\n","protected":false},"excerpt":{"rendered":"<p>La Presidenta concretar\u00e1 el pr\u00f3ximo domingo en Antalya, su \u00faltima presencia como jefa de Estado en ese foro, en el que logr\u00f3 consolidar a la Argentina como actor destacado actor.<\/p>\n","protected":false},"author":8,"featured_media":0,"comment_status":"open","ping_status":"open","sticky":false,"template":"","format":"standard","meta":{"_jetpack_newsletter_access":"","_jetpack_dont_email_post_to_subs":false,"_jetpack_newsletter_tier_id":0,"_jetpack_memberships_contains_paywalled_content":false,"_jetpack_memberships_contains_paid_content":false,"footnotes":""},"categories":[51],"tags":[],"class_list":["post-74776","post","type-post","status-publish","format-standard","hentry","category-politica"],"jetpack_shortlink":"https:\/\/wp.me\/s2JWE0-74776","jetpack-related-posts":[{"id":64083,"url":"http:\/\/www.24baires.com\/?p=64083","url_meta":{"origin":74776,"position":0},"title":"Cristina ya parti\u00f3 rumbo a Panam\u00e1 para la Cumbre de las Am\u00e9ricas","author":"GB","date":"10\/04\/2015","format":false,"excerpt":"El encuentro se realizar\u00e1 hasta el s\u00e1bado por la tarde, en un contexto pol\u00edtico signado por la reanudaci\u00f3n del di\u00e1logo entre Estados Unidos y Cuba y la declaraci\u00f3n del gobierno de Barack Obama contra Venezuela a la que consider\u00f3 una \"amenaza extraordinaria e inusual contra la seguridad\" norteamericana. Cristina Fern\u00e1ndez\u2026","rel":"","context":"En \u00abPol\u00edtica\u00bb","block_context":{"text":"Pol\u00edtica","link":"http:\/\/www.24baires.com\/?cat=51"},"img":{"alt_text":"cristina avi\u00f3n","src":"https:\/\/i0.wp.com\/www.24baires.com\/wp-content\/uploads\/2012\/12\/cristina-avi%C3%B3n.jpg?resize=350%2C200","width":350,"height":200,"srcset":"https:\/\/i0.wp.com\/www.24baires.com\/wp-content\/uploads\/2012\/12\/cristina-avi%C3%B3n.jpg?resize=350%2C200 1x, https:\/\/i0.wp.com\/www.24baires.com\/wp-content\/uploads\/2012\/12\/cristina-avi%C3%B3n.jpg?resize=525%2C300 1.5x"},"classes":[]},{"id":119744,"url":"http:\/\/www.24baires.com\/?p=119744","url_meta":{"origin":74776,"position":1},"title":"Fern\u00e1ndez pidi\u00f3 fortalecer \u00abla institucionalidad ante una derecha recalcitrante\u00bb","author":"AF","date":"24\/01\/2023","format":false,"excerpt":"\u201cLa oportunidad de unir a la regi\u00f3n es un imperativo\u201d, dijo el mandatario argentino al dar por iniciada la cumbre y advirti\u00f3 que \"la democracia est\u00e1 en peligro\" por una \"derecha recalcitrante y fascista\u201d. Por primera vez participan presidentes y representantes de los 33 pa\u00edses que integran la Celac. El\u2026","rel":"","context":"En \u00abPol\u00edtica\u00bb","block_context":{"text":"Pol\u00edtica","link":"http:\/\/www.24baires.com\/?cat=51"},"img":{"alt_text":"","src":"https:\/\/i0.wp.com\/www.24baires.com\/wp-content\/uploads\/2023\/01\/AF-LDS.jpeg?resize=350%2C200","width":350,"height":200,"srcset":"https:\/\/i0.wp.com\/www.24baires.com\/wp-content\/uploads\/2023\/01\/AF-LDS.jpeg?resize=350%2C200 1x, https:\/\/i0.wp.com\/www.24baires.com\/wp-content\/uploads\/2023\/01\/AF-LDS.jpeg?resize=525%2C300 1.5x, https:\/\/i0.wp.com\/www.24baires.com\/wp-content\/uploads\/2023\/01\/AF-LDS.jpeg?resize=700%2C400 2x"},"classes":[]},{"id":117825,"url":"http:\/\/www.24baires.com\/?p=117825","url_meta":{"origin":74776,"position":2},"title":"Alberto Fern\u00e1ndez encabeza la Cumbre de Jefes de Estado del Mercosur","author":"GB","date":"08\/07\/2021","format":false,"excerpt":"Durante el acto Argentina le transferir\u00e1 la presidencia pro t\u00e9mpore del bloque a Brasil. El presidente Alberto Fern\u00e1ndez encabeza la Cumbre de Jefes de Estado del Mercado Com\u00fan del Sur (Mercosur), Estados Asociados e Invitados Especiales, seg\u00fan se inform\u00f3 oficialmente. La cumbre ser\u00e1 por videoconferencia a partir de las 11\u2026","rel":"","context":"En \u00abPol\u00edtica\u00bb","block_context":{"text":"Pol\u00edtica","link":"http:\/\/www.24baires.com\/?cat=51"},"img":{"alt_text":"","src":"https:\/\/i0.wp.com\/www.24baires.com\/wp-content\/uploads\/2020\/08\/alberto-fern%C3%A1ndez.jpg?resize=350%2C200","width":350,"height":200,"srcset":"https:\/\/i0.wp.com\/www.24baires.com\/wp-content\/uploads\/2020\/08\/alberto-fern%C3%A1ndez.jpg?resize=350%2C200 1x, https:\/\/i0.wp.com\/www.24baires.com\/wp-content\/uploads\/2020\/08\/alberto-fern%C3%A1ndez.jpg?resize=525%2C300 1.5x"},"classes":[]},{"id":101605,"url":"http:\/\/www.24baires.com\/?p=101605","url_meta":{"origin":74776,"position":3},"title":"Macri respalda a Trump en el ataque a Siria","author":"AF","date":"14\/04\/2018","format":false,"excerpt":"Durante su discurso en la Cumbre de las Am\u00e9ricas, que se celebra en Lima, el presidente Mauricio Macri expres\u00f3 su respaldo a la acci\u00f3n militar llevada adelante por Estados Unidos, junto a Francia y Gran Breta\u00f1a contra Siria. Por su parte, a trav\u00e9s de un comunicado, la Canciller\u00eda Argentina reafirm\u00f3\u2026","rel":"","context":"En \u00abPol\u00edtica\u00bb","block_context":{"text":"Pol\u00edtica","link":"http:\/\/www.24baires.com\/?cat=51"},"img":{"alt_text":"","src":"https:\/\/i0.wp.com\/www.24baires.com\/wp-content\/uploads\/2017\/04\/trump-macri.jpg?resize=350%2C200","width":350,"height":200,"srcset":"https:\/\/i0.wp.com\/www.24baires.com\/wp-content\/uploads\/2017\/04\/trump-macri.jpg?resize=350%2C200 1x, https:\/\/i0.wp.com\/www.24baires.com\/wp-content\/uploads\/2017\/04\/trump-macri.jpg?resize=525%2C300 1.5x"},"classes":[]},{"id":103555,"url":"http:\/\/www.24baires.com\/?p=103555","url_meta":{"origin":74776,"position":4},"title":"Macri se manifest\u00f3 en contra de las marchas contra la militarizaci\u00f3n del pa\u00eds","author":"AF","date":"26\/07\/2018","format":false,"excerpt":"El presidente ratific\u00f3 esta tarde el decreto para modificar las funciones de las Fuerzas Armadas.\"Queda claro que las Fuerzas Armadas no van a participar en la seguridad interior\", reiter\u00f3. El presidente Mauricio Macri ratific\u00f3 esta tarde el decreto para modificar las funciones de las Fuerzas Armadas y dijo que lo\u2026","rel":"","context":"En \u00abPol\u00edtica\u00bb","block_context":{"text":"Pol\u00edtica","link":"http:\/\/www.24baires.com\/?cat=51"},"img":{"alt_text":"","src":"https:\/\/i0.wp.com\/www.24baires.com\/wp-content\/uploads\/2018\/05\/macri-olivos.jpg?resize=350%2C200","width":350,"height":200,"srcset":"https:\/\/i0.wp.com\/www.24baires.com\/wp-content\/uploads\/2018\/05\/macri-olivos.jpg?resize=350%2C200 1x, https:\/\/i0.wp.com\/www.24baires.com\/wp-content\/uploads\/2018\/05\/macri-olivos.jpg?resize=525%2C300 1.5x"},"classes":[]},{"id":104225,"url":"http:\/\/www.24baires.com\/?p=104225","url_meta":{"origin":74776,"position":5},"title":"Trump vendr\u00e1 al pa\u00eds para participar de la cumbre del G20","author":"AF","date":"31\/08\/2018","format":false,"excerpt":"La vocera de la Casa Blanca confirm\u00f3 hoy que Donald Trump ser\u00e1 parte de la cumbre del G20 en Buenos Aires. \"Ser\u00e1 una oportunidad para que el presidente destaque sus pol\u00edticas econ\u00f3micas a favor del crecimiento en un escenario internacional y se re\u00fana bilateralmente con otros l\u00edderes mundiales clave\", afirm\u00f3\u2026","rel":"","context":"En \u00abPol\u00edtica\u00bb","block_context":{"text":"Pol\u00edtica","link":"http:\/\/www.24baires.com\/?cat=51"},"img":{"alt_text":"","src":"https:\/\/i0.wp.com\/www.24baires.com\/wp-content\/uploads\/2017\/04\/trump-macri.jpg?resize=350%2C200","width":350,"height":200,"srcset":"https:\/\/i0.wp.com\/www.24baires.com\/wp-content\/uploads\/2017\/04\/trump-macri.jpg?resize=350%2C200 1x, https:\/\/i0.wp.com\/www.24baires.com\/wp-content\/uploads\/2017\/04\/trump-macri.jpg?resize=525%2C300 1.5x"},"classes":[]}],"jetpack_sharing_enabled":true,"jetpack_likes_enabled":true,"jetpack_featured_media_url":"","_links":{"self":[{"href":"http:\/\/www.24baires.com\/index.php?rest_route=\/wp\/v2\/posts\/74776","targetHints":{"allow":["GET"]}}],"collection":[{"href":"http:\/\/www.24baires.com\/index.php?rest_route=\/wp\/v2\/posts"}],"about":[{"href":"http:\/\/www.24baires.com\/index.php?rest_route=\/wp\/v2\/types\/post"}],"author":[{"embeddable":true,"href":"http:\/\/www.24baires.com\/index.php?rest_route=\/wp\/v2\/users\/8"}],"replies":[{"embeddable":true,"href":"http:\/\/www.24baires.com\/index.php?rest_route=%2Fwp%2Fv2%2Fcomments&post=74776"}],"version-history":[{"count":2,"href":"http:\/\/www.24baires.com\/index.php?rest_route=\/wp\/v2\/posts\/74776\/revisions"}],"predecessor-version":[{"id":74778,"href":"http:\/\/www.24baires.com\/index.php?rest_route=\/wp\/v2\/posts\/74776\/revisions\/74778"}],"wp:attachment":[{"href":"http:\/\/www.24baires.com\/index.php?rest_route=%2Fwp%2Fv2%2Fmedia&parent=74776"}],"wp:term":[{"taxonomy":"category","embeddable":true,"href":"http:\/\/www.24baires.com\/index.php?rest_route=%2Fwp%2Fv2%2Fcategories&post=74776"},{"taxonomy":"post_tag","embeddable":true,"href":"http:\/\/www.24baires.com\/index.php?rest_route=%2Fwp%2Fv2%2Ftags&post=74776"}],"curies":[{"name":"wp","href":"https:\/\/api.w.org\/{rel}","templated":true}]}}