{"id":74772,"date":"2015-11-07T21:00:49","date_gmt":"2015-11-08T00:00:49","guid":{"rendered":"http:\/\/www.24baires.com\/?p=74772"},"modified":"2015-11-07T18:52:54","modified_gmt":"2015-11-07T21:52:54","slug":"las-politicas-que-plantea-cambiemos-conducen-directamente-a-la-rebaja-de-salarios","status":"publish","type":"post","link":"http:\/\/www.24baires.com\/?p=74772","title":{"rendered":"\u00abLas pol\u00edticas que plantea Cambiemos conducen directamente a la rebaja de salarios\u00bb"},"content":{"rendered":"<p><img data-recalc-dims=\"1\" loading=\"lazy\" decoding=\"async\" src=\"https:\/\/i0.wp.com\/www.24baires.com\/wp-content\/uploads\/2013\/07\/tomada2.jpg?resize=560%2C314\" alt=\"tomada2\" width=\"560\" height=\"314\" class=\"aligncenter size-full wp-image-27848\" srcset=\"https:\/\/i0.wp.com\/www.24baires.com\/wp-content\/uploads\/2013\/07\/tomada2.jpg?w=560 560w, https:\/\/i0.wp.com\/www.24baires.com\/wp-content\/uploads\/2013\/07\/tomada2.jpg?resize=300%2C168 300w\" sizes=\"auto, (max-width: 560px) 100vw, 560px\" \/>El ministro de Trabajo, Carlos Tomada, llam\u00f3 a \u00abestar alertas\u00bb frente a las propuestas de Macri porque \u00abvan a modificar la vida cotidiana de los argentinos\u00bb. Y record\u00f3 que la Ciudad \u00abtriplic\u00f3 el endeudamiento\u00bb.<!--more--><\/p>\n<p>\u00abNo se trata de confrontar por confrontar sino de debatir miradas distintas y de confrontar ideas porque est\u00e1 en juego una elecci\u00f3n muy importante que tiene que ver con la vida cotidiana de todos los argentinos\u00bb, advirti\u00f3 el legislador electo del FpV en la Ciudad de Buenos Aires frente al balotaje del 22 de noviembre.<\/p>\n<p>En declaraciones a radio Nacional, defini\u00f3 a la Argentina como \u00abun pa\u00eds normal con cuentas pendientes pero con una diferencia sustancial respecto a 2003 que es el trabajo\u00bb y remarc\u00f3 que durante las crisis internacionales que ocurrieron a lo largo de los \u00faltimos 12 a\u00f1os, el gobierno \u00abpreserv\u00f3 los puestos de trabajo y no el ajuste, como propone Cambiemos\u00bb.<\/p>\n<p>Tomada record\u00f3 que la ciudad de Buenos Aires, donde desde hace ocho a\u00f1os gobierna Mauricio Macri, \u00abtriplic\u00f3 el endeudamiento a pesar de tener el presupuesto m\u00e1s grande del pa\u00eds\u00bb, y advirti\u00f3 sobre las pol\u00edticas que implementar\u00e1 en educaci\u00f3n, salud y vivienda si el jefe de Gobierno llegara a ser electo presidente.<\/p>\n<p>\u00abEn ocho a\u00f1os, Macri destin\u00f3 poco m\u00e1s del 3% del presupuesto a infraestructura escolar mientras que el gobierno nacional construy\u00f3 2.900 en todo el pa\u00eds\u00bb, puntualiz\u00f3 el titular de la cartera laboral que tambi\u00e9n remarc\u00f3 que en materia de salud, la Ciudad \u00absolamente cuenta con la eventualidad de terminar despu\u00e9s de ocho a\u00f1os el hospital p\u00fablico de Villa Lugano\u00bb.<\/p>\n<p>En otro orden, lament\u00f3 que los dirigentes de Cambiemos \u00abdigan las cosas que verdaderamente piensan cuando creen que est\u00e1n en confianza entre unos pocos como los dichos de (Alfonso) Prat Gay\u00bb, al referirse al economista que subestim\u00f3 la capacidad de los dirigentes del interior del pa\u00eds.<\/p>\n<p>\u00abConocen muy bien el puerto de Buenos Aires, pero Macri fue una sola vez a Santiago del Estero y \u00e9sa es la visi\u00f3n que tienen del pa\u00eds\u00bb dijo al aludir a la promesa hecha recientemente por el candidato de construir un puerto en esa provincia sin salida al mar.<\/p>\n","protected":false},"excerpt":{"rendered":"<p>El ministro de Trabajo, Carlos Tomada, llam\u00f3 a \u00abestar alertas\u00bb frente a las propuestas de Macri porque \u00abvan a modificar la vida cotidiana de los argentinos\u00bb. Y record\u00f3 que la Ciudad \u00abtriplic\u00f3 el endeudamiento\u00bb.<\/p>\n","protected":false},"author":8,"featured_media":0,"comment_status":"open","ping_status":"open","sticky":false,"template":"","format":"standard","meta":{"_jetpack_newsletter_access":"","_jetpack_dont_email_post_to_subs":false,"_jetpack_newsletter_tier_id":0,"_jetpack_memberships_contains_paywalled_content":false,"_jetpack_memberships_contains_paid_content":false,"footnotes":""},"categories":[51],"tags":[],"class_list":["post-74772","post","type-post","status-publish","format-standard","hentry","category-politica"],"jetpack_shortlink":"https:\/\/wp.me\/p2JWE0-js0","jetpack-related-posts":[{"id":111225,"url":"http:\/\/www.24baires.com\/?p=111225","url_meta":{"origin":74772,"position":0},"title":"Vidal asegura que los pobres \u00abfueron los m\u00e1s protegidos\u00bb","author":"AF","date":"17\/07\/2019","format":false,"excerpt":"Mar\u00eda Eugenia Vidal no la pas\u00f3 bien en su visita al programa Corea del Centro, conducido por los periodistas Ernesto Tenembaum y Mar\u00eda O'Donnell. La gobernadora bonaerense fue confrontada con las cifras de su gesti\u00f3n y apenas atin\u00f3 a argumentar. \u201cHan sido a\u00f1os dif\u00edciles, claramente no para los m\u00e1s pobres\u2026","rel":"","context":"En \u00abPol\u00edtica\u00bb","block_context":{"text":"Pol\u00edtica","link":"http:\/\/www.24baires.com\/?cat=51"},"img":{"alt_text":"","src":"https:\/\/i0.wp.com\/www.24baires.com\/wp-content\/uploads\/2019\/06\/vidal.jpg?resize=350%2C200","width":350,"height":200,"srcset":"https:\/\/i0.wp.com\/www.24baires.com\/wp-content\/uploads\/2019\/06\/vidal.jpg?resize=350%2C200 1x, https:\/\/i0.wp.com\/www.24baires.com\/wp-content\/uploads\/2019\/06\/vidal.jpg?resize=525%2C300 1.5x"},"classes":[]},{"id":19785,"url":"http:\/\/www.24baires.com\/?p=19785","url_meta":{"origin":74772,"position":1},"title":"Para Depetri \u00abScioli se saca fotos con quienes van a desestabilizarlo\u00bb","author":"Grupo Sierra","date":"30\/03\/2013","format":false,"excerpt":"El diputado kirchnerista Edgardo Depetri, admiti\u00f3 que hay \u201cdiferencias\u201d ideol\u00f3gicas entre el gobernador bonaerense y el oficialismo, y advirti\u00f3 que \u201cno va a ser el candidato del Frente para la Victoria en 2015\u201d si persiste con su pol\u00edtica \u201ccontraria\u201d a la Casa Rosada.\u00a0 \u201cLos que van a desestabilizar a Scioli\u2026","rel":"","context":"En \u00abPol\u00edtica\u00bb","block_context":{"text":"Pol\u00edtica","link":"http:\/\/www.24baires.com\/?cat=51"},"img":{"alt_text":"","src":"","width":0,"height":0},"classes":[]},{"id":62858,"url":"http:\/\/www.24baires.com\/?p=62858","url_meta":{"origin":74772,"position":2},"title":"El Gobernador neg\u00f3 que desde el kirchnerismo hayan \u00abbajado\u00bb a Marangoni","author":"AF","date":"09\/03\/2015","format":false,"excerpt":"El gobernador bonaerense, Daniel Scioli, evit\u00f3 confrontar con el kirchnerismo, luego que en el cierre de listas en la Ciudad de Buenos Aires, el FpV decidiera marginar la candidatura del presidente del Banco Provincia, Gustavo Marangoni, que ni siquiera logr\u00f3 un lugar en la n\u00f3mina de legisladores. \"Marangoni, que es\u2026","rel":"","context":"En \u00abPol\u00edtica\u00bb","block_context":{"text":"Pol\u00edtica","link":"http:\/\/www.24baires.com\/?cat=51"},"img":{"alt_text":"","src":"","width":0,"height":0},"classes":[]},{"id":28944,"url":"http:\/\/www.24baires.com\/?p=28944","url_meta":{"origin":74772,"position":3},"title":"Macri quiere saber si Massa es de los suyos","author":"Grupo Sierra","date":"25\/07\/2013","format":false,"excerpt":"El jefe de gobierno porte\u00f1o y l\u00edder del PRO, Mauricio Macri, se refiri\u00f3 a Sergio Massa, su aliado referente del Frente Renovador, porque la gente le pregunta: \"\u00bfEs o no es de los nuestros?\". Mauricio Macri aludi\u00f3 as\u00ed a la falta de precisiones del intendente de Tigre sobre su propuesta\u2026","rel":"","context":"En \u00abPol\u00edtica\u00bb","block_context":{"text":"Pol\u00edtica","link":"http:\/\/www.24baires.com\/?cat=51"},"img":{"alt_text":"","src":"","width":0,"height":0},"classes":[]},{"id":20138,"url":"http:\/\/www.24baires.com\/?p=20138","url_meta":{"origin":74772,"position":4},"title":"Larroque enfatiz\u00f3 que \u00abes el momento poner el pecho, poner la cara y ayudar a la gente\u00bb","author":"Grupo Sierra","date":"03\/04\/2013","format":false,"excerpt":"El diputado nacional Andr\u00e9s Larroque asegur\u00f3 hoy que es necesario \"poner el pecho\" a las consecuencias de las tr\u00e1gicas inundaciones registradas en el \u00e1rea metropolitana y La Plata, y destac\u00f3 que tras la recorrida de la Presidenta por las zonas afectadas \"es el momento en el que se acaban los\u2026","rel":"","context":"En \u00abPol\u00edtica\u00bb","block_context":{"text":"Pol\u00edtica","link":"http:\/\/www.24baires.com\/?cat=51"},"img":{"alt_text":"","src":"","width":0,"height":0},"classes":[]},{"id":74382,"url":"http:\/\/www.24baires.com\/?p=74382","url_meta":{"origin":74772,"position":5},"title":"Plaini: \u00abScioli es el candidato del Estado y Macri del mercado\u00bb","author":"AF","date":"30\/10\/2015","format":false,"excerpt":"El diputado por el bloque Cultura, Educaci\u00f3n y Trabajo y titular del sindicato de vendedores de diarios y revistas, Omar Plaini, consider\u00f3 de cara al balotaje que Daniel Scioli \"es el candidato del Estado\" en contraposici\u00f3n a Mauricio Macri que \"es el candidato del mercado\". En declaraciones radiales, Plaini fue\u2026","rel":"","context":"En \u00abPol\u00edtica\u00bb","block_context":{"text":"Pol\u00edtica","link":"http:\/\/www.24baires.com\/?cat=51"},"img":{"alt_text":"","src":"","width":0,"height":0},"classes":[]}],"jetpack_sharing_enabled":true,"jetpack_likes_enabled":true,"jetpack_featured_media_url":"","_links":{"self":[{"href":"http:\/\/www.24baires.com\/index.php?rest_route=\/wp\/v2\/posts\/74772","targetHints":{"allow":["GET"]}}],"collection":[{"href":"http:\/\/www.24baires.com\/index.php?rest_route=\/wp\/v2\/posts"}],"about":[{"href":"http:\/\/www.24baires.com\/index.php?rest_route=\/wp\/v2\/types\/post"}],"author":[{"embeddable":true,"href":"http:\/\/www.24baires.com\/index.php?rest_route=\/wp\/v2\/users\/8"}],"replies":[{"embeddable":true,"href":"http:\/\/www.24baires.com\/index.php?rest_route=%2Fwp%2Fv2%2Fcomments&post=74772"}],"version-history":[{"count":1,"href":"http:\/\/www.24baires.com\/index.php?rest_route=\/wp\/v2\/posts\/74772\/revisions"}],"predecessor-version":[{"id":74773,"href":"http:\/\/www.24baires.com\/index.php?rest_route=\/wp\/v2\/posts\/74772\/revisions\/74773"}],"wp:attachment":[{"href":"http:\/\/www.24baires.com\/index.php?rest_route=%2Fwp%2Fv2%2Fmedia&parent=74772"}],"wp:term":[{"taxonomy":"category","embeddable":true,"href":"http:\/\/www.24baires.com\/index.php?rest_route=%2Fwp%2Fv2%2Fcategories&post=74772"},{"taxonomy":"post_tag","embeddable":true,"href":"http:\/\/www.24baires.com\/index.php?rest_route=%2Fwp%2Fv2%2Ftags&post=74772"}],"curies":[{"name":"wp","href":"https:\/\/api.w.org\/{rel}","templated":true}]}}