{"id":74736,"date":"2015-11-06T15:00:18","date_gmt":"2015-11-06T18:00:18","guid":{"rendered":"http:\/\/www.24baires.com\/?p=74736"},"modified":"2015-11-07T10:11:39","modified_gmt":"2015-11-07T13:11:39","slug":"cfk-no-hacemos-campana-sucia-recordamos-lo-que-dijeron-e-hicieron-otros","status":"publish","type":"post","link":"http:\/\/www.24baires.com\/?p=74736","title":{"rendered":"CFK: \u00abNo hacemos campa\u00f1a sucia, recordamos lo que dijeron e hicieron otros\u00bb"},"content":{"rendered":"<p><img data-recalc-dims=\"1\" loading=\"lazy\" decoding=\"async\" src=\"https:\/\/i0.wp.com\/www.24baires.com\/wp-content\/uploads\/2015\/09\/cristina-energia.jpg?resize=560%2C373\" alt=\"cristina energia\" width=\"560\" height=\"373\" class=\"aligncenter size-full wp-image-71658\" srcset=\"https:\/\/i0.wp.com\/www.24baires.com\/wp-content\/uploads\/2015\/09\/cristina-energia.jpg?w=560 560w, https:\/\/i0.wp.com\/www.24baires.com\/wp-content\/uploads\/2015\/09\/cristina-energia.jpg?resize=300%2C200 300w\" sizes=\"auto, (max-width: 560px) 100vw, 560px\" \/>La presidenta Cristina Fern\u00e1ndez de Kirchner dijo que, de cara al balotaje del 22 de noviembre, hay que dar un \u00abdebate de ideas, modelos y de preguntarse en qu\u00e9 pa\u00eds queremos vivir\u00bb y denunci\u00f3 que sufri\u00f3 en persona \u00abuna campa\u00f1a cloaca\u00bb por las \u00abtapas denigrantes\u00bb y las \u00abmentiras, agravios y descalificaciones\u00bb que recibi\u00f3 durante su gesti\u00f3n.<!--more--><\/p>\n<p>\u00abCampa\u00f1a sucia, cloaca, es la que sufri\u00f3 y sufre todos los d\u00edas esta Presidenta. Las cr\u00edticas a un gobierno son bienvenidas y aceptadas, pero a m\u00ed me han publicado m\u00e1s de 30 tapas que no tienen nada que ver con mi gesti\u00f3n sino con mi condici\u00f3n de mujer\u00bb, dijo la mandataria y rechaz\u00f3 el \u00abensa\u00f1amiento y hostigamiento hacia mi persona y mi familia\u00bb, con \u00abmentiras, agravios y descalificaciones\u00bb.<\/p>\n<p>En otro tramo de su discurso, Cristina asegur\u00f3 que \u00abhay gobernabilidad en un pa\u00eds cuando la gente en la calle tiene trabajo\u00bb al se\u00f1alar que algunos se \u00abconfunden\u00bb y la miden en relaci\u00f3n a \u00abc\u00f3mo la presidenta se lleva con tal o cual dirigente\u00bb. \u00abLa verdadera gobernabilidad tenemos que buscarla en gestiones\u00bb, agreg\u00f3.<\/p>\n<p>Finalmente, la presidenta asegur\u00f3 que quiere que cada ciudadano \u00abvote con mucha reflexi\u00f3n\u00bb, al tiempo que subray\u00f3 que en las pr\u00f3ximas elecciones \u00abhay que elegir entre dos modelos\u00bb de pa\u00eds. \u00abCada ciudadano debe hacerse cargo de su voto\u00bb, dijo.<\/p>\n<p>Cristina hizo estas declaraciones al encabezar el acto de inauguraci\u00f3n de la segunda etapa del edificio del Polo Cient\u00edfico y Tecnol\u00f3gico, un centro de gesti\u00f3n, producci\u00f3n y divulgaci\u00f3n del conocimiento, en el cual se emplazan las sedes del Ministerio de Ciencia, Tecnolog\u00eda e Innovaci\u00f3n Productiva y del Conicet.<\/p>\n","protected":false},"excerpt":{"rendered":"<p>La presidenta Cristina Fern\u00e1ndez de Kirchner dijo que, de cara al balotaje del 22 de noviembre, hay que dar un \u00abdebate de ideas, modelos y de preguntarse en qu\u00e9 pa\u00eds queremos vivir\u00bb y denunci\u00f3 que sufri\u00f3 en persona \u00abuna campa\u00f1a cloaca\u00bb por las \u00abtapas denigrantes\u00bb y las \u00abmentiras, agravios y descalificaciones\u00bb que recibi\u00f3 durante su gesti\u00f3n.<\/p>\n","protected":false},"author":4,"featured_media":0,"comment_status":"open","ping_status":"open","sticky":false,"template":"","format":"standard","meta":{"_jetpack_newsletter_access":"","_jetpack_dont_email_post_to_subs":false,"_jetpack_newsletter_tier_id":0,"_jetpack_memberships_contains_paywalled_content":false,"_jetpack_memberships_contains_paid_content":false,"footnotes":""},"categories":[51],"tags":[],"class_list":["post-74736","post","type-post","status-publish","format-standard","hentry","category-politica"],"jetpack_shortlink":"https:\/\/wp.me\/p2JWE0-jrq","jetpack-related-posts":[{"id":111167,"url":"http:\/\/www.24baires.com\/?p=111167","url_meta":{"origin":74736,"position":0},"title":"Cristina sobre la campa\u00f1a del gobierno: \u00abHicieron lo contrario a lo que prometieron\u00bb","author":"AF","date":"13\/07\/2019","format":false,"excerpt":"La precandidata a vicepresidenta del Frente de Todos present\u00f3 su libro en R\u00edo Gallegos y cuestion\u00f3 la violencia que de lanza desde el oficialismo: \"Es un discurso violento, que genera violencia\". Cristina Kirchner present\u00f3 su libro \"Sinceramente\" en Santa Cruz. La candidata a vicepresidenta del Frente de Todos protagoniz\u00f3 el\u2026","rel":"","context":"En \u00abPol\u00edtica\u00bb","block_context":{"text":"Pol\u00edtica","link":"http:\/\/www.24baires.com\/?cat=51"},"img":{"alt_text":"","src":"https:\/\/i0.wp.com\/www.24baires.com\/wp-content\/uploads\/2019\/05\/cristina-sinceramente.jpeg?resize=350%2C200","width":350,"height":200,"srcset":"https:\/\/i0.wp.com\/www.24baires.com\/wp-content\/uploads\/2019\/05\/cristina-sinceramente.jpeg?resize=350%2C200 1x, https:\/\/i0.wp.com\/www.24baires.com\/wp-content\/uploads\/2019\/05\/cristina-sinceramente.jpeg?resize=525%2C300 1.5x"},"classes":[]},{"id":57568,"url":"http:\/\/www.24baires.com\/?p=57568","url_meta":{"origin":74736,"position":1},"title":"P\u00e9rez acus\u00f3 a Massa de contratar experto \u00aben campa\u00f1as sucias\u00bb","author":"AF","date":"23\/11\/2014","format":false,"excerpt":"El jefe de Gabinete bonaerense, Alberto P\u00e9rez, acus\u00f3 al diputado y precandidato presidencial Sergio Massa de haber contratado un asesor espa\u00f1ol \"experto en campa\u00f1as sucias\" y pidi\u00f3 \"respeto\" entre los distintos candidatos del Frente para la Victoria (FpV) de cara a elecciones de 2015. \"Cuando vos contrat\u00e1s expertos en campa\u00f1a\u2026","rel":"","context":"En \u00abPol\u00edtica\u00bb","block_context":{"text":"Pol\u00edtica","link":"http:\/\/www.24baires.com\/?cat=51"},"img":{"alt_text":"massa","src":"https:\/\/i0.wp.com\/www.24baires.com\/wp-content\/uploads\/2013\/08\/massa.png?resize=350%2C200","width":350,"height":200,"srcset":"https:\/\/i0.wp.com\/www.24baires.com\/wp-content\/uploads\/2013\/08\/massa.png?resize=350%2C200 1x, https:\/\/i0.wp.com\/www.24baires.com\/wp-content\/uploads\/2013\/08\/massa.png?resize=525%2C300 1.5x"},"classes":[]},{"id":29044,"url":"http:\/\/www.24baires.com\/?p=29044","url_meta":{"origin":74736,"position":2},"title":"\u201cYo no soy eterna y el trabajo que cada uno ha logrado tampoco es eterno\u00bb record\u00f3 Cristina","author":"Grupo Sierra","date":"27\/07\/2013","format":false,"excerpt":"SAN FERNANDO.- La presidenta Cristina Fern\u00e1ndez de Kirchner asegur\u00f3 que en la \u00faltima d\u00e9cada \u201cse logr\u00f3 revertir un modelo de Estado totalmente ausente a uno absolutamente comprometido con los m\u00e1s humildes y con los que producen\u201d. La presidenta Cristina Fern\u00e1ndez de Kirchner afirm\u00f3 hoy que en la \u00faltima d\u00e9cada \u201cse\u2026","rel":"","context":"En \u00abPol\u00edtica\u00bb","block_context":{"text":"Pol\u00edtica","link":"http:\/\/www.24baires.com\/?cat=51"},"img":{"alt_text":"","src":"","width":0,"height":0},"classes":[]},{"id":108632,"url":"http:\/\/www.24baires.com\/?p=108632","url_meta":{"origin":74736,"position":3},"title":"Antes de viajar a Cuba, Cristina anticip\u00f3 la persecuci\u00f3n judicial que padece","author":"AF","date":"07\/06\/2019","format":false,"excerpt":"As\u00ed lo expres\u00f3 a trav\u00e9s de su cuenta de Twitter. Public\u00f3 un video en el cual detall\u00f3 como fue la campa\u00f1a sucia y de Lawfare desatada por Clar\u00edn y Comodoro Py en 2017. \"Al igual que en 2017, Cambiemos con Comodoro Py arman un \u201ccronograma\u201d judicial que va de la\u2026","rel":"","context":"En \u00abPol\u00edtica\u00bb","block_context":{"text":"Pol\u00edtica","link":"http:\/\/www.24baires.com\/?cat=51"},"img":{"alt_text":"","src":"https:\/\/i0.wp.com\/www.24baires.com\/wp-content\/uploads\/2018\/11\/cristina.jpg?resize=350%2C200","width":350,"height":200,"srcset":"https:\/\/i0.wp.com\/www.24baires.com\/wp-content\/uploads\/2018\/11\/cristina.jpg?resize=350%2C200 1x, https:\/\/i0.wp.com\/www.24baires.com\/wp-content\/uploads\/2018\/11\/cristina.jpg?resize=525%2C300 1.5x"},"classes":[]},{"id":30720,"url":"http:\/\/www.24baires.com\/?p=30720","url_meta":{"origin":74736,"position":4},"title":"Oscar Parrilli: \u00abEl grupo Magnetto-Clar\u00edn pretende gobernar el pa\u00eds\u00bb","author":"AF","date":"24\/08\/2013","format":false,"excerpt":"El secretario General de la Presidencia no descart\u00f3 nuevos ataques al gobierno nacional de parte del \"Grupo Magnetto-Clarin\" al se\u00f1alar que \" sin duda va a seguir haciendo acciones como las que realizaron el mismo 11 de agosto y con posterioridad\". \u00a0 \u00a0 \u00a0 En declaraciones a la prensa formuladas\u2026","rel":"","context":"En \u00abMedios\u00bb","block_context":{"text":"Medios","link":"http:\/\/www.24baires.com\/?cat=54"},"img":{"alt_text":"parrilli","src":"https:\/\/i0.wp.com\/www.24baires.com\/wp-content\/uploads\/2013\/08\/parrilli.jpg?resize=350%2C200","width":350,"height":200},"classes":[]},{"id":119666,"url":"http:\/\/www.24baires.com\/?p=119666","url_meta":{"origin":74736,"position":5},"title":"Kicillof a CFK: \u201cTe necesitamos para garantizar derechos\u201d","author":"GB","date":"28\/12\/2022","format":false,"excerpt":"El gobernador bonaerense, Axel Kicillof, record\u00f3 el intento de asesinato a la Vicepresidenta y asegur\u00f3 que la dirigente es necesaria \u201cpara seguir avanzando con los derechos en el futuro\u201d. Durante el acto que protagoniz\u00f3 este martes en Avellaneda junto a Cristina Kirchner, como principal oradora y al intendente local, Jorge\u2026","rel":"","context":"En \u00abPol\u00edtica\u00bb","block_context":{"text":"Pol\u00edtica","link":"http:\/\/www.24baires.com\/?cat=51"},"img":{"alt_text":"","src":"https:\/\/i0.wp.com\/www.24baires.com\/wp-content\/uploads\/2022\/12\/683779-axel-20y-20cfk.jpg?resize=350%2C200","width":350,"height":200,"srcset":"https:\/\/i0.wp.com\/www.24baires.com\/wp-content\/uploads\/2022\/12\/683779-axel-20y-20cfk.jpg?resize=350%2C200 1x, https:\/\/i0.wp.com\/www.24baires.com\/wp-content\/uploads\/2022\/12\/683779-axel-20y-20cfk.jpg?resize=525%2C300 1.5x, https:\/\/i0.wp.com\/www.24baires.com\/wp-content\/uploads\/2022\/12\/683779-axel-20y-20cfk.jpg?resize=700%2C400 2x"},"classes":[]}],"jetpack_sharing_enabled":true,"jetpack_likes_enabled":true,"jetpack_featured_media_url":"","_links":{"self":[{"href":"http:\/\/www.24baires.com\/index.php?rest_route=\/wp\/v2\/posts\/74736","targetHints":{"allow":["GET"]}}],"collection":[{"href":"http:\/\/www.24baires.com\/index.php?rest_route=\/wp\/v2\/posts"}],"about":[{"href":"http:\/\/www.24baires.com\/index.php?rest_route=\/wp\/v2\/types\/post"}],"author":[{"embeddable":true,"href":"http:\/\/www.24baires.com\/index.php?rest_route=\/wp\/v2\/users\/4"}],"replies":[{"embeddable":true,"href":"http:\/\/www.24baires.com\/index.php?rest_route=%2Fwp%2Fv2%2Fcomments&post=74736"}],"version-history":[{"count":1,"href":"http:\/\/www.24baires.com\/index.php?rest_route=\/wp\/v2\/posts\/74736\/revisions"}],"predecessor-version":[{"id":74737,"href":"http:\/\/www.24baires.com\/index.php?rest_route=\/wp\/v2\/posts\/74736\/revisions\/74737"}],"wp:attachment":[{"href":"http:\/\/www.24baires.com\/index.php?rest_route=%2Fwp%2Fv2%2Fmedia&parent=74736"}],"wp:term":[{"taxonomy":"category","embeddable":true,"href":"http:\/\/www.24baires.com\/index.php?rest_route=%2Fwp%2Fv2%2Fcategories&post=74736"},{"taxonomy":"post_tag","embeddable":true,"href":"http:\/\/www.24baires.com\/index.php?rest_route=%2Fwp%2Fv2%2Ftags&post=74736"}],"curies":[{"name":"wp","href":"https:\/\/api.w.org\/{rel}","templated":true}]}}