{"id":74726,"date":"2015-11-06T14:00:56","date_gmt":"2015-11-06T17:00:56","guid":{"rendered":"http:\/\/www.24baires.com\/?p=74726"},"modified":"2015-11-06T14:05:18","modified_gmt":"2015-11-06T17:05:18","slug":"roberti-asegura-que-los-dichos-de-aranguren-de-ypf-fueron-desafortunados-pero-sinceros","status":"publish","type":"post","link":"http:\/\/www.24baires.com\/?p=74726","title":{"rendered":"Roberti asegura que los dichos de Aranguren de YPF fueron \u00abdesafortunados pero sinceros\u00bb"},"content":{"rendered":"<p>Alberto Roberti, secretario general de la Federaci\u00f3n Sindical de Petr\u00f3leo y ex dirigente massista, se refiri\u00f3 a los dichos del ex CEO de Shell y referente de Cambiemos, quien critic\u00f3 el autoabastecimiento.<!--more--><\/p>\n<p>Roberti, quien ayer confirm\u00f3 su partida del bloque del Frente Renovador (FR), agreg\u00f3 hoy en Radio T\u00e9lam que \u00abfueron apreciaciones desafortunadas pero sinceras con su pensamiento y lo que pareciera que fuera el pensamiento del ingeniero (Mauricio) Macri\u00bb.<\/p>\n<p>\u00abEllos ven que van a identificar una pol\u00edtica energ\u00e9tica casi corriendo el tel\u00f3n como en otros pa\u00edses con lo cual en la etapa en la que estamos no s\u00f3lo habr\u00eda corrimiento a los valores que se comercializan y tendr\u00edamos una gran cantidad de despidos con contratos interrumpidos\u00bb, interpret\u00f3 Roberti al analizar cu\u00e1l ser\u00eda el panorama ante una eventual presidencia de Macri.<\/p>\n<p>\u00abLa actividad de YPF caer\u00e1 drasticamente y la soberan\u00eda energ\u00e9tica pasar\u00e1 a ser una prioridad\u00bb, defini\u00f3 y sostuvo que existen en la actualidad alrededor de 4.000 fuentes de trabajo en el sector.<\/p>\n<p>\u00abTodo lo que se hizo en materia energ\u00e9tica todav\u00eda no alcanza pero el hecho de que tengamos una pol\u00edtica de nacionalizaci\u00f3n y que el PRO no acompa\u00f1\u00f3, permiti\u00f3 una recuperaci\u00f3n posible en el marco de un mercado que se maneja con un valor para la Argentina pensando en estas realidades sociales, ahora si esto cambia con vulnerabilidad sobre nuestra cuesti\u00f3n social vamos a estar en riego con el trabajo, la industria y la conflictividad social\u00bb, manifest\u00f3 Roberti.<\/p>\n<p>Aranguren propuso \u00abevaluar el plan de negocios de la compa\u00f1\u00eda para poder recomendar o no la continuidad de este tipo de administraciones\u00bb, al ser consultado por la posibilidad de que YPF deje de ser una empresa estatal, y asegur\u00f3 que \u00abno es relevante recuperar el autoabastecimiento y la soberan\u00eda hidrocarbur\u00edfera\u00bb.<\/p>\n","protected":false},"excerpt":{"rendered":"<p>Alberto Roberti, secretario general de la Federaci\u00f3n Sindical de Petr\u00f3leo y ex dirigente massista, se refiri\u00f3 a los dichos del ex CEO de Shell y referente de Cambiemos, quien critic\u00f3 el autoabastecimiento.<\/p>\n","protected":false},"author":4,"featured_media":0,"comment_status":"open","ping_status":"open","sticky":false,"template":"","format":"standard","meta":{"_jetpack_newsletter_access":"","_jetpack_dont_email_post_to_subs":false,"_jetpack_newsletter_tier_id":0,"_jetpack_memberships_contains_paywalled_content":false,"_jetpack_memberships_contains_paid_content":false,"footnotes":""},"categories":[51],"tags":[],"class_list":["post-74726","post","type-post","status-publish","format-standard","hentry","category-politica"],"jetpack_shortlink":"https:\/\/wp.me\/p2JWE0-jrg","jetpack-related-posts":[{"id":82453,"url":"http:\/\/www.24baires.com\/?p=82453","url_meta":{"origin":74726,"position":0},"title":"El Bloque Justicialista votar\u00e1 \u00absin modificaciones\u00bb el proyecto antidespidos","author":"AF","date":"09\/05\/2016","format":false,"excerpt":"El diputado Alberto Roberti se\u00f1al\u00f3 que su bancada aprobar\u00e1 la iniciativa tal como se vot\u00f3 en el Senado y afirm\u00f3 que para las PYMES quieren \"un tratamiento aparte\". \"Hay suficiente consenso y voluntad para tratar la Ley esta semana\", asegur\u00f3. \u201cAspiro a que esta semana tenga tratamiento parlamentario\u201d, dijo el\u2026","rel":"","context":"En \u00abPol\u00edtica\u00bb","block_context":{"text":"Pol\u00edtica","link":"http:\/\/www.24baires.com\/?cat=51"},"img":{"alt_text":"","src":"https:\/\/i0.wp.com\/www.24baires.com\/wp-content\/uploads\/2016\/05\/alberto-roberti.jpg?resize=350%2C200","width":350,"height":200,"srcset":"https:\/\/i0.wp.com\/www.24baires.com\/wp-content\/uploads\/2016\/05\/alberto-roberti.jpg?resize=350%2C200 1x, https:\/\/i0.wp.com\/www.24baires.com\/wp-content\/uploads\/2016\/05\/alberto-roberti.jpg?resize=525%2C300 1.5x"},"classes":[]},{"id":31096,"url":"http:\/\/www.24baires.com\/?p=31096","url_meta":{"origin":74726,"position":1},"title":"Denuncia penal al gobierno bonaerense por el mal estado de la Autopista Bs As-La Plata","author":"AF","date":"31\/08\/2013","format":false,"excerpt":"El diputado nacional del massismo, Alberto Roberti, denunci\u00f3 penalmente al gobernador Daniel Scioli y su gabinete por el estado de la Autopista Buenos Aires-La Plata, al tiempo que pidi\u00f3 en el Congreso declarar el \u201cdesastre y emergencia vial\u201d en la Provincia. Roberti, Secretario General del Sindicato Petrolero y esposo de\u2026","rel":"","context":"En \u00abPol\u00edtica\u00bb","block_context":{"text":"Pol\u00edtica","link":"http:\/\/www.24baires.com\/?cat=51"},"img":{"alt_text":"","src":"","width":0,"height":0},"classes":[]},{"id":31225,"url":"http:\/\/www.24baires.com\/?p=31225","url_meta":{"origin":74726,"position":2},"title":"Piden declarar \u00abemergencia vial\u00bb en rutas bonaerenses","author":"AF","date":"03\/09\/2013","format":false,"excerpt":"El proyecto pertenece al diputado nacional del massismo, Alberto Roberti, quien hizo foco en \"las grandes falencias que presentan los caminos y rutas nacionales que atraviesa la regi\u00f3n bonaerense, que son muchas veces causantes de accidentes fatales\". Ejemplific\u00f3 con el \"deplorable\" estado de la Autopista Buenos Aires-La Plata. El diputado\u2026","rel":"","context":"En \u00abProvincia\u00bb","block_context":{"text":"Provincia","link":"http:\/\/www.24baires.com\/?cat=40"},"img":{"alt_text":"ruta partida","src":"https:\/\/i0.wp.com\/www.24baires.com\/wp-content\/uploads\/2012\/11\/ruta-50.jpg?resize=350%2C200","width":350,"height":200,"srcset":"https:\/\/i0.wp.com\/www.24baires.com\/wp-content\/uploads\/2012\/11\/ruta-50.jpg?resize=350%2C200 1x, https:\/\/i0.wp.com\/www.24baires.com\/wp-content\/uploads\/2012\/11\/ruta-50.jpg?resize=525%2C300 1.5x"},"classes":[]},{"id":57655,"url":"http:\/\/www.24baires.com\/?p=57655","url_meta":{"origin":74726,"position":3},"title":"Trabajo dict\u00f3 la conciliaci\u00f3n obligatoria en el conflicto petrolero","author":"GB","date":"25\/11\/2014","format":false,"excerpt":"La cartera lo resolvi\u00f3 en el conflicto gremial interno de la Federaci\u00f3n de Petr\u00f3leo, que hab\u00eda declarado una huelga por 48 horas a ra\u00edz de los comicios que tuvieron lugar en la provincia de Mendoza el 10 de octubre \u00faltimo. La cartera laboral inform\u00f3 hoy a T\u00e9lam que el ministro\u2026","rel":"","context":"En \u00abPol\u00edtica\u00bb","block_context":{"text":"Pol\u00edtica","link":"http:\/\/www.24baires.com\/?cat=51"},"img":{"alt_text":"","src":"https:\/\/i0.wp.com\/www.24baires.com\/wp-content\/uploads\/2014\/11\/alberto-roberti.jpg?resize=350%2C200","width":350,"height":200,"srcset":"https:\/\/i0.wp.com\/www.24baires.com\/wp-content\/uploads\/2014\/11\/alberto-roberti.jpg?resize=350%2C200 1x, https:\/\/i0.wp.com\/www.24baires.com\/wp-content\/uploads\/2014\/11\/alberto-roberti.jpg?resize=525%2C300 1.5x"},"classes":[]},{"id":49217,"url":"http:\/\/www.24baires.com\/?p=49217","url_meta":{"origin":74726,"position":4},"title":"Trabajadores del gas ponen en peligro el abastecimiento a nivel nacional","author":"Grupo Sierra","date":"03\/07\/2014","format":false,"excerpt":"Est\u00e1n nucleados en la Federaci\u00f3n del Petr\u00f3leo, Gas y Biocombustibles. Iniciaron la medida de fuerza \"por tiempo indeterminado\" desde la madrugada de este jueves en reclamo de un aumento salarial del 30 por ciento al tiempo que advirtieron que la huelga \"pone en riesgo el normal abastecimiento\" de gas en\u2026","rel":"","context":"En \u00abSociedad\u00bb","block_context":{"text":"Sociedad","link":"http:\/\/www.24baires.com\/?cat=1"},"img":{"alt_text":"gas","src":"https:\/\/i0.wp.com\/www.24baires.com\/wp-content\/uploads\/2014\/04\/gas.jpg?resize=350%2C200","width":350,"height":200,"srcset":"https:\/\/i0.wp.com\/www.24baires.com\/wp-content\/uploads\/2014\/04\/gas.jpg?resize=350%2C200 1x, https:\/\/i0.wp.com\/www.24baires.com\/wp-content\/uploads\/2014\/04\/gas.jpg?resize=525%2C300 1.5x"},"classes":[]},{"id":57556,"url":"http:\/\/www.24baires.com\/?p=57556","url_meta":{"origin":74726,"position":5},"title":"Paro de trabajadores del combustible puede afectar el suministro","author":"Grupo Sierra","date":"22\/11\/2014","format":false,"excerpt":"As\u00ed lo comunic\u00f3 la Federaci\u00f3n Argentina Sindical del Petr\u00f3leo, Gas y Biocombustibles. Pide que el Ministerio de Trabajo rectifique \"injerencias\" sobre trabajadores del sector. La Federaci\u00f3n Argentina Sindical del Petr\u00f3leo, Gas y Biocombustibles confirm\u00f3 que el martes 25 y mi\u00e9rcoles 26 pr\u00f3ximos realizar\u00e1 un paro general de 48 horas y\u2026","rel":"","context":"En \u00abGeneral\u00bb","block_context":{"text":"General","link":"http:\/\/www.24baires.com\/?cat=67"},"img":{"alt_text":"surtidor nafta","src":"https:\/\/i0.wp.com\/www.24baires.com\/wp-content\/uploads\/2013\/02\/surtidor-nafta.jpg?resize=350%2C200","width":350,"height":200,"srcset":"https:\/\/i0.wp.com\/www.24baires.com\/wp-content\/uploads\/2013\/02\/surtidor-nafta.jpg?resize=350%2C200 1x, https:\/\/i0.wp.com\/www.24baires.com\/wp-content\/uploads\/2013\/02\/surtidor-nafta.jpg?resize=525%2C300 1.5x"},"classes":[]}],"jetpack_sharing_enabled":true,"jetpack_likes_enabled":true,"jetpack_featured_media_url":"","_links":{"self":[{"href":"http:\/\/www.24baires.com\/index.php?rest_route=\/wp\/v2\/posts\/74726","targetHints":{"allow":["GET"]}}],"collection":[{"href":"http:\/\/www.24baires.com\/index.php?rest_route=\/wp\/v2\/posts"}],"about":[{"href":"http:\/\/www.24baires.com\/index.php?rest_route=\/wp\/v2\/types\/post"}],"author":[{"embeddable":true,"href":"http:\/\/www.24baires.com\/index.php?rest_route=\/wp\/v2\/users\/4"}],"replies":[{"embeddable":true,"href":"http:\/\/www.24baires.com\/index.php?rest_route=%2Fwp%2Fv2%2Fcomments&post=74726"}],"version-history":[{"count":1,"href":"http:\/\/www.24baires.com\/index.php?rest_route=\/wp\/v2\/posts\/74726\/revisions"}],"predecessor-version":[{"id":74727,"href":"http:\/\/www.24baires.com\/index.php?rest_route=\/wp\/v2\/posts\/74726\/revisions\/74727"}],"wp:attachment":[{"href":"http:\/\/www.24baires.com\/index.php?rest_route=%2Fwp%2Fv2%2Fmedia&parent=74726"}],"wp:term":[{"taxonomy":"category","embeddable":true,"href":"http:\/\/www.24baires.com\/index.php?rest_route=%2Fwp%2Fv2%2Fcategories&post=74726"},{"taxonomy":"post_tag","embeddable":true,"href":"http:\/\/www.24baires.com\/index.php?rest_route=%2Fwp%2Fv2%2Ftags&post=74726"}],"curies":[{"name":"wp","href":"https:\/\/api.w.org\/{rel}","templated":true}]}}