{"id":74699,"date":"2015-11-05T20:20:54","date_gmt":"2015-11-05T23:20:54","guid":{"rendered":"http:\/\/www.24baires.com\/?p=74699"},"modified":"2015-11-05T20:20:54","modified_gmt":"2015-11-05T23:20:54","slug":"cristina-recordo-los-10-anos-del-no-al-alca","status":"publish","type":"post","link":"http:\/\/www.24baires.com\/?p=74699","title":{"rendered":"Cristina record\u00f3 los 10 a\u00f1os del \u00abNo al Alca\u00bb"},"content":{"rendered":"<p><img data-recalc-dims=\"1\" loading=\"lazy\" decoding=\"async\" src=\"https:\/\/i0.wp.com\/www.24baires.com\/wp-content\/uploads\/2014\/05\/n%C3%A9stor-cristina.jpg?resize=560%2C394\" alt=\"n\u00e9stor cristina\" width=\"560\" height=\"394\" class=\"aligncenter size-full wp-image-47033\" srcset=\"https:\/\/i0.wp.com\/www.24baires.com\/wp-content\/uploads\/2014\/05\/n%C3%A9stor-cristina.jpg?w=560 560w, https:\/\/i0.wp.com\/www.24baires.com\/wp-content\/uploads\/2014\/05\/n%C3%A9stor-cristina.jpg?resize=300%2C211 300w\" sizes=\"auto, (max-width: 560px) 100vw, 560px\" \/>La Presidenta cit\u00f3 en su p\u00e1gina web las palabras de N\u00e9stor Kirchner en la Cumbre de las Am\u00e9ricas de 2005, en la que el ex mandatario se neg\u00f3 a formar parte del \u00c1rea de Libre Comercio y \u2013en cambio- impuls\u00f3 el fortalecimiento regional.<!--more--><\/p>\n<p>El discurso de N\u00e9stor Kirchner durante la hist\u00f3rica cumbre celebrada en Mar del Plata, el 4 de noviembre de 2005.      <\/p>\n<p>La presidenta Cristina Fern\u00e1ndez de Kirchner public\u00f3 en las redes sociales el discurso del entonces presidente N\u00e9stor Kirchner en la Cumbre de las Am\u00e9ricas en Mar del Plata que anticip\u00f3 la negativa de la regi\u00f3n a conceder un \u00e1rea de libre comercio a Estados Unidos y sus aliados, al cumplirse 10 a\u00f1os del \u00abNo al Alca\u00bb.<\/p>\n<p>En aquella ocasi\u00f3n, Kirchner en su discurso se\u00f1al\u00f3 ante el presidente norteamericano George W. Bush que \u00ablas pol\u00edticas que se aplicaron (desde Estados Unidos para la regi\u00f3n) no s\u00f3lo provocaron miseria y pobreza, en s\u00edntesis la gran tragedia social, sino que agregaron inestabilidad institucional regional que provocaron la ca\u00edda de gobiernos democr\u00e1ticamente elegidos en medio de violentas reacciones populares, inestabilidad que a\u00fan transitan pa\u00edses hermanos\u00bb.<\/p>\n<p>\u00abSabemos que el mercado organiza econ\u00f3micamente, pero no articula socialmente -aclar\u00f3 luego el ex presidente-. Debemos hacer que el Estado ponga all\u00ed, donde el mercado fluye y abandona. Es el Estado el que debe actuar como el gran reparador de las desigualdades sociales en un trabajo permanente de inclusi\u00f3n y creando oportunidades a partir del fortalecimiento de la posibilidad del acceso a la educaci\u00f3n, la salud y la vivienda, promoviendo el progreso social basado en el esfuerzo y el trabajo de cada uno\u00bb.<\/p>\n<p>En el mismo tono, de cr\u00edtica pol\u00edtica y de ratificaci\u00f3n de la soberan\u00eda en Latinoam\u00e9rica, aquel 4 de noviembre de 2005, Kirchner dijo: \u00abNuestros pobres, nuestros excluidos, nuestros pa\u00edses, nuestras democracias, ya no soportan m\u00e1s que sigamos hablando en voz baja; es fundamental hablar con mucho respeto y en voz alta, para construir un sistema que nos vuelva a contener a todos en un marco de igualdad y nos vuelva a devolver la esperanza y la posibilidad de construir obviamente un mundo distinto y una regi\u00f3n que est\u00e9 a la altura de las circunstancias que s\u00e9 que los presidentes desean y quieren\u00bb.<\/p>\n<p>Como ya es historia, la cumbre cerr\u00f3 con un rechazo categ\u00f3rico al \u00c1rea de Libre Comercio de las Am\u00e9ricas que impulsaba Estados Unidos y dej\u00f3 una frase memorable de remate de todas aquellas discusiones al m\u00e1s alto nivel, de parte del presidente de Venezuela, Hugo Ch\u00e1vez, quien en la contra cumbre de las organizaciones sociales dijo sin eufemismos: \u00ab\u00a1Alca! \u00a1Alca! \u00a1Al carajo!\u00bb.<\/p>\n","protected":false},"excerpt":{"rendered":"<p>La Presidenta cit\u00f3 en su p\u00e1gina web las palabras de N\u00e9stor Kirchner en la Cumbre de las Am\u00e9ricas de 2005, en la que el ex mandatario se neg\u00f3 a formar parte del \u00c1rea de Libre Comercio y \u2013en cambio- impuls\u00f3 el fortalecimiento regional.<\/p>\n","protected":false},"author":8,"featured_media":0,"comment_status":"open","ping_status":"open","sticky":false,"template":"","format":"standard","meta":{"_jetpack_newsletter_access":"","_jetpack_dont_email_post_to_subs":false,"_jetpack_newsletter_tier_id":0,"_jetpack_memberships_contains_paywalled_content":false,"_jetpack_memberships_contains_paid_content":false,"footnotes":""},"categories":[51],"tags":[],"class_list":["post-74699","post","type-post","status-publish","format-standard","hentry","category-politica"],"jetpack_shortlink":"https:\/\/wp.me\/p2JWE0-jqP","jetpack-related-posts":[{"id":34729,"url":"http:\/\/www.24baires.com\/?p=34729","url_meta":{"origin":74699,"position":0},"title":"Proponen establecer el d\u00eda de la integraci\u00f3n de los pueblos latinoamericanos","author":"AF","date":"06\/11\/2013","format":false,"excerpt":"Al cumplirse ocho a\u00f1os del pronunciamiento de los pa\u00edses de Am\u00e9rica del Sur contra el ALCA, fue presentado en el Consejo Deliberantes de Mar del Plata una iniciativa que instituya al 5 de noviembre como el \u201cD\u00eda de la Integraci\u00f3n de los Pueblos Latinoamericanos\u201d. En la IV Cumbre de las\u2026","rel":"","context":"En \u00abPol\u00edtica\u00bb","block_context":{"text":"Pol\u00edtica","link":"http:\/\/www.24baires.com\/?cat=51"},"img":{"alt_text":"","src":"","width":0,"height":0},"classes":[]},{"id":108392,"url":"http:\/\/www.24baires.com\/?p=108392","url_meta":{"origin":74699,"position":1},"title":"Alberto y Cristina Fern\u00e1ndez presentaron su candidatura en Merlo","author":"AF","date":"26\/05\/2019","format":false,"excerpt":"El precandidato a presidente se present\u00f3 con su candidata a vice, la ex mandataria Cristina Kirchner: \"Yo estuve en el laberinto de la crisis y se c\u00f3mo salir\", enfatiz\u00f3 Alberto. Alberto Fern\u00e1ndez present\u00f3 su f\u00f3rmula junto a Cristina Kirchner de cara a las elecciones presidenciales de octubre en la que\u2026","rel":"","context":"En \u00abPol\u00edtica\u00bb","block_context":{"text":"Pol\u00edtica","link":"http:\/\/www.24baires.com\/?cat=51"},"img":{"alt_text":"","src":"https:\/\/i0.wp.com\/www.24baires.com\/wp-content\/uploads\/2019\/05\/alberto-cristina-fernandez-merlo.jpg?resize=350%2C200","width":350,"height":200,"srcset":"https:\/\/i0.wp.com\/www.24baires.com\/wp-content\/uploads\/2019\/05\/alberto-cristina-fernandez-merlo.jpg?resize=350%2C200 1x, https:\/\/i0.wp.com\/www.24baires.com\/wp-content\/uploads\/2019\/05\/alberto-cristina-fernandez-merlo.jpg?resize=525%2C300 1.5x"},"classes":[]},{"id":63478,"url":"http:\/\/www.24baires.com\/?p=63478","url_meta":{"origin":74699,"position":2},"title":"\u00abLa Patria Grande es una amenaza porque ya no nos roban como antes\u00bb, dijo Evo Morales","author":"GB","date":"22\/03\/2015","format":false,"excerpt":"El presidente de Bolivia, Evo Morales, asegur\u00f3 hoy que Barack Obama \"cuando dice que Venezuela es una amenaza a su seguridad se equivoca\", porque en realidad \"considera que todos los pueblos de la Patria Grande somos una amenaza al sistema capitalista y porque ya no nos pueden robar como antes\",\u2026","rel":"","context":"En \u00abInternacionales\u00bb","block_context":{"text":"Internacionales","link":"http:\/\/www.24baires.com\/?cat=73"},"img":{"alt_text":"evo091","src":"https:\/\/i0.wp.com\/www.24baires.com\/wp-content\/uploads\/2014\/07\/evo0911.jpg?resize=350%2C200","width":350,"height":200,"srcset":"https:\/\/i0.wp.com\/www.24baires.com\/wp-content\/uploads\/2014\/07\/evo0911.jpg?resize=350%2C200 1x, https:\/\/i0.wp.com\/www.24baires.com\/wp-content\/uploads\/2014\/07\/evo0911.jpg?resize=525%2C300 1.5x"},"classes":[]},{"id":5019,"url":"http:\/\/www.24baires.com\/?p=5019","url_meta":{"origin":74699,"position":3},"title":"A 7 a\u00f1os de la Cumbre la CTA record\u00f3 el \u00abNo al ALCA\u00bb","author":"Grupo Sierra","date":"11\/11\/2012","format":false,"excerpt":"MAR DEL PLATA - Este s\u00e1bado por la tarde unos 2500 militantes de la CTA y diversas organizaciones pol\u00edticas, sociales y estudiantiles, se reunieron en Mar del Plata para celebrar el 7mo aniversario de la jornada en la que los pueblos y gobiernos latinoamericanos rechazaron el tratado de \u00c1rea de\u2026","rel":"","context":"En \u00abPol\u00edtica\u00bb","block_context":{"text":"Pol\u00edtica","link":"http:\/\/www.24baires.com\/?cat=51"},"img":{"alt_text":"","src":"https:\/\/i0.wp.com\/www.24baires.com\/wp-content\/uploads\/2012\/11\/acto_mardelplata_no_al_alca_web-8f9f5.jpg?resize=350%2C200","width":350,"height":200,"srcset":"https:\/\/i0.wp.com\/www.24baires.com\/wp-content\/uploads\/2012\/11\/acto_mardelplata_no_al_alca_web-8f9f5.jpg?resize=350%2C200 1x, https:\/\/i0.wp.com\/www.24baires.com\/wp-content\/uploads\/2012\/11\/acto_mardelplata_no_al_alca_web-8f9f5.jpg?resize=525%2C300 1.5x"},"classes":[]},{"id":120269,"url":"http:\/\/www.24baires.com\/?p=120269","url_meta":{"origin":74699,"position":4},"title":"Cristina a Macri: \u201cUsted es muy mentiroso, ingeniero\u201d","author":"AF","date":"10\/07\/2023","format":false,"excerpt":"Los ex mandatarios se cruzaron en Twitter por la pol\u00edtica energ\u00e9tica de sus gobiernos y la inauguraci\u00f3n de la obra en Salliquel\u00f3. El dirigente de Juntos por el Cambio hab\u00eda calificado al kirchnerismo como el \u201cpeor gobierno de la historia\u201d. La vicepresidenta Cristina Fern\u00e1ndez de Kirchner tild\u00f3 hoy de \u201cmuy\u2026","rel":"","context":"En \u00abPol\u00edtica\u00bb","block_context":{"text":"Pol\u00edtica","link":"http:\/\/www.24baires.com\/?cat=51"},"img":{"alt_text":"","src":"https:\/\/i0.wp.com\/www.24baires.com\/wp-content\/uploads\/2021\/10\/macri.jpg?resize=350%2C200","width":350,"height":200,"srcset":"https:\/\/i0.wp.com\/www.24baires.com\/wp-content\/uploads\/2021\/10\/macri.jpg?resize=350%2C200 1x, https:\/\/i0.wp.com\/www.24baires.com\/wp-content\/uploads\/2021\/10\/macri.jpg?resize=525%2C300 1.5x, https:\/\/i0.wp.com\/www.24baires.com\/wp-content\/uploads\/2021\/10\/macri.jpg?resize=700%2C400 2x"},"classes":[]},{"id":120136,"url":"http:\/\/www.24baires.com\/?p=120136","url_meta":{"origin":74699,"position":5},"title":"Alberto dijo que Sudam\u00e9rica debe enfrentar unida la nueva dimensi\u00f3n de la globalizaci\u00f3n","author":"AF","date":"30\/05\/2023","format":false,"excerpt":"En su participaci\u00f3n en el encuentro encabezado por su par brasile\u00f1o, el mandatario argentino cit\u00f3 a N\u00e9stor Kirchner en su apreciaci\u00f3n de que \"los viejos moldes se han roto\" y apoy\u00f3 la iniciativa \"para integrar la regi\u00f3n\". El presidente Alberto Fern\u00e1ndez convoc\u00f3 este martes a los pa\u00edses sudamericanos a la\u2026","rel":"","context":"En \u00abPol\u00edtica\u00bb","block_context":{"text":"Pol\u00edtica","link":"http:\/\/www.24baires.com\/?cat=51"},"img":{"alt_text":"","src":"https:\/\/i0.wp.com\/www.24baires.com\/wp-content\/uploads\/2022\/09\/alberto.jpg?resize=350%2C200","width":350,"height":200,"srcset":"https:\/\/i0.wp.com\/www.24baires.com\/wp-content\/uploads\/2022\/09\/alberto.jpg?resize=350%2C200 1x, https:\/\/i0.wp.com\/www.24baires.com\/wp-content\/uploads\/2022\/09\/alberto.jpg?resize=525%2C300 1.5x, https:\/\/i0.wp.com\/www.24baires.com\/wp-content\/uploads\/2022\/09\/alberto.jpg?resize=700%2C400 2x"},"classes":[]}],"jetpack_sharing_enabled":true,"jetpack_likes_enabled":true,"jetpack_featured_media_url":"","_links":{"self":[{"href":"http:\/\/www.24baires.com\/index.php?rest_route=\/wp\/v2\/posts\/74699","targetHints":{"allow":["GET"]}}],"collection":[{"href":"http:\/\/www.24baires.com\/index.php?rest_route=\/wp\/v2\/posts"}],"about":[{"href":"http:\/\/www.24baires.com\/index.php?rest_route=\/wp\/v2\/types\/post"}],"author":[{"embeddable":true,"href":"http:\/\/www.24baires.com\/index.php?rest_route=\/wp\/v2\/users\/8"}],"replies":[{"embeddable":true,"href":"http:\/\/www.24baires.com\/index.php?rest_route=%2Fwp%2Fv2%2Fcomments&post=74699"}],"version-history":[{"count":1,"href":"http:\/\/www.24baires.com\/index.php?rest_route=\/wp\/v2\/posts\/74699\/revisions"}],"predecessor-version":[{"id":74700,"href":"http:\/\/www.24baires.com\/index.php?rest_route=\/wp\/v2\/posts\/74699\/revisions\/74700"}],"wp:attachment":[{"href":"http:\/\/www.24baires.com\/index.php?rest_route=%2Fwp%2Fv2%2Fmedia&parent=74699"}],"wp:term":[{"taxonomy":"category","embeddable":true,"href":"http:\/\/www.24baires.com\/index.php?rest_route=%2Fwp%2Fv2%2Fcategories&post=74699"},{"taxonomy":"post_tag","embeddable":true,"href":"http:\/\/www.24baires.com\/index.php?rest_route=%2Fwp%2Fv2%2Ftags&post=74699"}],"curies":[{"name":"wp","href":"https:\/\/api.w.org\/{rel}","templated":true}]}}