{"id":74688,"date":"2015-11-05T18:35:08","date_gmt":"2015-11-05T21:35:08","guid":{"rendered":"http:\/\/www.24baires.com\/?p=74688"},"modified":"2015-11-06T10:58:52","modified_gmt":"2015-11-06T13:58:52","slug":"si-macri-muestra-su-gabinete-se-desenmascaran-las-ideas-que-hay-en-la-palabra-cambio","status":"publish","type":"post","link":"http:\/\/www.24baires.com\/?p=74688","title":{"rendered":"\u00abSi Macri muestra su gabinete se desenmascaran las ideas que hay en la palabra cambio\u00bb"},"content":{"rendered":"<p><img data-recalc-dims=\"1\" loading=\"lazy\" decoding=\"async\" class=\"aligncenter wp-image-74689\" src=\"https:\/\/i0.wp.com\/www.24baires.com\/wp-content\/uploads\/2015\/11\/scioli-gnte.jpg?resize=560%2C373\" alt=\"scioli gnte\" width=\"560\" height=\"373\" srcset=\"https:\/\/i0.wp.com\/www.24baires.com\/wp-content\/uploads\/2015\/11\/scioli-gnte.jpg?w=499 499w, https:\/\/i0.wp.com\/www.24baires.com\/wp-content\/uploads\/2015\/11\/scioli-gnte.jpg?resize=300%2C200 300w\" sizes=\"auto, (max-width: 560px) 100vw, 560px\" \/>El candidato a presidente por el FpV, Daniel Scioli, consider\u00f3 hoy que cuando el economista Carlos Melconian habl\u00f3 de \u00abdevaluaci\u00f3n, ajuste y de los salarios de los jubilados\u00bb dej\u00f3 de ocupar un lugar visible en la campa\u00f1a.<!--more--><\/p>\n<p>El candidato a presidente por el Frente para la Victoria (FpV), Daniel Scioli, dijo hoy que si Mauricio Macri muestra su gabinete \u00abse desenmascaran las ideas que hay detr\u00e1s de la palabra cambio\u00bb por esa raz\u00f3n consider\u00f3 que cuando el economista Carlos Melconian habl\u00f3 de \u00abdevaluaci\u00f3n, ajuste y de los salarios de los jubilados\u00bb dej\u00f3 de ocupar un lugar visible en la campa\u00f1a.<\/p>\n<p>Durante una visita a la Escuela de Educaci\u00f3n Secundaria T\u00e9cnica N\u00b0 6 ubicada en el Parque Industrial de Pl\u00e1tanos, partido de Berazategui, Scioli fue recibido con un cartel que dec\u00eda: \u00abTecnol\u00f3gicamente eficaces, socialmente felices\u00bb.<\/p>\n<p>\u00abEl pa\u00eds va a avanzar de la mano de la ciencia y la tecnolog\u00eda\u00bb, afirm\u00f3 Scioli rodeado por m\u00e1s de un centenar de alumnos enfundados en guardapolvos azules que le reclamaban una foto y vitoreaban su nombre.<\/p>\n<p>En ese marco, Scioli critic\u00f3 las declaraciones que Macri realiz\u00f3 durante el encuentro del D\u00eda de la Industria del 2014 cuando cuestion\u00f3 el financiamiento p\u00fablico al proyecto de soberan\u00eda tecnol\u00f3gica para la construcci\u00f3n del sat\u00e9lite ARSAT I, al afirmar que \u00abpara el candidato de la alianza Cambiemos invertir en ciencia y tecnolog\u00eda no tiene sentido y es un despilfarro\u00bb.<\/p>\n<p>Acompa\u00f1ado en todo momento por del intendente reelecto de Berazategui, Juan Patricio Mussi, Scioli recorri\u00f3 los talleres en los que trabajan los alumnos y escuch\u00f3 atento las explicaciones de la joven Lorena quien, no sin antes ponerle al gobernador los anteojos protectores, puso en marcha el torno en el que fabrica tuercas de diferentes tama\u00f1os.<\/p>\n<p>En ese marco, el candidato del oficialismo record\u00f3 que \u00abma\u00f1ana (viernes 6 de noviembre) compartiremos con la presidenta de la Naci\u00f3n (Cristina Fern\u00e1ndez de Kirchner) la inauguraci\u00f3n de la segunda etapa del polo tecnol\u00f3gico que esta incorpor\u00e1ndose al sector privado\u00bb y agreg\u00f3 que con esos \u00abhechos concretos\u00bb es como se \u00absigue creciendo en conciencia colectiva\u00bb.<\/p>\n<p>Por otro lado, Scioli sostuvo que de llegar a la presidencia impulsar\u00e1 \u00abuna ley que desgrave de ganancias a las peque\u00f1as y medianas empresas cuando reinvierten sus utilidades en aumentar la capacidad productiva\u00bb y aclar\u00f3 que el pr\u00f3ximo 22 de noviembre \u00abconfiamos en que la gente elegir\u00e1 el camino del desarrollo, o vamos hacia adelante gobernando para las mayor\u00edas o volvemos a las recetas del pasado con sus fantasmas\u00bb.<\/p>\n<p>El actual gobernador destac\u00f3 que los egresados de esa escuela, a la que asisten 230 alumnos, \u00absalgan con un perfil productivo acorde al de las empresas\u00bb que forman parte de la zona, \u00abcomo por ejemplo la carpinter\u00eda y el mobiliario\u00bb.<\/p>\n<p>En ese sentido, anunci\u00f3 que \u00abcada parque industrial va a tener una delegaci\u00f3n del banco de desarrollo, as\u00ed como ya hay veinte delegaciones del Banco Provincia en parques industriales y as\u00ed se garantiza que la banca p\u00fablica este al servicio de los trabajadores y aumente la capacidad productiva\u00bb.<\/p>\n","protected":false},"excerpt":{"rendered":"<p>El candidato a presidente por el FpV, Daniel Scioli, consider\u00f3 hoy que cuando el economista Carlos Melconian habl\u00f3 de \u00abdevaluaci\u00f3n, ajuste y de los salarios de los jubilados\u00bb dej\u00f3 de ocupar un lugar visible en la campa\u00f1a.<\/p>\n","protected":false},"author":8,"featured_media":0,"comment_status":"open","ping_status":"open","sticky":false,"template":"","format":"standard","meta":{"_jetpack_newsletter_access":"","_jetpack_dont_email_post_to_subs":false,"_jetpack_newsletter_tier_id":0,"_jetpack_memberships_contains_paywalled_content":false,"_jetpack_memberships_contains_paid_content":false,"footnotes":""},"categories":[51],"tags":[],"class_list":["post-74688","post","type-post","status-publish","format-standard","hentry","category-politica"],"jetpack_shortlink":"https:\/\/wp.me\/p2JWE0-jqE","jetpack-related-posts":[{"id":75154,"url":"http:\/\/www.24baires.com\/?p=75154","url_meta":{"origin":74688,"position":0},"title":"\u00abA medida que Cambiemos define medidas econ\u00f3micas, la gente se aleja m\u00e1s de ellos\u00bb","author":"AF","date":"17\/11\/2015","format":false,"excerpt":"El candidato presidencial del Frente para la Victoria, Daniel Scioli, sostuvo hoy que esa es la raz\u00f3n por la que los economistas de Cambiemos dejaron de hacer declaraciones p\u00fablicas sobre econom\u00eda como estrategia de campa\u00f1a. El gobernador bonaerense remarc\u00f3 que el espacio que encabeza su oponente Mauricio Macri \"dice que\u2026","rel":"","context":"En \u00abElecciones 2015\u00bb","block_context":{"text":"Elecciones 2015","link":"http:\/\/www.24baires.com\/?cat=74"},"img":{"alt_text":"scioli la matanza1","src":"https:\/\/i0.wp.com\/www.24baires.com\/wp-content\/uploads\/2015\/11\/scioli-la-matanza1.jpg?resize=350%2C200","width":350,"height":200,"srcset":"https:\/\/i0.wp.com\/www.24baires.com\/wp-content\/uploads\/2015\/11\/scioli-la-matanza1.jpg?resize=350%2C200 1x, https:\/\/i0.wp.com\/www.24baires.com\/wp-content\/uploads\/2015\/11\/scioli-la-matanza1.jpg?resize=525%2C300 1.5x"},"classes":[]},{"id":74590,"url":"http:\/\/www.24baires.com\/?p=74590","url_meta":{"origin":74688,"position":1},"title":"An\u00edbal duro con Melconian por decir que \u00abno se podr\u00e1n subir salarios ni jubilaciones\u00bb","author":"AF","date":"04\/11\/2015","format":false,"excerpt":"El Jefe de Gabinete, An\u00edbal Fern\u00e1ndez, asegur\u00f3 hoy que el economista y asesor a candidato de Cambiemos, Carlos Melconian, \"vuelve a derrapara y decir lo que siempre le gust\u00f3 decir a \u00e9l y a Macri porque se les hace agua a la boca dicen que no van a subir sueldos\u2026","rel":"","context":"En \u00abElecciones 2015\u00bb","block_context":{"text":"Elecciones 2015","link":"http:\/\/www.24baires.com\/?cat=74"},"img":{"alt_text":"an\u00edbal cierre","src":"https:\/\/i0.wp.com\/www.24baires.com\/wp-content\/uploads\/2015\/08\/an%C3%ADbal-cierre.jpg?resize=350%2C200","width":350,"height":200,"srcset":"https:\/\/i0.wp.com\/www.24baires.com\/wp-content\/uploads\/2015\/08\/an%C3%ADbal-cierre.jpg?resize=350%2C200 1x, https:\/\/i0.wp.com\/www.24baires.com\/wp-content\/uploads\/2015\/08\/an%C3%ADbal-cierre.jpg?resize=525%2C300 1.5x"},"classes":[]},{"id":74842,"url":"http:\/\/www.24baires.com\/?p=74842","url_meta":{"origin":74688,"position":2},"title":"\u201cMacri no se parece a Scioli, porque Scioli representa a los trabajadores y pobres\u201d","author":"GB","date":"10\/11\/2015","format":false,"excerpt":"El jefe de Gabinete, An\u00edbal Fern\u00e1ndez, critic\u00f3 a los economistas asesores de la Alianza Cambiemos Carlos Melconian, Jos\u00e9 Luis Espert y Alfonso Prat-Gay al se\u00f1alar que \"representan al conservadurismo liberal\". Adem\u00e1s afirm\u00f3 que ese espacio opositor \"defiende al mercado como salvador de todo en contra de los intereses de los\u2026","rel":"","context":"En \u00abPol\u00edtica\u00bb","block_context":{"text":"Pol\u00edtica","link":"http:\/\/www.24baires.com\/?cat=51"},"img":{"alt_text":"anibal conferencia","src":"https:\/\/i0.wp.com\/www.24baires.com\/wp-content\/uploads\/2015\/04\/anibal-conferencia.jpg?resize=350%2C200","width":350,"height":200,"srcset":"https:\/\/i0.wp.com\/www.24baires.com\/wp-content\/uploads\/2015\/04\/anibal-conferencia.jpg?resize=350%2C200 1x, https:\/\/i0.wp.com\/www.24baires.com\/wp-content\/uploads\/2015\/04\/anibal-conferencia.jpg?resize=525%2C300 1.5x"},"classes":[]},{"id":74570,"url":"http:\/\/www.24baires.com\/?p=74570","url_meta":{"origin":74688,"position":3},"title":"Melconian advirti\u00f3 que \u00abya no se pueden subir m\u00e1s sueldos y jubilaciones\u00bb","author":"GB","date":"03\/11\/2015","format":false,"excerpt":"Uno de los principales referentes econ\u00f3micos de Cambiemos lo dijo durante un debate en el que particip\u00f3 junto con el presidente del Banco Provincia y asesor del candidato presidencial del FpV, Gustavo Marangoni. Carlos Melconian y Gustavo Marangoni, ambos referentes econ\u00f3micos de los candidatos que van a disputar el balotaje\u2026","rel":"","context":"En \u00abEconom\u00eda\u00bb","block_context":{"text":"Econom\u00eda","link":"http:\/\/www.24baires.com\/?cat=45"},"img":{"alt_text":"","src":"https:\/\/i0.wp.com\/www.24baires.com\/wp-content\/uploads\/2015\/11\/melconian.jpg?resize=350%2C200","width":350,"height":200},"classes":[]},{"id":74795,"url":"http:\/\/www.24baires.com\/?p=74795","url_meta":{"origin":74688,"position":4},"title":"\u201cScioli piensa en el hombre y mujer com\u00fan, Macri en los que tienen plata\u201d","author":"GB","date":"09\/11\/2015","format":false,"excerpt":"El jefe de Gabinete afirm\u00f3 que el candidato del FpV sostiene propuestas concretas para los que trabajan todos los d\u00edas, mientras que su contrincante representa a un sector de \"la derecha conservadora\" que nunca piensa en los pobres. El funcionario a\u00f1adi\u00f3 que el Gobierno y el candidato a presidente del\u2026","rel":"","context":"En \u00abPol\u00edtica\u00bb","block_context":{"text":"Pol\u00edtica","link":"http:\/\/www.24baires.com\/?cat=51"},"img":{"alt_text":"an\u00edbal cierre","src":"https:\/\/i0.wp.com\/www.24baires.com\/wp-content\/uploads\/2015\/08\/an%C3%ADbal-cierre.jpg?resize=350%2C200","width":350,"height":200,"srcset":"https:\/\/i0.wp.com\/www.24baires.com\/wp-content\/uploads\/2015\/08\/an%C3%ADbal-cierre.jpg?resize=350%2C200 1x, https:\/\/i0.wp.com\/www.24baires.com\/wp-content\/uploads\/2015\/08\/an%C3%ADbal-cierre.jpg?resize=525%2C300 1.5x"},"classes":[]},{"id":75632,"url":"http:\/\/www.24baires.com\/?p=75632","url_meta":{"origin":74688,"position":5},"title":"Carlos Melconian ser\u00e1 el nuevo presidente del Banco Naci\u00f3n","author":"AF","date":"26\/11\/2015","format":false,"excerpt":"El economista anunci\u00f3 que estar\u00e1 al frente del Banco de la Naci\u00f3n Argentina a partir del pr\u00f3ximo 10 de diciembre, cuando asuma Mauricio Macri como presidente. \"Voy a estar al frente de una entidad que tiene una enorme capacidad de llegada y me he dado cuenta de eso con el\u2026","rel":"","context":"En \u00abPol\u00edtica\u00bb","block_context":{"text":"Pol\u00edtica","link":"http:\/\/www.24baires.com\/?cat=51"},"img":{"alt_text":"i20671-espert-y-melconian-631","src":"https:\/\/i0.wp.com\/www.24baires.com\/wp-content\/uploads\/2015\/07\/i20671-espert-y-melconian-631.jpg?resize=350%2C200","width":350,"height":200,"srcset":"https:\/\/i0.wp.com\/www.24baires.com\/wp-content\/uploads\/2015\/07\/i20671-espert-y-melconian-631.jpg?resize=350%2C200 1x, https:\/\/i0.wp.com\/www.24baires.com\/wp-content\/uploads\/2015\/07\/i20671-espert-y-melconian-631.jpg?resize=525%2C300 1.5x"},"classes":[]}],"jetpack_sharing_enabled":true,"jetpack_likes_enabled":true,"jetpack_featured_media_url":"","_links":{"self":[{"href":"http:\/\/www.24baires.com\/index.php?rest_route=\/wp\/v2\/posts\/74688","targetHints":{"allow":["GET"]}}],"collection":[{"href":"http:\/\/www.24baires.com\/index.php?rest_route=\/wp\/v2\/posts"}],"about":[{"href":"http:\/\/www.24baires.com\/index.php?rest_route=\/wp\/v2\/types\/post"}],"author":[{"embeddable":true,"href":"http:\/\/www.24baires.com\/index.php?rest_route=\/wp\/v2\/users\/8"}],"replies":[{"embeddable":true,"href":"http:\/\/www.24baires.com\/index.php?rest_route=%2Fwp%2Fv2%2Fcomments&post=74688"}],"version-history":[{"count":1,"href":"http:\/\/www.24baires.com\/index.php?rest_route=\/wp\/v2\/posts\/74688\/revisions"}],"predecessor-version":[{"id":74690,"href":"http:\/\/www.24baires.com\/index.php?rest_route=\/wp\/v2\/posts\/74688\/revisions\/74690"}],"wp:attachment":[{"href":"http:\/\/www.24baires.com\/index.php?rest_route=%2Fwp%2Fv2%2Fmedia&parent=74688"}],"wp:term":[{"taxonomy":"category","embeddable":true,"href":"http:\/\/www.24baires.com\/index.php?rest_route=%2Fwp%2Fv2%2Fcategories&post=74688"},{"taxonomy":"post_tag","embeddable":true,"href":"http:\/\/www.24baires.com\/index.php?rest_route=%2Fwp%2Fv2%2Ftags&post=74688"}],"curies":[{"name":"wp","href":"https:\/\/api.w.org\/{rel}","templated":true}]}}