{"id":74627,"date":"2015-11-04T18:57:16","date_gmt":"2015-11-04T21:57:16","guid":{"rendered":"http:\/\/www.24baires.com\/?p=74627"},"modified":"2015-11-04T18:57:16","modified_gmt":"2015-11-04T21:57:16","slug":"es-ley-el-proyecto-que-apunta-a-limitar-accionar-de-fondos-buitre","status":"publish","type":"post","link":"http:\/\/www.24baires.com\/?p=74627","title":{"rendered":"Es ley el proyecto que apunta a limitar accionar de fondos buitre"},"content":{"rendered":"<p><img data-recalc-dims=\"1\" loading=\"lazy\" decoding=\"async\" class=\"aligncenter size-full wp-image-54620\" src=\"https:\/\/i0.wp.com\/www.24baires.com\/wp-content\/uploads\/2014\/10\/c%C3%B3digo-civil-diputados-c%C3%A1mara.jpg?resize=560%2C373\" alt=\"c\u00f3digo civil diputados c\u00e1mara\" width=\"560\" height=\"373\" srcset=\"https:\/\/i0.wp.com\/www.24baires.com\/wp-content\/uploads\/2014\/10\/c%C3%B3digo-civil-diputados-c%C3%A1mara.jpg?w=560 560w, https:\/\/i0.wp.com\/www.24baires.com\/wp-content\/uploads\/2014\/10\/c%C3%B3digo-civil-diputados-c%C3%A1mara.jpg?resize=300%2C199 300w\" sizes=\"auto, (max-width: 560px) 100vw, 560px\" \/>La C\u00e1mara de Diputados convirti\u00f3 en ley por amplia mayor\u00eda el proyecto que declara de \u00aborden p\u00fablico\u00bb los principios b\u00e1sicos para los procesos de reestructuraci\u00f3n de la deuda aprobados por las Naciones Unidas.<!--more--><\/p>\n<p>La iniciativa fue votada por 128 votos favorables y una abstenci\u00f3n aportados por el oficialismo y sus aliados debido que la oposici\u00f3n se retir\u00f3 del recinto de sesi\u00f3n, en protesta por la jura de dos auditores de la AGN que consideraron \u00abantirreglamentaria\u00bb.<\/p>\n<p>As\u00ed un proyecto que ayer hab\u00eda d\u00edctamen un\u00e1nime de la comisi\u00f3n de Relaciones Exteriores termin\u00f3 aprob\u00e1ndose solo con el voto favorable del oficialismo y sus aliados, aunque en el Senado tambi\u00e9n se aprob\u00f3 con un alto consenso.<\/p>\n<p>El presidente de la comisi\u00f3n de Relaciones Exteriores, Guillermo Carmona, dijo que este proyecto \u00abratifica la visi\u00f3n de la pol\u00edtica internacional\u00bb y establece \u00abprincipios fundamentales que los Estados Podr\u00e1n invocar en las causas o l\u00edtigios que tengan en la reestructuraci\u00f3n de deudas\u00bb.<\/p>\n<p>En un mensaje a la oposici\u00f3n ausente del recinto de sesiones, el mendocino dijo que \u00abhay quienes sostuvieron que nos ca\u00edmos del mapa, que perdimos protagonismo internacional, pero la sanci{on de esta ley contradice estas afirmaciones\u00bb.<\/p>\n<p>Subray\u00f3 que \u00ablos apoyos que recibi\u00f3 Argentina no se restringen s\u00f3lo a la votaci\u00f3n que obtuvimos en ONU, sino tambi\u00e9n al apoyo de numerosos foros internacionales que acompa\u00f1aron la posici\u00f3n de Argentina\u00bb.<\/p>\n<p>&nbsp;<\/p>\n<p>&nbsp;<\/p>\n<p>&nbsp;<\/p>\n<p>&nbsp;<\/p>\n<p>&nbsp;<\/p>\n<p>&nbsp;<\/p>\n<p>&nbsp;<\/p>\n<p>&nbsp;<\/p>\n<p>&nbsp;<\/p>\n<p>&nbsp;<\/p>\n<p>&nbsp;<\/p>\n<p>&nbsp;<\/p>\n<p>&nbsp;<\/p>\n<p>&nbsp;<\/p>\n<p>&nbsp;<\/p>\n<p>&nbsp;<\/p>\n<p>&nbsp;<\/p>\n","protected":false},"excerpt":{"rendered":"<p>La C\u00e1mara de Diputados convirti\u00f3 en ley por amplia mayor\u00eda el proyecto que declara de \u00aborden p\u00fablico\u00bb los principios b\u00e1sicos para los procesos de reestructuraci\u00f3n de la deuda aprobados por las Naciones Unidas.<\/p>\n","protected":false},"author":8,"featured_media":0,"comment_status":"open","ping_status":"open","sticky":false,"template":"","format":"standard","meta":{"_jetpack_newsletter_access":"","_jetpack_dont_email_post_to_subs":false,"_jetpack_newsletter_tier_id":0,"_jetpack_memberships_contains_paywalled_content":false,"_jetpack_memberships_contains_paid_content":false,"footnotes":""},"categories":[51],"tags":[],"class_list":["post-74627","post","type-post","status-publish","format-standard","hentry","category-politica"],"jetpack_shortlink":"https:\/\/wp.me\/p2JWE0-jpF","jetpack-related-posts":[{"id":116875,"url":"http:\/\/www.24baires.com\/?p=116875","url_meta":{"origin":74627,"position":0},"title":"El Senado comienza el tratamiento en comisi\u00f3n del proyecto de legalizaci\u00f3n del aborto","author":"GB","date":"14\/12\/2020","format":false,"excerpt":"El Senado comenzar\u00e1 hoy el tratamiento en comisi\u00f3n del proyecto de Ley de Interrupci\u00f3n Voluntaria del Embarazo (IVE), aprobado el viernes por la C\u00e1mara de Diputados, con la intenci\u00f3n que la firma del dictamen sea en los pr\u00f3ximos d\u00edas y que pueda ser tratado en el recinto el pr\u00f3ximo 29,\u2026","rel":"","context":"En \u00abPol\u00edtica\u00bb","block_context":{"text":"Pol\u00edtica","link":"http:\/\/www.24baires.com\/?cat=51"},"img":{"alt_text":"","src":"https:\/\/i0.wp.com\/www.24baires.com\/wp-content\/uploads\/2020\/06\/senado.jpg?resize=350%2C200","width":350,"height":200,"srcset":"https:\/\/i0.wp.com\/www.24baires.com\/wp-content\/uploads\/2020\/06\/senado.jpg?resize=350%2C200 1x, https:\/\/i0.wp.com\/www.24baires.com\/wp-content\/uploads\/2020\/06\/senado.jpg?resize=525%2C300 1.5x"},"classes":[]},{"id":119377,"url":"http:\/\/www.24baires.com\/?p=119377","url_meta":{"origin":74627,"position":1},"title":"El Senado debate la ampliaci\u00f3n de la Corte Suprema de Justicia","author":"AF","date":"22\/09\/2022","format":false,"excerpt":"El oficialismo buscar\u00e1 aprobar, sin el apoyo de la oposici\u00f3n, el proyecto de ley para elevar a 25 el n\u00famero de los integrantes del m\u00e1ximo tribunal. En las \u00faltimas horas surgi\u00f3 la posibilidad de reducir el n\u00famero a 15, a pedido de algunos legisladores aliados del Frente de Todos. La\u2026","rel":"","context":"En \u00abPol\u00edtica\u00bb","block_context":{"text":"Pol\u00edtica","link":"http:\/\/www.24baires.com\/?cat=51"},"img":{"alt_text":"","src":"https:\/\/i0.wp.com\/www.24baires.com\/wp-content\/uploads\/2022\/09\/senado.jpg?resize=350%2C200","width":350,"height":200,"srcset":"https:\/\/i0.wp.com\/www.24baires.com\/wp-content\/uploads\/2022\/09\/senado.jpg?resize=350%2C200 1x, https:\/\/i0.wp.com\/www.24baires.com\/wp-content\/uploads\/2022\/09\/senado.jpg?resize=525%2C300 1.5x, https:\/\/i0.wp.com\/www.24baires.com\/wp-content\/uploads\/2022\/09\/senado.jpg?resize=700%2C400 2x"},"classes":[]},{"id":116905,"url":"http:\/\/www.24baires.com\/?p=116905","url_meta":{"origin":74627,"position":2},"title":"El Senado buscar\u00e1 emitir dictamen al proyecto de legalizaci\u00f3n del aborto","author":"GB","date":"17\/12\/2020","format":false,"excerpt":"Los legisladores se reunir\u00e1n este jueves para pasar a la firma el dictamen con la intenci\u00f3n con el objetivo de debatir el proyecto en la sesi\u00f3n del martes 29 de diciembre El plenario de comisiones de Banca de la Mujer, Justicia y Asuntos Penales y de Salud, que tiene a\u2026","rel":"","context":"En \u00abPol\u00edtica\u00bb","block_context":{"text":"Pol\u00edtica","link":"http:\/\/www.24baires.com\/?cat=51"},"img":{"alt_text":"","src":"https:\/\/i0.wp.com\/www.24baires.com\/wp-content\/uploads\/2020\/11\/el-senado-comenzara-tratar-la-ley-del-aporte-extraordinario-el-martes-300x225.jpg?resize=350%2C200","width":350,"height":200},"classes":[]},{"id":114179,"url":"http:\/\/www.24baires.com\/?p=114179","url_meta":{"origin":74627,"position":3},"title":"El Frente de Todos buscar\u00e1 aprobar la ley de G\u00f3ndolas","author":"AF","date":"20\/02\/2020","format":false,"excerpt":"El proyecto cuenta con la media sanci\u00f3n de Diputados. Busca equilibrar el espacio entre proveedores de productos en los supermercados. El Senadobuscar\u00e1 aprobar el viernes 28 el proyecto de ley de G\u00f3ndolas, que cuenta con la media sanci\u00f3n de Diputados y empareja el reparto entre proveedores de los espacios de\u2026","rel":"","context":"En \u00abSociedad\u00bb","block_context":{"text":"Sociedad","link":"http:\/\/www.24baires.com\/?cat=1"},"img":{"alt_text":"","src":"https:\/\/i0.wp.com\/www.24baires.com\/wp-content\/uploads\/2015\/02\/precios-acordados-g%C3%B3ndola-super.jpg?resize=350%2C200","width":350,"height":200,"srcset":"https:\/\/i0.wp.com\/www.24baires.com\/wp-content\/uploads\/2015\/02\/precios-acordados-g%C3%B3ndola-super.jpg?resize=350%2C200 1x, https:\/\/i0.wp.com\/www.24baires.com\/wp-content\/uploads\/2015\/02\/precios-acordados-g%C3%B3ndola-super.jpg?resize=525%2C300 1.5x"},"classes":[]},{"id":24695,"url":"http:\/\/www.24baires.com\/?p=24695","url_meta":{"origin":74627,"position":4},"title":"La C\u00e1mara de Diputados convirti\u00f3 en ley el blanqueo de divisas","author":"Grupo Sierra","date":"29\/05\/2013","format":false,"excerpt":"Tras una extensa sesi\u00f3n de 12 horas, la C\u00e1mara baja aprob\u00f3 el proyecto para la exteriorizaci\u00f3n de divisas con 130 votos a favor y 107 en contra. Con 130 votos a favor y 107 en contra, la C\u00e1mara de Diputados convirti\u00f3 en ley este mi\u00e9rcoles el proyecto que crea un\u2026","rel":"","context":"En \u00abEconom\u00eda\u00bb","block_context":{"text":"Econom\u00eda","link":"http:\/\/www.24baires.com\/?cat=45"},"img":{"alt_text":"","src":"https:\/\/i0.wp.com\/www.24baires.com\/wp-content\/uploads\/2013\/05\/dominguez-mate.jpg?resize=350%2C200","width":350,"height":200,"srcset":"https:\/\/i0.wp.com\/www.24baires.com\/wp-content\/uploads\/2013\/05\/dominguez-mate.jpg?resize=350%2C200 1x, https:\/\/i0.wp.com\/www.24baires.com\/wp-content\/uploads\/2013\/05\/dominguez-mate.jpg?resize=525%2C300 1.5x"},"classes":[]},{"id":122891,"url":"http:\/\/www.24baires.com\/?p=122891","url_meta":{"origin":74627,"position":5},"title":"Diputados aprob\u00f3 la reforma laboral","author":"GB","date":"20\/02\/2026","format":false,"excerpt":"Con 135 votos a favor y 115 en contra, este viernes por la madruga el proyecto oficialista logr\u00f3 el aval de la C\u00e1mara Baja de la Naci\u00f3n. La norma volver\u00e1 al Senado para su sanci\u00f3n definitiva tras la eliminaci\u00f3n del art\u00edculo 44. Tras una marat\u00f3nica y caliente sesi\u00f3n, en el\u2026","rel":"","context":"En \u00abPol\u00edtica\u00bb","block_context":{"text":"Pol\u00edtica","link":"http:\/\/www.24baires.com\/?cat=51"},"img":{"alt_text":"","src":"https:\/\/i0.wp.com\/www.24baires.com\/wp-content\/uploads\/2026\/02\/votacion_reforma_laboral.webp?resize=350%2C200","width":350,"height":200,"srcset":"https:\/\/i0.wp.com\/www.24baires.com\/wp-content\/uploads\/2026\/02\/votacion_reforma_laboral.webp?resize=350%2C200 1x, https:\/\/i0.wp.com\/www.24baires.com\/wp-content\/uploads\/2026\/02\/votacion_reforma_laboral.webp?resize=525%2C300 1.5x, https:\/\/i0.wp.com\/www.24baires.com\/wp-content\/uploads\/2026\/02\/votacion_reforma_laboral.webp?resize=700%2C400 2x, https:\/\/i0.wp.com\/www.24baires.com\/wp-content\/uploads\/2026\/02\/votacion_reforma_laboral.webp?resize=1050%2C600 3x, https:\/\/i0.wp.com\/www.24baires.com\/wp-content\/uploads\/2026\/02\/votacion_reforma_laboral.webp?resize=1400%2C800 4x"},"classes":[]}],"jetpack_sharing_enabled":true,"jetpack_likes_enabled":true,"jetpack_featured_media_url":"","_links":{"self":[{"href":"http:\/\/www.24baires.com\/index.php?rest_route=\/wp\/v2\/posts\/74627","targetHints":{"allow":["GET"]}}],"collection":[{"href":"http:\/\/www.24baires.com\/index.php?rest_route=\/wp\/v2\/posts"}],"about":[{"href":"http:\/\/www.24baires.com\/index.php?rest_route=\/wp\/v2\/types\/post"}],"author":[{"embeddable":true,"href":"http:\/\/www.24baires.com\/index.php?rest_route=\/wp\/v2\/users\/8"}],"replies":[{"embeddable":true,"href":"http:\/\/www.24baires.com\/index.php?rest_route=%2Fwp%2Fv2%2Fcomments&post=74627"}],"version-history":[{"count":1,"href":"http:\/\/www.24baires.com\/index.php?rest_route=\/wp\/v2\/posts\/74627\/revisions"}],"predecessor-version":[{"id":74628,"href":"http:\/\/www.24baires.com\/index.php?rest_route=\/wp\/v2\/posts\/74627\/revisions\/74628"}],"wp:attachment":[{"href":"http:\/\/www.24baires.com\/index.php?rest_route=%2Fwp%2Fv2%2Fmedia&parent=74627"}],"wp:term":[{"taxonomy":"category","embeddable":true,"href":"http:\/\/www.24baires.com\/index.php?rest_route=%2Fwp%2Fv2%2Fcategories&post=74627"},{"taxonomy":"post_tag","embeddable":true,"href":"http:\/\/www.24baires.com\/index.php?rest_route=%2Fwp%2Fv2%2Ftags&post=74627"}],"curies":[{"name":"wp","href":"https:\/\/api.w.org\/{rel}","templated":true}]}}