{"id":74580,"date":"2015-11-03T20:00:01","date_gmt":"2015-11-03T23:00:01","guid":{"rendered":"http:\/\/www.24baires.com\/?p=74580"},"modified":"2015-11-04T11:08:48","modified_gmt":"2015-11-04T14:08:48","slug":"se-enojan-cuando-descubrimos-que-hay-detras-de-la-palabra-cambio","status":"publish","type":"post","link":"http:\/\/www.24baires.com\/?p=74580","title":{"rendered":"\u00abSe enojan cuando descubrimos qu\u00e9 hay detr\u00e1s de la palabra cambio\u00bb"},"content":{"rendered":"<p><img data-recalc-dims=\"1\" loading=\"lazy\" decoding=\"async\" class=\"aligncenter size-full wp-image-74581\" src=\"https:\/\/i0.wp.com\/www.24baires.com\/wp-content\/uploads\/2015\/11\/scioli-plataforma.jpg?resize=560%2C259\" alt=\"scioli plataforma\" width=\"560\" height=\"259\" srcset=\"https:\/\/i0.wp.com\/www.24baires.com\/wp-content\/uploads\/2015\/11\/scioli-plataforma.jpg?w=560 560w, https:\/\/i0.wp.com\/www.24baires.com\/wp-content\/uploads\/2015\/11\/scioli-plataforma.jpg?resize=300%2C139 300w\" sizes=\"auto, (max-width: 560px) 100vw, 560px\" \/>El candidato presidencial del oficialismo recibi\u00f3 el respaldo del sindicalismo. Anunci\u00f3 la exenci\u00f3n del pago de Ganancias a las pymes que reinviertan en bienes de capital y garantiz\u00f3 que para marzo las reservas del BCRA se habr\u00e1n fortalecido en 20 mil millones de d\u00f3lares.<!--more--><\/p>\n<p>El candidato a presidente de la Naci\u00f3n por el Frente para la Victoria, Daniel Scioli, recibi\u00f3 este martes un nuevo espaldarazo del sindicalismo de cara al balotaje que disputar\u00e1 con Mauricio Macri (Cambiemos) el pr\u00f3ximo 22 de noviembre.<\/p>\n<p>Junto a dirigentes de distintos gremios Scioli advirti\u00f3 que la primera medida que adoptar\u00e1 apenas desembarque en la Casa Rosada ser\u00e1 eliminar el impuesto a las Ganancias para aquellos trabajadores que ganen hasta 30 mil pesos netos.<\/p>\n<p>Record\u00f3 que devolver\u00e1 el IVA a jubilados y beneficiarios de planes sociales y avanzar\u00e1 en la universalizaci\u00f3n de las asignaciones familiares eliminando las escalas.<\/p>\n<p>Scioli dispar\u00f3 adem\u00e1s, aunque sin nombrarlo, contra Macri, quien hab\u00eda advertido que el salario era un costo m\u00e1s que ten\u00eda que tener en cuenta un empresario a la hora de invertir. \u00abPara nosotros el trabajo no es un costo, es el coraz\u00f3n del peronismo, y gobernar es generar trabajo\u00bb asegur\u00f3 el candidato del oficialismo.<\/p>\n<p>Pidi\u00f3 nunca m\u00e1s endeudar el pa\u00eds, tal como propone Cambiemos, y dispar\u00f3 contra su candidato: \u00abEs el momento de hablar claro y discutir este tipo de cosas. Ellos se enojan, se sienten ofendidos cuando descubrimos que detr\u00e1s de la palabra &#8216;cambio&#8217; hay una construcci\u00f3n pol\u00edtica que no prioriza seguir transformando la Argentina sino que busca aplastar todo de arriba hacia abajo\u00bb.<\/p>\n<p>\u00abS\u00e9 qu\u00e9 es lo que tenemos que cuidar, lo que tenemos de cambiar y lo que tenemos que corregir\u00bb dijo y prometi\u00f3, en relaci\u00f3n con el debate en torno a la pol\u00edtica cambiaria y el nivel de las reservas del Banco Central que \u00aben marzo vamos a tener 20 mil millones de d\u00f3lares m\u00e1s de lo que tenemos ahora de reservas, eso se los garantizo\u00bb.<\/p>\n<p>Scioli consider\u00f3 adem\u00e1s que \u00ablleg\u00f3 el momento de repensar las retenciones a las econom\u00edas regionales\u00bb y se comprometi\u00f3 a girar al Congreso un proyecto de ley para eximir del pago de Ganancias los beneficios que las Pyme reinviertan en bienes de capital.<\/p>\n<p>\u00abNo hay que enfriar la econom\u00eda, hay que darle cada vez m\u00e1s pujanza a la econom\u00eda\u00bb sigui\u00f3 y concluy\u00f3: \u00abEl 22 de noviembre va a haber dos boletas en el cuarto oscuro, la de m\u00eda, la de Daniel Scioli y la de Mauricio Macri, todos sabemos muy bien lo que representamos cada uno, nuestra historia y nuestro presente. Espero que demos un gran ejemplo de responsabilidad, de generar conciencia colectiva de qu\u00e9 se trata este elecci\u00f3n\u00bb.<\/p>\n","protected":false},"excerpt":{"rendered":"<p>El candidato presidencial del oficialismo recibi\u00f3 el respaldo del sindicalismo. Anunci\u00f3 la exenci\u00f3n del pago de Ganancias a las pymes que reinviertan en bienes de capital y garantiz\u00f3 que para marzo las reservas del BCRA se habr\u00e1n fortalecido en 20 mil millones de d\u00f3lares.<\/p>\n","protected":false},"author":8,"featured_media":0,"comment_status":"open","ping_status":"open","sticky":false,"template":"","format":"standard","meta":{"_jetpack_newsletter_access":"","_jetpack_dont_email_post_to_subs":false,"_jetpack_newsletter_tier_id":0,"_jetpack_memberships_contains_paywalled_content":false,"_jetpack_memberships_contains_paid_content":false,"footnotes":""},"categories":[51],"tags":[],"class_list":["post-74580","post","type-post","status-publish","format-standard","hentry","category-politica"],"jetpack_shortlink":"https:\/\/wp.me\/p2JWE0-joU","jetpack-related-posts":[{"id":120508,"url":"http:\/\/www.24baires.com\/?p=120508","url_meta":{"origin":74580,"position":0},"title":"Es Ley la eliminaci\u00f3n del Impuesto a las Ganancias","author":"GB","date":"29\/09\/2023","format":false,"excerpt":"El oficialismo logr\u00f3 reunir el n\u00famero para aprobar el proyecto de Sergio Massa y elimin\u00f3 el tributo a los ingresos de la cuarta categor\u00eda. Rechaz\u00f3 de Juntos por el Cambio. El Senado sancion\u00f3 la ley que modifica el Impuesto a las Ganancias, elevando el piso del M\u00ednimo No Imponible a\u2026","rel":"","context":"En \u00abPol\u00edtica\u00bb","block_context":{"text":"Pol\u00edtica","link":"http:\/\/www.24baires.com\/?cat=51"},"img":{"alt_text":"","src":"https:\/\/i0.wp.com\/www.24baires.com\/wp-content\/uploads\/2022\/09\/senado.jpg?resize=350%2C200","width":350,"height":200,"srcset":"https:\/\/i0.wp.com\/www.24baires.com\/wp-content\/uploads\/2022\/09\/senado.jpg?resize=350%2C200 1x, https:\/\/i0.wp.com\/www.24baires.com\/wp-content\/uploads\/2022\/09\/senado.jpg?resize=525%2C300 1.5x, https:\/\/i0.wp.com\/www.24baires.com\/wp-content\/uploads\/2022\/09\/senado.jpg?resize=700%2C400 2x"},"classes":[]},{"id":120226,"url":"http:\/\/www.24baires.com\/?p=120226","url_meta":{"origin":74580,"position":1},"title":"Cristina recibi\u00f3 a Scioli: \u201cA seguir trabajando, que es lo que hay que hacer\u201d","author":"AF","date":"28\/06\/2023","format":false,"excerpt":"\"Hablamos mucho, con sinceridad y con el respeto de siempre. Me transmiti\u00f3 que su vocaci\u00f3n es ayudar y colaborar como un compa\u00f1ero m\u00e1s\", asegur\u00f3 a trav\u00e9s de las redes sociales la Vicepresidenta sobre el encuentro. La Vicepresidenta Cristina Fern\u00e1ndez de Kirchner public\u00f3 en redes sociales una foto con el embajador\u2026","rel":"","context":"En \u00abPol\u00edtica\u00bb","block_context":{"text":"Pol\u00edtica","link":"http:\/\/www.24baires.com\/?cat=51"},"img":{"alt_text":"","src":"https:\/\/i0.wp.com\/www.24baires.com\/wp-content\/uploads\/2023\/06\/WhatsApp-Image-2023-06-28-at-23.30.42.jpeg?resize=350%2C200","width":350,"height":200,"srcset":"https:\/\/i0.wp.com\/www.24baires.com\/wp-content\/uploads\/2023\/06\/WhatsApp-Image-2023-06-28-at-23.30.42.jpeg?resize=350%2C200 1x, https:\/\/i0.wp.com\/www.24baires.com\/wp-content\/uploads\/2023\/06\/WhatsApp-Image-2023-06-28-at-23.30.42.jpeg?resize=525%2C300 1.5x, https:\/\/i0.wp.com\/www.24baires.com\/wp-content\/uploads\/2023\/06\/WhatsApp-Image-2023-06-28-at-23.30.42.jpeg?resize=700%2C400 2x"},"classes":[]},{"id":117326,"url":"http:\/\/www.24baires.com\/?p=117326","url_meta":{"origin":74580,"position":2},"title":"Amplio respaldo en Diputados para la reforma de Ganancias","author":"AF","date":"18\/03\/2021","format":false,"excerpt":"La iniciativa obtuvo dictamen favorable en un plenario de comisiones y el oficialismo aspira a votar la iniciativa en una sesi\u00f3n especial la pr\u00f3xima semana. A partir de la modificaci\u00f3n en el impuesto habr\u00e1 m\u00e1s de 1,2 mill\u00f3n de trabajadores que estar\u00e1n exentos de pagar el tributo si cobran hasta\u2026","rel":"","context":"En \u00abPol\u00edtica\u00bb","block_context":{"text":"Pol\u00edtica","link":"http:\/\/www.24baires.com\/?cat=51"},"img":{"alt_text":"","src":"https:\/\/i0.wp.com\/www.24baires.com\/wp-content\/uploads\/2021\/03\/6048258225b66_1004x565.jpg?resize=350%2C200","width":350,"height":200,"srcset":"https:\/\/i0.wp.com\/www.24baires.com\/wp-content\/uploads\/2021\/03\/6048258225b66_1004x565.jpg?resize=350%2C200 1x, https:\/\/i0.wp.com\/www.24baires.com\/wp-content\/uploads\/2021\/03\/6048258225b66_1004x565.jpg?resize=525%2C300 1.5x"},"classes":[]},{"id":74277,"url":"http:\/\/www.24baires.com\/?p=74277","url_meta":{"origin":74580,"position":3},"title":"\u00abEl cambio, para Macri, es que todo vuelva a estar en manos del mercado\u00bb","author":"AF","date":"28\/10\/2015","format":false,"excerpt":"El candidato a presidente por el Frente Para la Victoria, Daniel Scioli, dijo hoy que su contrincante de Cambiemos \"tiene una mirada privatizadora\" e insisti\u00f3 en que \"entusiasma la palabra cambio, pero la discusi\u00f3n que tiene que dar la sociedad es qu\u00e9 tipo de cambio queremos\". \"Hay grandes diferencias en\u2026","rel":"","context":"En \u00abElecciones 2015\u00bb","block_context":{"text":"Elecciones 2015","link":"http:\/\/www.24baires.com\/?cat=74"},"img":{"alt_text":"scioli cierre campa\u00f1a","src":"https:\/\/i0.wp.com\/www.24baires.com\/wp-content\/uploads\/2015\/08\/scioli-cierre-campa%C3%B1a.jpg?resize=350%2C200","width":350,"height":200,"srcset":"https:\/\/i0.wp.com\/www.24baires.com\/wp-content\/uploads\/2015\/08\/scioli-cierre-campa%C3%B1a.jpg?resize=350%2C200 1x, https:\/\/i0.wp.com\/www.24baires.com\/wp-content\/uploads\/2015\/08\/scioli-cierre-campa%C3%B1a.jpg?resize=525%2C300 1.5x"},"classes":[]},{"id":73953,"url":"http:\/\/www.24baires.com\/?p=73953","url_meta":{"origin":74580,"position":4},"title":"Scioli anunci\u00f3 que revisar\u00e1 Ganancias \u00abpor lo menos hasta los $25 mil\u00bb","author":"AF","date":"22\/10\/2015","format":false,"excerpt":"El candidato a Presidente por el Frente Para la Victoria, Daniel Scioli, dijo que, en caso de llegar a la Presidencia, revisar\u00e1 el impuesto y anticip\u00f3 que esta tarde, en el cierre de campa\u00f1a que se realizar\u00e1 en el Luna Park, se expresar\u00e1 al respecto cuando se dirija a \"todas\u2026","rel":"","context":"En \u00abElecciones 2015\u00bb","block_context":{"text":"Elecciones 2015","link":"http:\/\/www.24baires.com\/?cat=74"},"img":{"alt_text":"scioli","src":"https:\/\/i0.wp.com\/www.24baires.com\/wp-content\/uploads\/2015\/07\/scioli.jpg?resize=350%2C200","width":350,"height":200,"srcset":"https:\/\/i0.wp.com\/www.24baires.com\/wp-content\/uploads\/2015\/07\/scioli.jpg?resize=350%2C200 1x, https:\/\/i0.wp.com\/www.24baires.com\/wp-content\/uploads\/2015\/07\/scioli.jpg?resize=525%2C300 1.5x"},"classes":[]},{"id":120519,"url":"http:\/\/www.24baires.com\/?p=120519","url_meta":{"origin":74580,"position":5},"title":"Massa celebr\u00f3 ley que modifica ganancias y pidi\u00f3 apoyo para la de devoluci\u00f3n del IVA","author":"AF","date":"29\/09\/2023","format":false,"excerpt":"El ministro de Econom\u00eda y candidato presidencial de Uni\u00f3n por la Patria (UxP), Sergio Massa, consider\u00f3 hoy como \"un paso fundamental\" contra \"la injusticia\" la eliminaci\u00f3n de la cuarta categor\u00eda del impuesto a las Ganancias, al destacar la sanci\u00f3n de la ley que elimin\u00f3 ese gravamen, y pidi\u00f3 \"apoyo\" para\u2026","rel":"","context":"En \u00abPol\u00edtica\u00bb","block_context":{"text":"Pol\u00edtica","link":"http:\/\/www.24baires.com\/?cat=51"},"img":{"alt_text":"","src":"https:\/\/i0.wp.com\/www.24baires.com\/wp-content\/uploads\/2023\/09\/massa.jpg?resize=350%2C200","width":350,"height":200,"srcset":"https:\/\/i0.wp.com\/www.24baires.com\/wp-content\/uploads\/2023\/09\/massa.jpg?resize=350%2C200 1x, https:\/\/i0.wp.com\/www.24baires.com\/wp-content\/uploads\/2023\/09\/massa.jpg?resize=525%2C300 1.5x, https:\/\/i0.wp.com\/www.24baires.com\/wp-content\/uploads\/2023\/09\/massa.jpg?resize=700%2C400 2x"},"classes":[]}],"jetpack_sharing_enabled":true,"jetpack_likes_enabled":true,"jetpack_featured_media_url":"","_links":{"self":[{"href":"http:\/\/www.24baires.com\/index.php?rest_route=\/wp\/v2\/posts\/74580","targetHints":{"allow":["GET"]}}],"collection":[{"href":"http:\/\/www.24baires.com\/index.php?rest_route=\/wp\/v2\/posts"}],"about":[{"href":"http:\/\/www.24baires.com\/index.php?rest_route=\/wp\/v2\/types\/post"}],"author":[{"embeddable":true,"href":"http:\/\/www.24baires.com\/index.php?rest_route=\/wp\/v2\/users\/8"}],"replies":[{"embeddable":true,"href":"http:\/\/www.24baires.com\/index.php?rest_route=%2Fwp%2Fv2%2Fcomments&post=74580"}],"version-history":[{"count":1,"href":"http:\/\/www.24baires.com\/index.php?rest_route=\/wp\/v2\/posts\/74580\/revisions"}],"predecessor-version":[{"id":74582,"href":"http:\/\/www.24baires.com\/index.php?rest_route=\/wp\/v2\/posts\/74580\/revisions\/74582"}],"wp:attachment":[{"href":"http:\/\/www.24baires.com\/index.php?rest_route=%2Fwp%2Fv2%2Fmedia&parent=74580"}],"wp:term":[{"taxonomy":"category","embeddable":true,"href":"http:\/\/www.24baires.com\/index.php?rest_route=%2Fwp%2Fv2%2Fcategories&post=74580"},{"taxonomy":"post_tag","embeddable":true,"href":"http:\/\/www.24baires.com\/index.php?rest_route=%2Fwp%2Fv2%2Ftags&post=74580"}],"curies":[{"name":"wp","href":"https:\/\/api.w.org\/{rel}","templated":true}]}}