{"id":74508,"date":"2015-11-02T19:22:32","date_gmt":"2015-11-02T22:22:32","guid":{"rendered":"http:\/\/www.24baires.com\/?p=74508"},"modified":"2015-11-02T19:22:32","modified_gmt":"2015-11-02T22:22:32","slug":"scioli-se-reune-con-intendentes-bonaerenses","status":"publish","type":"post","link":"http:\/\/www.24baires.com\/?p=74508","title":{"rendered":"Scioli se re\u00fane con intendentes bonaerenses"},"content":{"rendered":"<p><img data-recalc-dims=\"1\" loading=\"lazy\" decoding=\"async\" class=\"aligncenter size-full wp-image-74509\" src=\"https:\/\/i0.wp.com\/www.24baires.com\/wp-content\/uploads\/2015\/11\/scioli-intendentes.jpg?resize=560%2C372\" alt=\"scioli intendentes\" width=\"560\" height=\"372\" srcset=\"https:\/\/i0.wp.com\/www.24baires.com\/wp-content\/uploads\/2015\/11\/scioli-intendentes.jpg?w=560 560w, https:\/\/i0.wp.com\/www.24baires.com\/wp-content\/uploads\/2015\/11\/scioli-intendentes.jpg?resize=300%2C199 300w\" sizes=\"auto, (max-width: 560px) 100vw, 560px\" \/>El candidato del FpV asegur\u00f3 que \u00abel balotaje es una final entre dos proyectos de pa\u00eds\u00bb e insisti\u00f3 en su agenda de campa\u00f1a basada en la promoci\u00f3n del trabajo, las pymes y el 82% m\u00f3vil para jubilaciones m\u00ednimas.<!--more--><\/p>\n<p>El candidato presidencial del Frente para la Victoria, Daniel Scioli, asegur\u00f3 que \u00abel balotaje es una final entre dos proyectos de pa\u00eds\u00bb e insisti\u00f3 en su agenda de campa\u00f1a basada en la promoci\u00f3n del trabajo, las pymes y el 82 por ciento m\u00f3vil para las jubilaciones m\u00ednimas, que sostuvo lo diferencian del \u00abcandidato de la alianza\u00bb, como se refiri\u00f3 sin nombrarlo al postulante de Cambiemos, Mauricio Macri.<\/p>\n<p>Al ingresar esta tarde a la sede del Frente Nacional Peronista para mantener un encuentro con intendentes bonaerenses en el barrio porte\u00f1o de Montserrat, Scioli reiter\u00f3 sus ejes de campa\u00f1a y prometi\u00f3 \u00absoluciones habitacionales\u00bb, la implementaci\u00f3n del 82 por ciento m\u00f3vil para las jubilaciones m\u00ednimas, la exenci\u00f3n del impuesto a las ganancias para el aguinaldo y se comprometi\u00f3 a \u00abno eliminar subsidios\u00bb, en contraste con lo anunciado por Macri.<\/p>\n<p>Consultado sobre si en la campa\u00f1a de cara al balotaje del 22 de noviembre pr\u00f3ximo habr\u00e1 \u00abm\u00e1s peronismo\u00bb, el gobernador bonaerense respondi\u00f3 que \u00abva a haber m\u00e1s Argentina\u00bb, aunque se manifest\u00f3 \u00abdispuesto a hablar\u00bb con los ex candidatos Sergio Massa (UNA) y Adolfo Rodr\u00edguez Sa\u00e1 (Compromiso Federal), de origen justicialista.<\/p>\n","protected":false},"excerpt":{"rendered":"<p>El candidato del FpV asegur\u00f3 que \u00abel balotaje es una final entre dos proyectos de pa\u00eds\u00bb e insisti\u00f3 en su agenda de campa\u00f1a basada en la promoci\u00f3n del trabajo, las pymes y el 82% m\u00f3vil para jubilaciones m\u00ednimas.<\/p>\n","protected":false},"author":8,"featured_media":0,"comment_status":"open","ping_status":"open","sticky":false,"template":"","format":"standard","meta":{"_jetpack_newsletter_access":"","_jetpack_dont_email_post_to_subs":false,"_jetpack_newsletter_tier_id":0,"_jetpack_memberships_contains_paywalled_content":false,"_jetpack_memberships_contains_paid_content":false,"footnotes":""},"categories":[51],"tags":[],"class_list":["post-74508","post","type-post","status-publish","format-standard","hentry","category-politica"],"jetpack_shortlink":"https:\/\/wp.me\/p2JWE0-jnK","jetpack-related-posts":[{"id":74519,"url":"http:\/\/www.24baires.com\/?p=74519","url_meta":{"origin":74508,"position":0},"title":"Scioli: \u00abEl balotaje es una final entre dos proyectos de pa\u00eds\u00bb","author":"GB","date":"02\/11\/2015","format":false,"excerpt":"El candidato del FpV asegur\u00f3 que \"el balotaje es una final entre dos proyectos de pa\u00eds\" e insisti\u00f3 en su agenda de campa\u00f1a basada en la promoci\u00f3n del trabajo, las pymes y el 82% m\u00f3vil para jubilaciones m\u00ednimas. Scioli monopoliz\u00f3 la agenda de campa\u00f1a de cara al balotaje ya que\u2026","rel":"","context":"En \u00abElecciones 2015\u00bb","block_context":{"text":"Elecciones 2015","link":"http:\/\/www.24baires.com\/?cat=74"},"img":{"alt_text":"scioli intendentes","src":"https:\/\/i0.wp.com\/www.24baires.com\/wp-content\/uploads\/2015\/11\/scioli-intendentes.jpg?resize=350%2C200","width":350,"height":200,"srcset":"https:\/\/i0.wp.com\/www.24baires.com\/wp-content\/uploads\/2015\/11\/scioli-intendentes.jpg?resize=350%2C200 1x, https:\/\/i0.wp.com\/www.24baires.com\/wp-content\/uploads\/2015\/11\/scioli-intendentes.jpg?resize=525%2C300 1.5x"},"classes":[]},{"id":74706,"url":"http:\/\/www.24baires.com\/?p=74706","url_meta":{"origin":74508,"position":1},"title":"\u201cLe dije a Massa que me sent\u00eda cerca de muchas de sus propuestas de campa\u00f1a\u201d","author":"AF","date":"06\/11\/2015","format":false,"excerpt":"El candidato a presidente por el FpV asegur\u00f3 y que se ex contrincante y l\u00edder del Frente Renovador \"fue muy cordial\" ayer durante la comunicaci\u00f3n telef\u00f3nica que mantuvieron. \"Le transmit\u00ed el justo reconomiento a la voluntad y al esfuerzo que hizo, y el acompa\u00f1amiento que tuvo, y le dije que\u2026","rel":"","context":"En \u00abElecciones 2015\u00bb","block_context":{"text":"Elecciones 2015","link":"http:\/\/www.24baires.com\/?cat=74"},"img":{"alt_text":"scioli massa","src":"https:\/\/i0.wp.com\/www.24baires.com\/wp-content\/uploads\/2014\/04\/scioli-massa.jpg?resize=350%2C200","width":350,"height":200,"srcset":"https:\/\/i0.wp.com\/www.24baires.com\/wp-content\/uploads\/2014\/04\/scioli-massa.jpg?resize=350%2C200 1x, https:\/\/i0.wp.com\/www.24baires.com\/wp-content\/uploads\/2014\/04\/scioli-massa.jpg?resize=525%2C300 1.5x"},"classes":[]},{"id":74319,"url":"http:\/\/www.24baires.com\/?p=74319","url_meta":{"origin":74508,"position":2},"title":"Scioli convoc\u00f3 a votar \u00abun pa\u00eds hacia adelante\u00bb","author":"AF","date":"29\/10\/2015","format":false,"excerpt":"El candidato a presidente por el Frente Para la Victoria, Daniel Scioli, asegur\u00f3 que es \u00e9l quien est\u00e1 \"m\u00e1s cerca\" de los cinco millones de electores que votaron el domingo al l\u00edder del Frente Renovador, Sergio Massa, y no Mauricio Macri, su rival de Cambiemos en el balotaje del pr\u00f3ximo\u2026","rel":"","context":"En \u00abElecciones 2015\u00bb","block_context":{"text":"Elecciones 2015","link":"http:\/\/www.24baires.com\/?cat=74"},"img":{"alt_text":"scioli","src":"https:\/\/i0.wp.com\/www.24baires.com\/wp-content\/uploads\/2015\/09\/scioli1.jpg?resize=350%2C200","width":350,"height":200,"srcset":"https:\/\/i0.wp.com\/www.24baires.com\/wp-content\/uploads\/2015\/09\/scioli1.jpg?resize=350%2C200 1x, https:\/\/i0.wp.com\/www.24baires.com\/wp-content\/uploads\/2015\/09\/scioli1.jpg?resize=525%2C300 1.5x"},"classes":[]},{"id":120497,"url":"http:\/\/www.24baires.com\/?p=120497","url_meta":{"origin":74508,"position":3},"title":"Ensenada ser\u00e1 el escenario de campa\u00f1a de Kicillof y Massa","author":"GB","date":"25\/09\/2023","format":false,"excerpt":"Los candidatos, tanto a gobernador como a presidente de Uni\u00f3n por la Patria, preparan un acto de campa\u00f1a de cara al 22 de octubre En el marco de la campa\u00f1a electoral y antes de la veda de actos de gesti\u00f3n, Uni\u00f3n por la Patria (UP) prepara un acto en Ensenada\u2026","rel":"","context":"En \u00abElecciones\u00bb","block_context":{"text":"Elecciones","link":"http:\/\/www.24baires.com\/?cat=316"},"img":{"alt_text":"","src":"https:\/\/i0.wp.com\/www.24baires.com\/wp-content\/uploads\/2023\/09\/massa-axel.jpg?resize=350%2C200","width":350,"height":200,"srcset":"https:\/\/i0.wp.com\/www.24baires.com\/wp-content\/uploads\/2023\/09\/massa-axel.jpg?resize=350%2C200 1x, https:\/\/i0.wp.com\/www.24baires.com\/wp-content\/uploads\/2023\/09\/massa-axel.jpg?resize=525%2C300 1.5x, https:\/\/i0.wp.com\/www.24baires.com\/wp-content\/uploads\/2023\/09\/massa-axel.jpg?resize=700%2C400 2x"},"classes":[]},{"id":74779,"url":"http:\/\/www.24baires.com\/?p=74779","url_meta":{"origin":74508,"position":4},"title":"Massa tom\u00f3 distancia de los candidatos","author":"GB","date":"08\/11\/2015","format":false,"excerpt":"El l\u00edder del Frente Renovador asegur\u00f3 que no apoyar\u00e1 a Mauricio Macri ni Daniel Scioli. Los gestos de los candidatos. \"No voy a apoyar a ninguno de los dos candidatos\", dijo Sergio Massa, rechazando de plano la posibilidad de convocar a los votantes de UNA a respaldar a alguno de\u2026","rel":"","context":"En \u00abPol\u00edtica\u00bb","block_context":{"text":"Pol\u00edtica","link":"http:\/\/www.24baires.com\/?cat=51"},"img":{"alt_text":"","src":"","width":0,"height":0},"classes":[]},{"id":111719,"url":"http:\/\/www.24baires.com\/?p=111719","url_meta":{"origin":74508,"position":5},"title":"Vidal y Kicillof se re\u00fanen hoy con los intendentes que comparten boleta","author":"GB","date":"21\/08\/2019","format":false,"excerpt":"Los principales candidatos a gobernar la provincia desde diciembre encaran la recta final hacia octubre. En Buenos Aires no hay balotaje y se juegan a todo o nada. Se analizar\u00e1n los resultados de las PASO y delinear\u00e1n estrategias de campa\u00f1a camino a octubre. A partir de esa semana, vuelve la\u2026","rel":"","context":"En \u00abProvincia\u00bb","block_context":{"text":"Provincia","link":"http:\/\/www.24baires.com\/?cat=40"},"img":{"alt_text":"","src":"https:\/\/i0.wp.com\/www.24baires.com\/wp-content\/uploads\/2019\/08\/vidal-kicillof.jpeg?resize=350%2C200","width":350,"height":200,"srcset":"https:\/\/i0.wp.com\/www.24baires.com\/wp-content\/uploads\/2019\/08\/vidal-kicillof.jpeg?resize=350%2C200 1x, https:\/\/i0.wp.com\/www.24baires.com\/wp-content\/uploads\/2019\/08\/vidal-kicillof.jpeg?resize=525%2C300 1.5x"},"classes":[]}],"jetpack_sharing_enabled":true,"jetpack_likes_enabled":true,"jetpack_featured_media_url":"","_links":{"self":[{"href":"http:\/\/www.24baires.com\/index.php?rest_route=\/wp\/v2\/posts\/74508","targetHints":{"allow":["GET"]}}],"collection":[{"href":"http:\/\/www.24baires.com\/index.php?rest_route=\/wp\/v2\/posts"}],"about":[{"href":"http:\/\/www.24baires.com\/index.php?rest_route=\/wp\/v2\/types\/post"}],"author":[{"embeddable":true,"href":"http:\/\/www.24baires.com\/index.php?rest_route=\/wp\/v2\/users\/8"}],"replies":[{"embeddable":true,"href":"http:\/\/www.24baires.com\/index.php?rest_route=%2Fwp%2Fv2%2Fcomments&post=74508"}],"version-history":[{"count":1,"href":"http:\/\/www.24baires.com\/index.php?rest_route=\/wp\/v2\/posts\/74508\/revisions"}],"predecessor-version":[{"id":74510,"href":"http:\/\/www.24baires.com\/index.php?rest_route=\/wp\/v2\/posts\/74508\/revisions\/74510"}],"wp:attachment":[{"href":"http:\/\/www.24baires.com\/index.php?rest_route=%2Fwp%2Fv2%2Fmedia&parent=74508"}],"wp:term":[{"taxonomy":"category","embeddable":true,"href":"http:\/\/www.24baires.com\/index.php?rest_route=%2Fwp%2Fv2%2Fcategories&post=74508"},{"taxonomy":"post_tag","embeddable":true,"href":"http:\/\/www.24baires.com\/index.php?rest_route=%2Fwp%2Fv2%2Ftags&post=74508"}],"curies":[{"name":"wp","href":"https:\/\/api.w.org\/{rel}","templated":true}]}}