{"id":74453,"date":"2015-11-01T13:00:35","date_gmt":"2015-11-01T16:00:35","guid":{"rendered":"http:\/\/www.24baires.com\/?p=74453"},"modified":"2015-11-01T10:29:04","modified_gmt":"2015-11-01T13:29:04","slug":"los-industriales-preocupados-por-un-retroceso-a-los-90-si-gana-macri","status":"publish","type":"post","link":"http:\/\/www.24baires.com\/?p=74453","title":{"rendered":"Los industriales, preocupados por un retroceso a los &#8217;90 si gana Macri"},"content":{"rendered":"<p><img data-recalc-dims=\"1\" loading=\"lazy\" decoding=\"async\" class=\"aligncenter size-full wp-image-53420\" src=\"https:\/\/i0.wp.com\/www.24baires.com\/wp-content\/uploads\/2014\/09\/macri-41.jpg?resize=560%2C282\" alt=\"macri 4\" width=\"560\" height=\"282\" srcset=\"https:\/\/i0.wp.com\/www.24baires.com\/wp-content\/uploads\/2014\/09\/macri-41.jpg?w=560 560w, https:\/\/i0.wp.com\/www.24baires.com\/wp-content\/uploads\/2014\/09\/macri-41.jpg?resize=300%2C151 300w\" sizes=\"auto, (max-width: 560px) 100vw, 560px\" \/>\u00abNo hay ninguna posibilidad de que no exista el libre comercio\u00bb, revel\u00f3 el candidato a ministro de Econom\u00eda por Cambiemos, Carlos Melconian, causando miedo y reminiscencia de tiempos dif\u00edciles en los empresarios de los sectores industriales sensibles a una apertura importadora irrestricta. <!--more--><\/p>\n<p>Por ello, ante un balotaje entre el oficialismo, liderado por Daniel Scioli y el dirigente de la oposici\u00f3n, Mauricio Macri, muchos empresarios, en particular en el sector de pymes, pusieron el grito en el cielo y reclamaron mayores especificidades y propuestas concretas.<\/p>\n<p>\u00abMacri debe decir qu\u00e9 va hacer. Nosotros no estamos con ning\u00fan candidato, seguimos un modelo industrial y un modelo de administraci\u00f3n de comercio. con Scioli ya sabemos, porque sabemos cu\u00e1l es el modelo industrial de la provincia de Buenos Aires. No tenemos sorpresas ah\u00ed. Internamente hace m\u00e1s de 10 a\u00f1os venimos creciendo y contratando gente\u00bb, explic\u00f3 al diario Tiempo Argentino Mat\u00edas Furi\u00f3, presidente de la C\u00e1mara de la Industria del Juguete.<\/p>\n<p>Miguel Faraoni, empresario juguetero, tambi\u00e9n fue enf\u00e1tico en su rechazo respecto del neoliberalismo: \u00abQuiero creer que es imposible volver a los &#8217;90. De 250 f\u00e1bricas quedaron solo 50, de las cuales alrededor de 30 eran importadoras. Yo tuve que diversificar el negocio y trabajar para otras empresas. Estuvimos al borde del abismo\u00bb.<\/p>\n<p>En este sentido, Alberto Sellaro, presidente de la C\u00e1mara de la Industria del Calzado (CIC), dijo que el principal problema es la competencia desleal de pa\u00edses que utilizan el empleo precario como fuente de competitividad. \u00abEn China para producir zapatos, los trabajadores cobran U$S 80 por mes y la jornada es de 16 horas, mientras que ac\u00e1 un operario cobra U$S 1000 y uno calificado U$S 1400, por lo que estamos en desigualdad de condiciones\u00bb.<\/p>\n<p>Para Daniel Donikian, presidente de la C\u00e1mara de la Industria de Manufacturas de Cuero (CIMA), las consecuencias de una apertura ser\u00edan catastr\u00f3ficas: \u00abSi se abren las importaciones entrar\u00eda el doble o el triple y dejar\u00edamos de tener trabajo. Lo primero que hacen los empresarios es aguantar, gast\u00e1ndose el capital para recomponer las p\u00e9rdidas y precarizando el trabajo, pero al final terminar\u00edamos sin la gente y sin el capital. Algunos me dicen &#8216;yo ya aprend\u00ed de la d\u00e9cada de los &#8217;90, si abren el comercio me transformo importador y con lo que gano pago las indemnizaciones'\u00bb. En tanto, el secretario de Comercio de la entidad, Ariel Aguilar, admiti\u00f3 que \u00abvemos con much\u00edsima preocupaci\u00f3n el discurso que ha planteado hist\u00f3ricamente Mauricio Macri y un eventual triunfo\u00bb.<\/p>\n<p>El sector de las motocicletas es uno que devino sensible a la competencia extranjera en la \u00faltima d\u00e9cada. El titular de la C\u00e1mara de Fabricantes de Motoveh\u00edculos (CAFAM), Lino Stefanuto, rememor\u00f3 que \u00aben los &#8217;90, China produc\u00eda motocicletas de muy mala calidad. Nosotros \u00e9ramos caros, pero compet\u00edamos con Jap\u00f3n, que era caro tambi\u00e9n. Hoy, China ha avanzado mucho en calidad, y necesitamos defender la industria y avanzar en la integraci\u00f3n\u00bb.<\/p>\n<p>Para Luciano Galfione, dirigente de ProTejer, \u00abes una falacia lo del bloqueo de las importaciones\u00bb. \u00abEn el pico de la Convertibilidad, perdimos el 80% de la industria, y la entrada era de U$S 800 millones. Hoy, exportamos U$S 600 millones, vendemos al mercado interno U$S 3500 millones y generamos 425 mil empleos, y las importaciones son de U$S 1400 millones. Una apertura indiscriminada es algo que no existe en ning\u00fan lugar del mundo. And\u00e1 a exportar hilados de algod\u00f3n en EE UU, es imposible, hay miles de trabas y regulaciones. En Europa, por ejemplo, existen normas muy restrictivas para la importaci\u00f3n de juguetes, la Argentina no est\u00e1 ni cerca de colocar sus productos. Abrirse cuando todo el mundo protege sus industrias estrat\u00e9gicas es un sinsentido\u00bb, concluy\u00f3 el empresario.<\/p>\n<p>&nbsp;<\/p>\n<p>&nbsp;<\/p>\n<p>&nbsp;<\/p>\n<p>&nbsp;<\/p>\n<p>&nbsp;<\/p>\n<p>&nbsp;<\/p>\n<p>&nbsp;<\/p>\n<p>&nbsp;<\/p>\n<p>&nbsp;<\/p>\n<p>&nbsp;<\/p>\n<p>&nbsp;<\/p>\n<p>&nbsp;<\/p>\n<p>&nbsp;<\/p>\n<p>&nbsp;<\/p>\n<p>&nbsp;<\/p>\n<p>&nbsp;<\/p>\n<p>&nbsp;<\/p>\n<p>&nbsp;<\/p>\n<p>&nbsp;<\/p>\n<p>&nbsp;<\/p>\n","protected":false},"excerpt":{"rendered":"<p>\u00abNo hay ninguna posibilidad de que no exista el libre comercio\u00bb, revel\u00f3 el candidato a ministro de Econom\u00eda por Cambiemos, Carlos Melconian, causando miedo y reminiscencia de tiempos dif\u00edciles en los empresarios de los sectores industriales sensibles a una apertura importadora irrestricta.<\/p>\n","protected":false},"author":8,"featured_media":0,"comment_status":"open","ping_status":"open","sticky":false,"template":"","format":"standard","meta":{"_jetpack_newsletter_access":"","_jetpack_dont_email_post_to_subs":false,"_jetpack_newsletter_tier_id":0,"_jetpack_memberships_contains_paywalled_content":false,"_jetpack_memberships_contains_paid_content":false,"footnotes":""},"categories":[51],"tags":[],"class_list":["post-74453","post","type-post","status-publish","format-standard","hentry","category-politica"],"jetpack_shortlink":"https:\/\/wp.me\/p2JWE0-jmR","jetpack-related-posts":[{"id":111315,"url":"http:\/\/www.24baires.com\/?p=111315","url_meta":{"origin":74453,"position":0},"title":"El extitular de la UIA asegura estar \u00abdefraudado\u00bb con Macri","author":"AF","date":"24\/07\/2019","format":false,"excerpt":"El empresario asegur\u00f3 que no apoyar\u00e1 la reelecci\u00f3n del Presidente por su pol\u00edtica industrial y porque \"defraud\u00f3 todo lo que hizo\". Agreg\u00f3 que no tiene \u201cganas de votar\u201d. El extitular de la Uni\u00f3n Industrial Argentina (UIA) H\u00e9ctor M\u00e9ndez asegur\u00f3 que el actual contexto de crisis econ\u00f3mica producto de la pol\u00edtica\u2026","rel":"","context":"En \u00abPol\u00edtica\u00bb","block_context":{"text":"Pol\u00edtica","link":"http:\/\/www.24baires.com\/?cat=51"},"img":{"alt_text":"","src":"https:\/\/i0.wp.com\/www.24baires.com\/wp-content\/uploads\/2019\/07\/m%C3%A9ndez-uia.jpg?resize=350%2C200","width":350,"height":200,"srcset":"https:\/\/i0.wp.com\/www.24baires.com\/wp-content\/uploads\/2019\/07\/m%C3%A9ndez-uia.jpg?resize=350%2C200 1x, https:\/\/i0.wp.com\/www.24baires.com\/wp-content\/uploads\/2019\/07\/m%C3%A9ndez-uia.jpg?resize=525%2C300 1.5x"},"classes":[]},{"id":112328,"url":"http:\/\/www.24baires.com\/?p=112328","url_meta":{"origin":74453,"position":1},"title":"Alberto Fern\u00e1ndez se reuni\u00f3 con la UIA","author":"AF","date":"02\/10\/2019","format":false,"excerpt":"Tras el encuentro, el ex jefe de Gabinete y candidato presidencial del Frente de Todos asegur\u00f3 que comparte con los empresarios la nececidad de dejar de \"maltratar\" a la industria. Alberto Fern\u00e1ndez advirti\u00f3, sin embargo, que Cambiemos dejar\u00e1 un d\u00e9ficit fiscal superior al 7 por ciento del PBI. El candidato\u2026","rel":"","context":"En \u00abPol\u00edtica\u00bb","block_context":{"text":"Pol\u00edtica","link":"http:\/\/www.24baires.com\/?cat=51"},"img":{"alt_text":"","src":"https:\/\/i0.wp.com\/www.24baires.com\/wp-content\/uploads\/2019\/06\/fern%C3%A1ndezz.jpg?resize=350%2C200","width":350,"height":200,"srcset":"https:\/\/i0.wp.com\/www.24baires.com\/wp-content\/uploads\/2019\/06\/fern%C3%A1ndezz.jpg?resize=350%2C200 1x, https:\/\/i0.wp.com\/www.24baires.com\/wp-content\/uploads\/2019\/06\/fern%C3%A1ndezz.jpg?resize=525%2C300 1.5x"},"classes":[]},{"id":112630,"url":"http:\/\/www.24baires.com\/?p=112630","url_meta":{"origin":74453,"position":2},"title":"Alberto y Cristina cierran la campa\u00f1a en Mar del Plata","author":"GB","date":"24\/10\/2019","format":false,"excerpt":"El candidato a presidente por el Frente de Todos, Alberto Fern\u00e1ndez, y la candidata a vicepresidenta, Cristina Fern\u00e1ndez de Kirchner, estar\u00e1n este jueves a las 15 en Mar del Plata, en un escenario que se montar\u00e1 en la rambla. Ser\u00e1 el primer acto que compartir\u00e1n en conjunto en la ciudad,\u2026","rel":"","context":"En \u00abPol\u00edtica\u00bb","block_context":{"text":"Pol\u00edtica","link":"http:\/\/www.24baires.com\/?cat=51"},"img":{"alt_text":"","src":"https:\/\/i0.wp.com\/www.24baires.com\/wp-content\/uploads\/2019\/10\/alberto-y-cristina.jpg?resize=350%2C200","width":350,"height":200,"srcset":"https:\/\/i0.wp.com\/www.24baires.com\/wp-content\/uploads\/2019\/10\/alberto-y-cristina.jpg?resize=350%2C200 1x, https:\/\/i0.wp.com\/www.24baires.com\/wp-content\/uploads\/2019\/10\/alberto-y-cristina.jpg?resize=525%2C300 1.5x"},"classes":[]},{"id":111312,"url":"http:\/\/www.24baires.com\/?p=111312","url_meta":{"origin":74453,"position":3},"title":"\u00abNo podemos ir contra los derechos de los trabajadores como en los \u201890\u00bb","author":"AF","date":"24\/07\/2019","format":false,"excerpt":"El referente industrial Jos\u00e9 Urtubey se desmarc\u00f3 de las declaraciones el vice de la entidad, Daniel Funes de Rioja, y apunt\u00f3 a la macroeconom\u00eda y explic\u00f3 que \"las mejoras que dice el Gobierno no se ven en la econom\u00eda real\". El dirigente de la Uni\u00f3n Industrial Argentina (UIA), Jos\u00e9 Urtubey,\u2026","rel":"","context":"En \u00abPol\u00edtica\u00bb","block_context":{"text":"Pol\u00edtica","link":"http:\/\/www.24baires.com\/?cat=51"},"img":{"alt_text":"","src":"https:\/\/i0.wp.com\/www.24baires.com\/wp-content\/uploads\/2019\/07\/urtubey.png?resize=350%2C200","width":350,"height":200,"srcset":"https:\/\/i0.wp.com\/www.24baires.com\/wp-content\/uploads\/2019\/07\/urtubey.png?resize=350%2C200 1x, https:\/\/i0.wp.com\/www.24baires.com\/wp-content\/uploads\/2019\/07\/urtubey.png?resize=525%2C300 1.5x"},"classes":[]},{"id":104283,"url":"http:\/\/www.24baires.com\/?p=104283","url_meta":{"origin":74453,"position":4},"title":"Macri busc\u00f3 consagrarse entre representantes de la Uni\u00f3n Industrial Argentina","author":"AF","date":"04\/09\/2018","format":false,"excerpt":"Un d\u00eda despu\u00e9s del anuncio del paquete econ\u00f3mico con el que intenta parar la corrida cambiaria y sacar al Gobierno de la crisis en la que se encuentra, Mauricio Macri habl\u00f3 ante los industriales en el acto de cierre de la Conferencia Anual de la Uni\u00f3n Industrial Argentina (UIA). Ante\u2026","rel":"","context":"En \u00abPol\u00edtica\u00bb","block_context":{"text":"Pol\u00edtica","link":"http:\/\/www.24baires.com\/?cat=51"},"img":{"alt_text":"","src":"","width":0,"height":0},"classes":[]},{"id":66551,"url":"http:\/\/www.24baires.com\/?p=66551","url_meta":{"origin":74453,"position":5},"title":"Scioli asegur\u00f3 que ser\u00e1 el presidente de \u00abla producci\u00f3n y la inversi\u00f3n\u00bb","author":"GB","date":"26\/05\/2015","format":false,"excerpt":"El gobernador bonaerense y precandidato presidencial por el FpV, dijo ante la UIA que mantiene \"serias diferencias\" con Mauricio Macri y asegur\u00f3 que en el caso de llegar a la primera magistratura a trav\u00e9s del voto popular ser\u00e1 el Presidente de la \"producci\u00f3n y la inversi\u00f3n\". Daniel Scioli realiz\u00f3 esta\u2026","rel":"","context":"En \u00abPol\u00edtica\u00bb","block_context":{"text":"Pol\u00edtica","link":"http:\/\/www.24baires.com\/?cat=51"},"img":{"alt_text":"scioli 1","src":"https:\/\/i0.wp.com\/www.24baires.com\/wp-content\/uploads\/2015\/01\/scioli-1.jpg?resize=350%2C200","width":350,"height":200,"srcset":"https:\/\/i0.wp.com\/www.24baires.com\/wp-content\/uploads\/2015\/01\/scioli-1.jpg?resize=350%2C200 1x, https:\/\/i0.wp.com\/www.24baires.com\/wp-content\/uploads\/2015\/01\/scioli-1.jpg?resize=525%2C300 1.5x"},"classes":[]}],"jetpack_sharing_enabled":true,"jetpack_likes_enabled":true,"jetpack_featured_media_url":"","_links":{"self":[{"href":"http:\/\/www.24baires.com\/index.php?rest_route=\/wp\/v2\/posts\/74453","targetHints":{"allow":["GET"]}}],"collection":[{"href":"http:\/\/www.24baires.com\/index.php?rest_route=\/wp\/v2\/posts"}],"about":[{"href":"http:\/\/www.24baires.com\/index.php?rest_route=\/wp\/v2\/types\/post"}],"author":[{"embeddable":true,"href":"http:\/\/www.24baires.com\/index.php?rest_route=\/wp\/v2\/users\/8"}],"replies":[{"embeddable":true,"href":"http:\/\/www.24baires.com\/index.php?rest_route=%2Fwp%2Fv2%2Fcomments&post=74453"}],"version-history":[{"count":1,"href":"http:\/\/www.24baires.com\/index.php?rest_route=\/wp\/v2\/posts\/74453\/revisions"}],"predecessor-version":[{"id":74454,"href":"http:\/\/www.24baires.com\/index.php?rest_route=\/wp\/v2\/posts\/74453\/revisions\/74454"}],"wp:attachment":[{"href":"http:\/\/www.24baires.com\/index.php?rest_route=%2Fwp%2Fv2%2Fmedia&parent=74453"}],"wp:term":[{"taxonomy":"category","embeddable":true,"href":"http:\/\/www.24baires.com\/index.php?rest_route=%2Fwp%2Fv2%2Fcategories&post=74453"},{"taxonomy":"post_tag","embeddable":true,"href":"http:\/\/www.24baires.com\/index.php?rest_route=%2Fwp%2Fv2%2Ftags&post=74453"}],"curies":[{"name":"wp","href":"https:\/\/api.w.org\/{rel}","templated":true}]}}