{"id":74450,"date":"2015-11-01T11:00:38","date_gmt":"2015-11-01T14:00:38","guid":{"rendered":"http:\/\/www.24baires.com\/?p=74450"},"modified":"2015-11-02T10:59:00","modified_gmt":"2015-11-02T13:59:00","slug":"el-candidato-presidencial-del-fpv-cuestiono-a-su-contrincante-por-proponer-un-gobierno-para-los-intereses-concentrados-y-el-poder-economico-al-tiempo-que-diferencio-la-plataforma-de","status":"publish","type":"post","link":"http:\/\/www.24baires.com\/?p=74450","title":{"rendered":"\u00abMacri propone un gobierno para intereses concentrados y el poder econ\u00f3mico\u00bb"},"content":{"rendered":"<p><img data-recalc-dims=\"1\" loading=\"lazy\" decoding=\"async\" src=\"https:\/\/i0.wp.com\/www.24baires.com\/wp-content\/uploads\/2015\/09\/scioli1.jpg?resize=560%2C357\" alt=\"scioli\" width=\"560\" height=\"357\" class=\"aligncenter size-full wp-image-72134\" srcset=\"https:\/\/i0.wp.com\/www.24baires.com\/wp-content\/uploads\/2015\/09\/scioli1.jpg?w=560 560w, https:\/\/i0.wp.com\/www.24baires.com\/wp-content\/uploads\/2015\/09\/scioli1.jpg?resize=300%2C191 300w\" sizes=\"auto, (max-width: 560px) 100vw, 560px\" \/>El candidato presidencial del FpV cuestion\u00f3 a su contrincante por proponer \u201cun gobierno para los intereses concentrados y el poder econ\u00f3mico\u201d, al tiempo que diferenci\u00f3 la plataforma del FpV que busca \u201cmantener lo logrado\u201d.<!--more--><\/p>\n<p>\u201cEllos plantean un gobierno con otra prioridad, para pocos, para intereses concentrados y un poder econ\u00f3mico nacional e internacional\u201d asegur\u00f3 el gobernador bonaerense y candidato presidencial del Frente para la Victoria Daniel Scioli, en referencia al proyecto de la coalici\u00f3n Cambiemos.<\/p>\n<p>En este sentido, en diferentes entrevista publicadas hoy en los diarios Tiempo Argentina y P\u00e1gina\/12, Scioli consider\u00f3 que la denuncia presentada por dirigentes alineados con Mauricio Macri contra el titular del Banco Central Alejandro Vanoli, a quien acusaron de \u201cdefraudaci\u00f3n contra la administraci\u00f3n p\u00fablica\u201d, \u201clos ha desenmascarado, est\u00e1n anunciando una gran devaluaci\u00f3n como variable de ajuste\u201d.<\/p>\n<p>\u201cCada vez que (Mauricio Macri) tira una definici\u00f3n, va en el mismo sentido: que los trabajadores sean la variable de ajuste. El dijo: vamos a ajustar los salarios por inflaci\u00f3n\u201d precis\u00f3 el mandatario provincial y contrapuso los logros de los gobiernos kirchneristas los que seg\u00fan su opini\u00f3n \u201csi algo que se ha hecho todos estos a\u00f1os fue mejorar el poder adquisitivo de los trabajadores, habiendo generado cada vez m\u00e1s ingresos\u201d.<\/p>\n<p>Si bien reconoci\u00f3 que \u201cfaltan otras cosas\u201d por hacer, asegur\u00f3 que est\u00e1 dispuesto a escuchar, \u201cme adapto, los interpreto y les voy a dar respuestas\u201d, al tiempo que insisti\u00f3 que en el balotaje del 22 de noviembre se enfrentar\u00e1n \u201clos dos caminos del pa\u00eds: uno que va hacia la agenda del desarrollo futuro, y otro que vuelva a las pol\u00edticas que han hecho estragos en lo social, lo econ\u00f3mico y lo productivo\u201d.<\/p>\n<p>Durante una recorrida de campa\u00f1a por la localidad bonaerense de Williams Morris, partido de Hurlingham, el candidato oficialista consider\u00f3 que luego de las elecciones generales, en las que se impuso por algo m\u00e1s de dos puntos y medio sobre Mauricio Macri, se gener\u00f3 \u201cuna gran m\u00edstica\u201d.<\/p>\n<p>\u201cEsta elecci\u00f3n le toc\u00f3 el amor propio a la gente. Tomaron conciencia de que ahora esta nueva elecci\u00f3n es una gran final en la que se disputa qu\u00e9 queremos para la Argentina. Hay un camino que va hacia una agenda de desarrollo y otro que vuelve hacia lo viejo, a los fantasmas del pasado, al ajuste, la devaluaci\u00f3n y a dejar librado todo al mercado\u201d, concluy\u00f3.<\/p>\n","protected":false},"excerpt":{"rendered":"<p>El candidato presidencial del FpV cuestion\u00f3 a su contrincante por proponer \u201cun gobierno para los intereses concentrados y el poder econ\u00f3mico\u201d, al tiempo que diferenci\u00f3 la plataforma del FpV que busca \u201cmantener lo logrado\u201d.<\/p>\n","protected":false},"author":8,"featured_media":0,"comment_status":"open","ping_status":"open","sticky":false,"template":"","format":"standard","meta":{"_jetpack_newsletter_access":"","_jetpack_dont_email_post_to_subs":false,"_jetpack_newsletter_tier_id":0,"_jetpack_memberships_contains_paywalled_content":false,"_jetpack_memberships_contains_paid_content":false,"footnotes":""},"categories":[51],"tags":[],"class_list":["post-74450","post","type-post","status-publish","format-standard","hentry","category-politica"],"jetpack_shortlink":"https:\/\/wp.me\/p2JWE0-jmO","jetpack-related-posts":[{"id":75145,"url":"http:\/\/www.24baires.com\/?p=75145","url_meta":{"origin":74450,"position":0},"title":"Dom\u00ednguez: \u00abMacri siempre estuvo del lado de los intereses contrarios a la Argentina\u00bb","author":"AF","date":"17\/11\/2015","format":false,"excerpt":"El presidente de la C\u00e1mara de Diputados, Juli\u00e1n Dom\u00ednguez, se refiri\u00f3 as\u00ed al candidato presidencial de Cambiemos, y asegur\u00f3 que \"no tiene reparos en volver a acordar con el Fondo Monetario Internacional\". \"Pobre pa\u00eds si su dirigencia piensa desde la visi\u00f3n del ajuste, as\u00ed cualquiera gobierna. Dios nos libre y\u2026","rel":"","context":"En \u00abElecciones 2015\u00bb","block_context":{"text":"Elecciones 2015","link":"http:\/\/www.24baires.com\/?cat=74"},"img":{"alt_text":"julian dominguez1","src":"https:\/\/i0.wp.com\/www.24baires.com\/wp-content\/uploads\/2015\/11\/julian-dominguez1.jpg?resize=350%2C200","width":350,"height":200,"srcset":"https:\/\/i0.wp.com\/www.24baires.com\/wp-content\/uploads\/2015\/11\/julian-dominguez1.jpg?resize=350%2C200 1x, https:\/\/i0.wp.com\/www.24baires.com\/wp-content\/uploads\/2015\/11\/julian-dominguez1.jpg?resize=525%2C300 1.5x"},"classes":[]},{"id":107069,"url":"http:\/\/www.24baires.com\/?p=107069","url_meta":{"origin":74450,"position":1},"title":"\u00abMacri volvi\u00f3 a faltarles el respeto a los 40 millones de argentinos\u00bb","author":"GB","date":"04\/03\/2019","format":false,"excerpt":"As\u00ed lo indic\u00f3 el diputado peronista Fernando Espinoza, luego del discurso del Presidente en la apertura de sesiones ordinarias. \"Decepcion\u00f3 a muchas personas que permanec\u00eda indecisas\", dijo El diputado nacional por la provincia de Buenos Aires Fernando Espinoza (FPV-PJ) se refiri\u00f3 al discurso pronunciado por el presidente de la Naci\u00f3n\u2026","rel":"","context":"En \u00abPol\u00edtica\u00bb","block_context":{"text":"Pol\u00edtica","link":"http:\/\/www.24baires.com\/?cat=51"},"img":{"alt_text":"","src":"https:\/\/i0.wp.com\/www.24baires.com\/wp-content\/uploads\/2019\/03\/espinoza.jpg?resize=350%2C200","width":350,"height":200,"srcset":"https:\/\/i0.wp.com\/www.24baires.com\/wp-content\/uploads\/2019\/03\/espinoza.jpg?resize=350%2C200 1x, https:\/\/i0.wp.com\/www.24baires.com\/wp-content\/uploads\/2019\/03\/espinoza.jpg?resize=525%2C300 1.5x"},"classes":[]},{"id":105261,"url":"http:\/\/www.24baires.com\/?p=105261","url_meta":{"origin":74450,"position":2},"title":"Monz\u00f3 anticip\u00f3 que no renovar\u00e1 su banca de Cambiemos","author":"AF","date":"02\/11\/2018","format":false,"excerpt":"Los colaboradores del titular de Diputados reconocieron que es una decisi\u00f3n que tom\u00f3 hace ya tiempo. En cuanto a su posible alejamiento de Cambiemos dijeron que se trata de especulaciones pol\u00edticas pero no la negaron. Esta vez no es un amague. En el entorno de Emilio Monz\u00f3 confirmaron la versi\u00f3n\u2026","rel":"","context":"En \u00abPol\u00edtica\u00bb","block_context":{"text":"Pol\u00edtica","link":"http:\/\/www.24baires.com\/?cat=51"},"img":{"alt_text":"","src":"https:\/\/i0.wp.com\/www.24baires.com\/wp-content\/uploads\/2018\/11\/monz%C3%B3.jpg?resize=350%2C200","width":350,"height":200,"srcset":"https:\/\/i0.wp.com\/www.24baires.com\/wp-content\/uploads\/2018\/11\/monz%C3%B3.jpg?resize=350%2C200 1x, https:\/\/i0.wp.com\/www.24baires.com\/wp-content\/uploads\/2018\/11\/monz%C3%B3.jpg?resize=525%2C300 1.5x"},"classes":[]},{"id":71697,"url":"http:\/\/www.24baires.com\/?p=71697","url_meta":{"origin":74450,"position":3},"title":"\u00abVolver\u00eda a votar en contra de la Asignaci\u00f3n Universal, Aerol\u00edneas e YPF\u00bb, confes\u00f3 Michetti","author":"AF","date":"05\/09\/2015","format":false,"excerpt":"As\u00ed lo afirm\u00f3 la candidata a vicepresidente por Cambiemos, Gabriela Michetti, y destac\u00f3 que la diferencia entre Daniel Scioli y el macrismo \"es la coherencia\", pese a que el l\u00edder del PRO resalt\u00f3 las iniciativas del Gobierno tras el triunfo en la Ciudad. La candidata a vicepresidente por Cambiemos, Gabriela\u2026","rel":"","context":"En \u00abElecciones 2015\u00bb","block_context":{"text":"Elecciones 2015","link":"http:\/\/www.24baires.com\/?cat=74"},"img":{"alt_text":"michetti","src":"https:\/\/i0.wp.com\/www.24baires.com\/wp-content\/uploads\/2014\/08\/michetti.jpg?resize=350%2C200","width":350,"height":200,"srcset":"https:\/\/i0.wp.com\/www.24baires.com\/wp-content\/uploads\/2014\/08\/michetti.jpg?resize=350%2C200 1x, https:\/\/i0.wp.com\/www.24baires.com\/wp-content\/uploads\/2014\/08\/michetti.jpg?resize=525%2C300 1.5x"},"classes":[]},{"id":71501,"url":"http:\/\/www.24baires.com\/?p=71501","url_meta":{"origin":74450,"position":4},"title":"Intendentes advierten sobre la gobernabilidad si gana Macri","author":"GB","date":"01\/09\/2015","format":false,"excerpt":"Intendentes peronistas bonaerenses reafirmaron su apoyo a la candidatura presidencial oficialista y adem\u00e1s advirtieron sobre la gobernabilidad de los municipios y el futuro econ\u00f3mico y social en el Conurbano, en el eventual caso de que el l\u00edder del PRO Mauricio Macri fuera el pr\u00f3ximo presidente argentino. Tras el encuentro realizado\u2026","rel":"","context":"En \u00abPol\u00edtica\u00bb","block_context":{"text":"Pol\u00edtica","link":"http:\/\/www.24baires.com\/?cat=51"},"img":{"alt_text":"","src":"","width":0,"height":0},"classes":[]},{"id":101122,"url":"http:\/\/www.24baires.com\/?p=101122","url_meta":{"origin":74450,"position":5},"title":"Indagar\u00e1n a Scioli por irregularidades en la construcci\u00f3n de las UPA 24","author":"AF","date":"17\/03\/2018","format":false,"excerpt":"El ex gobernador Daniel Scioli y quien fuera su ministro de Salud, Alejandro Collia, fueron imputados y citados a prestar declaraci\u00f3n indagatoria en el marco de una causa que investiga presuntas irregularidades en la adjudicaci\u00f3n de ocho Unidades de Pronta Atenci\u00f3n (UPA 24) para las que se destinaron m\u00e1s de\u2026","rel":"","context":"En \u00abJUDICIALES\u00bb","block_context":{"text":"JUDICIALES","link":"http:\/\/www.24baires.com\/?cat=68"},"img":{"alt_text":"","src":"https:\/\/i0.wp.com\/www.24baires.com\/wp-content\/uploads\/2014\/05\/Daniel-Scioli.jpg?resize=350%2C200","width":350,"height":200,"srcset":"https:\/\/i0.wp.com\/www.24baires.com\/wp-content\/uploads\/2014\/05\/Daniel-Scioli.jpg?resize=350%2C200 1x, https:\/\/i0.wp.com\/www.24baires.com\/wp-content\/uploads\/2014\/05\/Daniel-Scioli.jpg?resize=525%2C300 1.5x"},"classes":[]}],"jetpack_sharing_enabled":true,"jetpack_likes_enabled":true,"jetpack_featured_media_url":"","_links":{"self":[{"href":"http:\/\/www.24baires.com\/index.php?rest_route=\/wp\/v2\/posts\/74450","targetHints":{"allow":["GET"]}}],"collection":[{"href":"http:\/\/www.24baires.com\/index.php?rest_route=\/wp\/v2\/posts"}],"about":[{"href":"http:\/\/www.24baires.com\/index.php?rest_route=\/wp\/v2\/types\/post"}],"author":[{"embeddable":true,"href":"http:\/\/www.24baires.com\/index.php?rest_route=\/wp\/v2\/users\/8"}],"replies":[{"embeddable":true,"href":"http:\/\/www.24baires.com\/index.php?rest_route=%2Fwp%2Fv2%2Fcomments&post=74450"}],"version-history":[{"count":2,"href":"http:\/\/www.24baires.com\/index.php?rest_route=\/wp\/v2\/posts\/74450\/revisions"}],"predecessor-version":[{"id":74452,"href":"http:\/\/www.24baires.com\/index.php?rest_route=\/wp\/v2\/posts\/74450\/revisions\/74452"}],"wp:attachment":[{"href":"http:\/\/www.24baires.com\/index.php?rest_route=%2Fwp%2Fv2%2Fmedia&parent=74450"}],"wp:term":[{"taxonomy":"category","embeddable":true,"href":"http:\/\/www.24baires.com\/index.php?rest_route=%2Fwp%2Fv2%2Fcategories&post=74450"},{"taxonomy":"post_tag","embeddable":true,"href":"http:\/\/www.24baires.com\/index.php?rest_route=%2Fwp%2Fv2%2Ftags&post=74450"}],"curies":[{"name":"wp","href":"https:\/\/api.w.org\/{rel}","templated":true}]}}