{"id":74425,"date":"2015-10-30T21:00:13","date_gmt":"2015-10-31T00:00:13","guid":{"rendered":"http:\/\/www.24baires.com\/?p=74425"},"modified":"2015-10-30T20:46:43","modified_gmt":"2015-10-30T23:46:43","slug":"maximo-se-reunio-en-berazategui-con-intendentes-bonaerenses","status":"publish","type":"post","link":"http:\/\/www.24baires.com\/?p=74425","title":{"rendered":"M\u00e1ximo se reuni\u00f3 en Berazategui con intendentes bonaerenses"},"content":{"rendered":"<p><img data-recalc-dims=\"1\" loading=\"lazy\" decoding=\"async\" src=\"https:\/\/i0.wp.com\/www.24baires.com\/wp-content\/uploads\/2015\/10\/maximo-intendentes.jpg?resize=560%2C372\" alt=\"maximo intendentes\" width=\"560\" height=\"372\" class=\"aligncenter size-full wp-image-74426\" srcset=\"https:\/\/i0.wp.com\/www.24baires.com\/wp-content\/uploads\/2015\/10\/maximo-intendentes.jpg?w=560 560w, https:\/\/i0.wp.com\/www.24baires.com\/wp-content\/uploads\/2015\/10\/maximo-intendentes.jpg?resize=300%2C199 300w\" sizes=\"auto, (max-width: 560px) 100vw, 560px\" \/>El diputado nacional electo por la provincia de Santa Cruz visit\u00f3 el nuevo edificio inteligente de la municipalidad de Berazategui donde particip\u00f3 de una reuni\u00f3n con intendentes reelectos y electos del FPV.<!--more--><\/p>\n<p>Durante el encuentro se analizaron los resultados de las elecciones y se coordinaron distintas acciones de campa\u00f1a de cara al balotaje del pr\u00f3ximo 22 de noviembre.<\/p>\n<p>De esta manera, los dirigentes hablaron sobre la importancia del contacto cara a cara con los vecinos en todo el pa\u00eds.<\/p>\n<p>En la reuni\u00f3n tambi\u00e9n intercambiaron experiencias de gesti\u00f3n municipal en su relaci\u00f3n con el gobierno nacional.<\/p>\n<p>Adem\u00e1s, M\u00e1ximo Kirchner se interes\u00f3 sobre la pol\u00edtica de municipio inteligente de Berazetegui para trasladar la experiencia a los municipios de la provincia de Santa Cruz.<\/p>\n<p>Del encuentro participaron el Secretario General de la Presidencia, Eduardo Wado de Pedro, el Ministro de Planificaci\u00f3n Federal, Julio De Vido, el diputado nacional y secretario general de La C\u00e1mpora, Andr\u00e9s Larroque y el vicepresidente de la C\u00e1mara de Diputados de la Provincia de Buenos Aires, Jos\u00e9 Ottavis.<\/p>\n<p>Los intendentes que participaron de la reuni\u00f3n fueron el anfitri\u00f3n, Juan Patricio Mussi, intendente de Berazategui; Eduardo Bali Bucca, de Bol\u00edvar; Juan Pablo Anghileri, de General Rodr\u00edguez; Francisco Paco Dura\u00f1ona, de San Antonio de Areco; Francisco Echarren, de Castelli; Juan Pablo De Jes\u00fas, del Partido de la Costa y Hern\u00e1n Izurieta, de Punta Indio.<\/p>\n<p>Tambi\u00e9n participaron lo recientes jefes comunales electos Leonardo Nardini, de Malvinas Argentinas; Juan Zabaleta, de Hurlingham y Juan Ignacio Ustarroz, de Mercedes. Asimismo, tambi\u00e9n particip\u00f3 del encuentro Juan Jos\u00e9 Mussi, diputado provincial y ex Intendente de Berazategui.<\/p>\n","protected":false},"excerpt":{"rendered":"<p>El diputado nacional electo por la provincia de Santa Cruz visit\u00f3 el nuevo edificio inteligente de la municipalidad de Berazategui donde particip\u00f3 de una reuni\u00f3n con intendentes reelectos y electos del FPV.<\/p>\n","protected":false},"author":8,"featured_media":0,"comment_status":"open","ping_status":"open","sticky":false,"template":"","format":"standard","meta":{"_jetpack_newsletter_access":"","_jetpack_dont_email_post_to_subs":false,"_jetpack_newsletter_tier_id":0,"_jetpack_memberships_contains_paywalled_content":false,"_jetpack_memberships_contains_paid_content":false,"footnotes":""},"categories":[51],"tags":[],"class_list":["post-74425","post","type-post","status-publish","format-standard","hentry","category-politica"],"jetpack_shortlink":"https:\/\/wp.me\/p2JWE0-jmp","jetpack-related-posts":[{"id":114935,"url":"http:\/\/www.24baires.com\/?p=114935","url_meta":{"origin":74425,"position":0},"title":"Kicillof recibi\u00f3 a intendentes oficialistas de la Tercera Secci\u00f3n","author":"AF","date":"06\/05\/2020","format":false,"excerpt":"El gobernador estuvo con Fernando Espinoza, Jorge Ferraresi, Juan Jos\u00e9 Mussi, Mario Secco, Mart\u00edn Insaurralde y Mariano Cascallares. El gobernador bonaerense, Axel Kicillof, viene manteniendo una serie de encuentros con intendentes para evaluar la continuidad de la ayuda financiera de la Provincia a los municipios frente a la crisis que\u2026","rel":"","context":"En \u00abProvincia\u00bb","block_context":{"text":"Provincia","link":"http:\/\/www.24baires.com\/?cat=40"},"img":{"alt_text":"","src":"https:\/\/i0.wp.com\/www.24baires.com\/wp-content\/uploads\/2020\/05\/kicillof-intendentes.jpg?resize=350%2C200","width":350,"height":200,"srcset":"https:\/\/i0.wp.com\/www.24baires.com\/wp-content\/uploads\/2020\/05\/kicillof-intendentes.jpg?resize=350%2C200 1x, https:\/\/i0.wp.com\/www.24baires.com\/wp-content\/uploads\/2020\/05\/kicillof-intendentes.jpg?resize=525%2C300 1.5x"},"classes":[]},{"id":101199,"url":"http:\/\/www.24baires.com\/?p=101199","url_meta":{"origin":74425,"position":1},"title":"Municipales apuntan al Tribunal de Cuentas por \u00abinterferir\u00bb en convenios colectivos","author":"AF","date":"21\/03\/2018","format":false,"excerpt":"Tras anunciar que denunciar\u00e1n penalmente a los intendentes que a\u00fan no adhirieron a la ley de negociaci\u00f3n colectiva (14.656) sancionada en 2014, la Federaci\u00f3n de Sindicatos Municipales Bonaerenses (Fesimubo), apunt\u00f3 contra el Tribunal de Cuentas de la Provincia por \"interferir\" en la r\u00fabrica de los convenios colectivos en algunos distritos.\u2026","rel":"","context":"En \u00abProvincia\u00bb","block_context":{"text":"Provincia","link":"http:\/\/www.24baires.com\/?cat=40"},"img":{"alt_text":"","src":"https:\/\/i0.wp.com\/www.24baires.com\/wp-content\/uploads\/2018\/03\/fesimubo.jpg?resize=350%2C200","width":350,"height":200,"srcset":"https:\/\/i0.wp.com\/www.24baires.com\/wp-content\/uploads\/2018\/03\/fesimubo.jpg?resize=350%2C200 1x, https:\/\/i0.wp.com\/www.24baires.com\/wp-content\/uploads\/2018\/03\/fesimubo.jpg?resize=525%2C300 1.5x"},"classes":[]},{"id":116942,"url":"http:\/\/www.24baires.com\/?p=116942","url_meta":{"origin":74425,"position":2},"title":"El Presidente anuncia el programa \u00abCasa Propia\u00bb para municipios bonaerenses","author":"GB","date":"28\/12\/2020","format":false,"excerpt":"Tal como adelant\u00f3 el presidente la semana pasada, y tras la firma del convenio entre el gobernador Kicillof y el ministro Ferrresi, se comienza con el programa que proyecta una inversi\u00f3n de 890 mil millones para los pr\u00f3ximos tres a\u00f1os. El presidente Alberto Fern\u00e1ndez encabezar\u00e1 un acto de anuncio de\u2026","rel":"","context":"En \u00abPol\u00edtica\u00bb","block_context":{"text":"Pol\u00edtica","link":"http:\/\/www.24baires.com\/?cat=51"},"img":{"alt_text":"","src":"https:\/\/i0.wp.com\/www.24baires.com\/wp-content\/uploads\/2020\/08\/alberto-anuncio.jpg?resize=350%2C200","width":350,"height":200,"srcset":"https:\/\/i0.wp.com\/www.24baires.com\/wp-content\/uploads\/2020\/08\/alberto-anuncio.jpg?resize=350%2C200 1x, https:\/\/i0.wp.com\/www.24baires.com\/wp-content\/uploads\/2020\/08\/alberto-anuncio.jpg?resize=525%2C300 1.5x"},"classes":[]},{"id":115240,"url":"http:\/\/www.24baires.com\/?p=115240","url_meta":{"origin":74425,"position":3},"title":"Kicillof recibi\u00f3 a los intendentes de municipios complicado por el coronavirus","author":"AF","date":"04\/06\/2020","format":false,"excerpt":"Se trata de los jefes comunales de la tercera secci\u00f3n electoral, donde se concentra la mayor cantidad de casos del AMBA. El gobernador, Axel Kicillof, recibi\u00f3 a los intendentes de los distritos donde se concentra la mayor cantidad de casos del AMBA. Se trata de los jefes comunales de la\u2026","rel":"","context":"En \u00abProvincia\u00bb","block_context":{"text":"Provincia","link":"http:\/\/www.24baires.com\/?cat=40"},"img":{"alt_text":"","src":"https:\/\/i0.wp.com\/www.24baires.com\/wp-content\/uploads\/2020\/05\/kicilof.jpg?resize=350%2C200","width":350,"height":200,"srcset":"https:\/\/i0.wp.com\/www.24baires.com\/wp-content\/uploads\/2020\/05\/kicilof.jpg?resize=350%2C200 1x, https:\/\/i0.wp.com\/www.24baires.com\/wp-content\/uploads\/2020\/05\/kicilof.jpg?resize=525%2C300 1.5x"},"classes":[]},{"id":78508,"url":"http:\/\/www.24baires.com\/?p=78508","url_meta":{"origin":74425,"position":4},"title":"M\u00e1ximo se reuni\u00f3 con Intendentes bonaerenses en medio de la puja por el PJ","author":"AF","date":"03\/02\/2016","format":false,"excerpt":"Convers\u00f3 sobre la situaci\u00f3n en distintos municipios bonaerenses. A su vez, mantuvo reuniones con legisladores nacionales y referentes de La C\u00e1mpora. En medio de la puja por la conducci\u00f3n del Partido Justicialista (PJ), el diputado nacional M\u00e1ximo Kirchner mantuvo reuniones con intendentes bonaerenses, legisladores nacionales y referentes de La C\u00e1mpora.\u2026","rel":"","context":"En \u00abPol\u00edtica\u00bb","block_context":{"text":"Pol\u00edtica","link":"http:\/\/www.24baires.com\/?cat=51"},"img":{"alt_text":"","src":"https:\/\/i0.wp.com\/www.24baires.com\/wp-content\/uploads\/2016\/02\/m%C3%A1ximo-intendentes.jpg?resize=350%2C200","width":350,"height":200,"srcset":"https:\/\/i0.wp.com\/www.24baires.com\/wp-content\/uploads\/2016\/02\/m%C3%A1ximo-intendentes.jpg?resize=350%2C200 1x, https:\/\/i0.wp.com\/www.24baires.com\/wp-content\/uploads\/2016\/02\/m%C3%A1ximo-intendentes.jpg?resize=525%2C300 1.5x"},"classes":[]},{"id":114242,"url":"http:\/\/www.24baires.com\/?p=114242","url_meta":{"origin":74425,"position":5},"title":"Kicillof se reuni\u00f3 con intendentes del Frente de Todos","author":"AF","date":"28\/02\/2020","format":false,"excerpt":"El Gobernador bonaerense mantuvo un encuentro con jefes comunales de la Tercera Secci\u00f3n Electoral. Para avanzar en la construcci\u00f3n de una agenda en com\u00fan y conformar equipos de trabajo, Axel Kicillof recibi\u00f3 este viernes en La Plata a intendentes e intendentas del Frente de Todos. \u201cComo venimos haciendo desde el\u2026","rel":"","context":"En \u00abProvincia\u00bb","block_context":{"text":"Provincia","link":"http:\/\/www.24baires.com\/?cat=40"},"img":{"alt_text":"","src":"https:\/\/i0.wp.com\/www.24baires.com\/wp-content\/uploads\/2020\/02\/4e70b823aa9969498199c0d0698b57b6.jpg?resize=350%2C200","width":350,"height":200,"srcset":"https:\/\/i0.wp.com\/www.24baires.com\/wp-content\/uploads\/2020\/02\/4e70b823aa9969498199c0d0698b57b6.jpg?resize=350%2C200 1x, https:\/\/i0.wp.com\/www.24baires.com\/wp-content\/uploads\/2020\/02\/4e70b823aa9969498199c0d0698b57b6.jpg?resize=525%2C300 1.5x"},"classes":[]}],"jetpack_sharing_enabled":true,"jetpack_likes_enabled":true,"jetpack_featured_media_url":"","_links":{"self":[{"href":"http:\/\/www.24baires.com\/index.php?rest_route=\/wp\/v2\/posts\/74425","targetHints":{"allow":["GET"]}}],"collection":[{"href":"http:\/\/www.24baires.com\/index.php?rest_route=\/wp\/v2\/posts"}],"about":[{"href":"http:\/\/www.24baires.com\/index.php?rest_route=\/wp\/v2\/types\/post"}],"author":[{"embeddable":true,"href":"http:\/\/www.24baires.com\/index.php?rest_route=\/wp\/v2\/users\/8"}],"replies":[{"embeddable":true,"href":"http:\/\/www.24baires.com\/index.php?rest_route=%2Fwp%2Fv2%2Fcomments&post=74425"}],"version-history":[{"count":1,"href":"http:\/\/www.24baires.com\/index.php?rest_route=\/wp\/v2\/posts\/74425\/revisions"}],"predecessor-version":[{"id":74427,"href":"http:\/\/www.24baires.com\/index.php?rest_route=\/wp\/v2\/posts\/74425\/revisions\/74427"}],"wp:attachment":[{"href":"http:\/\/www.24baires.com\/index.php?rest_route=%2Fwp%2Fv2%2Fmedia&parent=74425"}],"wp:term":[{"taxonomy":"category","embeddable":true,"href":"http:\/\/www.24baires.com\/index.php?rest_route=%2Fwp%2Fv2%2Fcategories&post=74425"},{"taxonomy":"post_tag","embeddable":true,"href":"http:\/\/www.24baires.com\/index.php?rest_route=%2Fwp%2Fv2%2Ftags&post=74425"}],"curies":[{"name":"wp","href":"https:\/\/api.w.org\/{rel}","templated":true}]}}