{"id":74382,"date":"2015-10-30T12:00:13","date_gmt":"2015-10-30T15:00:13","guid":{"rendered":"http:\/\/www.24baires.com\/?p=74382"},"modified":"2015-10-30T11:57:00","modified_gmt":"2015-10-30T14:57:00","slug":"plaini-scioli-es-el-candidato-del-estado-y-macri-del-mercado","status":"publish","type":"post","link":"http:\/\/www.24baires.com\/?p=74382","title":{"rendered":"Plaini: \u00abScioli es el candidato del Estado y Macri del mercado\u00bb"},"content":{"rendered":"<p>El diputado por el bloque Cultura, Educaci\u00f3n y Trabajo y titular del sindicato de vendedores de diarios y revistas, Omar Plaini, consider\u00f3 de cara al balotaje que Daniel Scioli \u00abes el candidato del Estado\u00bb en contraposici\u00f3n a Mauricio Macri que \u00abes el candidato del mercado\u00bb.<!--more--><\/p>\n<p>En declaraciones radiales, Plaini fue determinante en su an\u00e1lisis y sostuvo en referencia a Macri: \u00abEs imposible creerle a un candidato que surge de las entra\u00f1as del propio empresariado y que surge de las entra\u00f1as de un modelo que ya fracas\u00f3 en la Argentina, en Am\u00e9rica latina y me atrever\u00eda a decir en el mundo, que es el modelo del mercado\u00bb.<\/p>\n<p>En ese sentido, el l\u00edder sindical enfatiz\u00f3 que \u00abScioli es claramente un hombre del peronismo, y quienes venimos del peronismo creemos en el rol del Estado en las pol\u00edticas econ\u00f3micas y sociales. Macri es un hombre que responde al otro modelo que confronta que es el mercado, que quede al libre albedr\u00edo del mercado y eso ya lo vivimos y no lo queremos volver a vivir sobre todo los trabajadores y los que menos tienen, eso nos llev\u00f3 a la Argentina del 2001\u00bb.<\/p>\n","protected":false},"excerpt":{"rendered":"<p>El diputado por el bloque Cultura, Educaci\u00f3n y Trabajo y titular del sindicato de vendedores de diarios y revistas, Omar Plaini, consider\u00f3 de cara al balotaje que Daniel Scioli \u00abes el candidato del Estado\u00bb en contraposici\u00f3n a Mauricio Macri que \u00abes el candidato del mercado\u00bb.<\/p>\n","protected":false},"author":4,"featured_media":0,"comment_status":"open","ping_status":"open","sticky":false,"template":"","format":"standard","meta":{"_jetpack_newsletter_access":"","_jetpack_dont_email_post_to_subs":false,"_jetpack_newsletter_tier_id":0,"_jetpack_memberships_contains_paywalled_content":false,"_jetpack_memberships_contains_paid_content":false,"footnotes":""},"categories":[51],"tags":[],"class_list":["post-74382","post","type-post","status-publish","format-standard","hentry","category-politica"],"jetpack_shortlink":"https:\/\/wp.me\/p2JWE0-jlI","jetpack-related-posts":[{"id":111140,"url":"http:\/\/www.24baires.com\/?p=111140","url_meta":{"origin":74382,"position":0},"title":"Sindicalistas respondieron las acusaciones de Macri","author":"AF","date":"11\/07\/2019","format":false,"excerpt":"Pablo Bir\u00f3, Roberto Baradel y Omar Plaini aseguraron que Cambiemos busca debilitar al movimiento obrero para avanzar con la reforma laboral. \"Son los proxenetas de la desdicha de la mayor\u00eda\", asegur\u00f3 Plaini. Los principales dirigentes gremiales salieron a contestarle a Mauricio Macri luego de las agresiones lanzadas en los \u00faltimos\u2026","rel":"","context":"En \u00abSociedad\u00bb","block_context":{"text":"Sociedad","link":"http:\/\/www.24baires.com\/?cat=1"},"img":{"alt_text":"","src":"https:\/\/i0.wp.com\/www.24baires.com\/wp-content\/uploads\/2019\/07\/baradel-biro-plaini.jpg?resize=350%2C200","width":350,"height":200,"srcset":"https:\/\/i0.wp.com\/www.24baires.com\/wp-content\/uploads\/2019\/07\/baradel-biro-plaini.jpg?resize=350%2C200 1x, https:\/\/i0.wp.com\/www.24baires.com\/wp-content\/uploads\/2019\/07\/baradel-biro-plaini.jpg?resize=525%2C300 1.5x"},"classes":[]},{"id":100503,"url":"http:\/\/www.24baires.com\/?p=100503","url_meta":{"origin":74382,"position":1},"title":"Plaini: \u00abEl Gobierno quiere sindicatos d\u00e9biles\u00bb","author":"AF","date":"13\/02\/2018","format":false,"excerpt":"El titular del Sindicato de Canillitas afirm\u00f3 que hay funcionarios nacionales que est\u00e1n presionando a gremialistas para que no participen en la movilizaci\u00f3n convocada por Camioneros para el 21 de febrero. \"La actitud antisindical de este Gobierno qued\u00f3 clara desde el primer d\u00eda de su asunci\u00f3n\", subray\u00f3. El secretario general\u2026","rel":"","context":"En \u00abSociedad\u00bb","block_context":{"text":"Sociedad","link":"http:\/\/www.24baires.com\/?cat=1"},"img":{"alt_text":"","src":"https:\/\/i0.wp.com\/www.24baires.com\/wp-content\/uploads\/2016\/05\/plaini.jpg?resize=350%2C200","width":350,"height":200,"srcset":"https:\/\/i0.wp.com\/www.24baires.com\/wp-content\/uploads\/2016\/05\/plaini.jpg?resize=350%2C200 1x, https:\/\/i0.wp.com\/www.24baires.com\/wp-content\/uploads\/2016\/05\/plaini.jpg?resize=525%2C300 1.5x"},"classes":[]},{"id":31179,"url":"http:\/\/www.24baires.com\/?p=31179","url_meta":{"origin":74382,"position":2},"title":"\u00abClar\u00edn monopoliza la agenda y tiene un candidato preferido\u00bb, asegur\u00f3 Plaini","author":"AF","date":"02\/09\/2013","format":false,"excerpt":"El secretario general del sindicato de Canillitas, Omar Plaini, carg\u00f3 contra el Grupo Clar\u00edn y afirm\u00f3 que tiene \"un candidato\". En ese marco, el candidato a diputado por el Frente Uni\u00f3n por la Libertad y el Trabajo sostuvo que \"el compromiso de Hugo Moyano con Francisco De Narv\u00e1ez sigue vigente\",\u2026","rel":"","context":"En \u00abMedios\u00bb","block_context":{"text":"Medios","link":"http:\/\/www.24baires.com\/?cat=54"},"img":{"alt_text":"","src":"","width":0,"height":0},"classes":[]},{"id":111875,"url":"http:\/\/www.24baires.com\/?p=111875","url_meta":{"origin":74382,"position":3},"title":"Cristina en La Plata: \u00abNo es de buen ser humano subir el d\u00f3lar porque no te votaron\u00bb","author":"AF","date":"31\/08\/2019","format":false,"excerpt":"La candidata a vicepresidenta por Frente de Todos apunt\u00f3 contra las medidas del gobierno de Mauricio Macri y el accionar de los medios en una charla en la Facultad de Periodismo y Comunicaci\u00f3n Social de la Universidad Nacional. Cristina Fern\u00e1ndez de Kirchner se encuentra en La Plata, su ciudad natal,\u2026","rel":"","context":"En \u00abPol\u00edtica\u00bb","block_context":{"text":"Pol\u00edtica","link":"http:\/\/www.24baires.com\/?cat=51"},"img":{"alt_text":"","src":"https:\/\/i0.wp.com\/www.24baires.com\/wp-content\/uploads\/2019\/08\/cristina-LP.jpg?resize=350%2C200","width":350,"height":200,"srcset":"https:\/\/i0.wp.com\/www.24baires.com\/wp-content\/uploads\/2019\/08\/cristina-LP.jpg?resize=350%2C200 1x, https:\/\/i0.wp.com\/www.24baires.com\/wp-content\/uploads\/2019\/08\/cristina-LP.jpg?resize=525%2C300 1.5x"},"classes":[]},{"id":105261,"url":"http:\/\/www.24baires.com\/?p=105261","url_meta":{"origin":74382,"position":4},"title":"Monz\u00f3 anticip\u00f3 que no renovar\u00e1 su banca de Cambiemos","author":"AF","date":"02\/11\/2018","format":false,"excerpt":"Los colaboradores del titular de Diputados reconocieron que es una decisi\u00f3n que tom\u00f3 hace ya tiempo. En cuanto a su posible alejamiento de Cambiemos dijeron que se trata de especulaciones pol\u00edticas pero no la negaron. Esta vez no es un amague. En el entorno de Emilio Monz\u00f3 confirmaron la versi\u00f3n\u2026","rel":"","context":"En \u00abPol\u00edtica\u00bb","block_context":{"text":"Pol\u00edtica","link":"http:\/\/www.24baires.com\/?cat=51"},"img":{"alt_text":"","src":"https:\/\/i0.wp.com\/www.24baires.com\/wp-content\/uploads\/2018\/11\/monz%C3%B3.jpg?resize=350%2C200","width":350,"height":200,"srcset":"https:\/\/i0.wp.com\/www.24baires.com\/wp-content\/uploads\/2018\/11\/monz%C3%B3.jpg?resize=350%2C200 1x, https:\/\/i0.wp.com\/www.24baires.com\/wp-content\/uploads\/2018\/11\/monz%C3%B3.jpg?resize=525%2C300 1.5x"},"classes":[]},{"id":110959,"url":"http:\/\/www.24baires.com\/?p=110959","url_meta":{"origin":74382,"position":5},"title":"Alberto Fern\u00e1ndez critic\u00f3 las pol\u00edticas neoliberales de Macri","author":"AF","date":"26\/06\/2019","format":false,"excerpt":"El candidato presidencial del Frente de Tod@s dijo: \u201cDejen de confiar en la teor\u00eda liberal y dense cuenta de lo que pasa cuando los liberales se hacen cargo\u201d, en un acto del Sindicato de Bancarios. El candidato opositor del Frente de Tod@s, Alberto Fern\u00e1ndez, culp\u00f3 a las pol\u00edticas neoliberales del\u2026","rel":"","context":"En \u00abPol\u00edtica\u00bb","block_context":{"text":"Pol\u00edtica","link":"http:\/\/www.24baires.com\/?cat=51"},"img":{"alt_text":"","src":"https:\/\/i0.wp.com\/www.24baires.com\/wp-content\/uploads\/2019\/06\/alberto-fernandez.jpg?resize=350%2C200","width":350,"height":200,"srcset":"https:\/\/i0.wp.com\/www.24baires.com\/wp-content\/uploads\/2019\/06\/alberto-fernandez.jpg?resize=350%2C200 1x, https:\/\/i0.wp.com\/www.24baires.com\/wp-content\/uploads\/2019\/06\/alberto-fernandez.jpg?resize=525%2C300 1.5x"},"classes":[]}],"jetpack_sharing_enabled":true,"jetpack_likes_enabled":true,"jetpack_featured_media_url":"","_links":{"self":[{"href":"http:\/\/www.24baires.com\/index.php?rest_route=\/wp\/v2\/posts\/74382","targetHints":{"allow":["GET"]}}],"collection":[{"href":"http:\/\/www.24baires.com\/index.php?rest_route=\/wp\/v2\/posts"}],"about":[{"href":"http:\/\/www.24baires.com\/index.php?rest_route=\/wp\/v2\/types\/post"}],"author":[{"embeddable":true,"href":"http:\/\/www.24baires.com\/index.php?rest_route=\/wp\/v2\/users\/4"}],"replies":[{"embeddable":true,"href":"http:\/\/www.24baires.com\/index.php?rest_route=%2Fwp%2Fv2%2Fcomments&post=74382"}],"version-history":[{"count":1,"href":"http:\/\/www.24baires.com\/index.php?rest_route=\/wp\/v2\/posts\/74382\/revisions"}],"predecessor-version":[{"id":74383,"href":"http:\/\/www.24baires.com\/index.php?rest_route=\/wp\/v2\/posts\/74382\/revisions\/74383"}],"wp:attachment":[{"href":"http:\/\/www.24baires.com\/index.php?rest_route=%2Fwp%2Fv2%2Fmedia&parent=74382"}],"wp:term":[{"taxonomy":"category","embeddable":true,"href":"http:\/\/www.24baires.com\/index.php?rest_route=%2Fwp%2Fv2%2Fcategories&post=74382"},{"taxonomy":"post_tag","embeddable":true,"href":"http:\/\/www.24baires.com\/index.php?rest_route=%2Fwp%2Fv2%2Ftags&post=74382"}],"curies":[{"name":"wp","href":"https:\/\/api.w.org\/{rel}","templated":true}]}}