{"id":74359,"date":"2015-10-29T20:05:45","date_gmt":"2015-10-29T23:05:45","guid":{"rendered":"http:\/\/www.24baires.com\/?p=74359"},"modified":"2015-10-30T11:22:09","modified_gmt":"2015-10-30T14:22:09","slug":"vamos-a-ir-al-balotaje-porque-somos-una-fuerza-democratica","status":"publish","type":"post","link":"http:\/\/www.24baires.com\/?p=74359","title":{"rendered":"Cristina Kirchner cuestion\u00f3 a Macri: \u00abQue nadie se disfrace de lo que no es\u00bb"},"content":{"rendered":"<p><img data-recalc-dims=\"1\" loading=\"lazy\" decoding=\"async\" src=\"https:\/\/i0.wp.com\/www.24baires.com\/wp-content\/uploads\/2015\/10\/crid.jpg?resize=560%2C313\" alt=\"crid\" width=\"560\" height=\"313\" class=\"aligncenter size-full wp-image-74361\" srcset=\"https:\/\/i0.wp.com\/www.24baires.com\/wp-content\/uploads\/2015\/10\/crid.jpg?w=560 560w, https:\/\/i0.wp.com\/www.24baires.com\/wp-content\/uploads\/2015\/10\/crid.jpg?resize=300%2C168 300w\" sizes=\"auto, (max-width: 560px) 100vw, 560px\" \/>La Presidenta se mostr\u00f3 en contra del voto electr\u00f3nico, dijo que \u00absiempre\u00bb respetar\u00e1 \u00abla voluntad popular, cualquiera sea el resultado\u00bb, felicit\u00f3 a Mar\u00eda Eugenia Vidal y pidi\u00f3 \u00abdiscutir y debatir un modelo de pa\u00eds\u00bb. \u00abNo todos somos iguales dentro de una fuerza pol\u00edtica pero vamos a llevar las mismas pol\u00edticas\u00bb, subray\u00f3.<!--more--><\/p>\n<p>La presidenta Cristina Kirchner carg\u00f3 esta noche duramente contra la oposici\u00f3n al se\u00f1alar que le resulta \u00abcurioso\u00bb que cuando los resultados electorales les son favorables, \u00abcomo por arte de magia desaparecen todas las denuncias\u00bb de fraude.<br \/>\nNota Relacionada: Vot\u00f3 Cristina: \u00abCumplimos con la promesa de Kirchner de dejar un pa\u00eds normal\u00bb<br \/>\n\u00abQu\u00e9 curioso que cuando los resultados son mejores que los esperados, como por arte de magia desaparecen todas las denuncias. Quiere decir que no hab\u00eda ning\u00fan problema de fraude. Lo que hab\u00eda era temor de no alcanzar la voluntad popular\u00bb, expres\u00f3 la jefa de Estado en su mensaje desde la Casa Rosada.<br \/>\n\u00abQue no me vengan a dar lecciones de democracia los que se juntaban con genocidas y se callaban en la dictadura\u00bb, protest\u00f3 la mandataria.<br \/>\nEn un encendido discurso, ratific\u00f3 en medio de las especulaciones que el Frente para la Victoria va \u00aba ir al balotaje\u00bb porque es \u00abuna fuerza democr\u00e1tica\u00bb, al tiempo que apunt\u00f3 al postulante de Cambiemos Mauricio Macri porque ahora \u00abest\u00e1 de acuerdo con todo, cuando meses atr\u00e1s estaba en desacuerdo con todo\u00bb. \u00abVamos a ir al balotaje porque somos una fuerza democr\u00e1tica\u00bb.<\/p>\n","protected":false},"excerpt":{"rendered":"<p>La Presidenta se mostr\u00f3 en contra del voto electr\u00f3nico, dijo que \u00absiempre\u00bb respetar\u00e1 \u00abla voluntad popular, cualquiera sea el resultado\u00bb, felicit\u00f3 a Mar\u00eda Eugenia Vidal y pidi\u00f3 \u00abdiscutir y debatir un modelo de pa\u00eds\u00bb. \u00abNo todos somos iguales dentro de una fuerza pol\u00edtica pero vamos a llevar las mismas pol\u00edticas\u00bb, subray\u00f3.<\/p>\n","protected":false},"author":8,"featured_media":0,"comment_status":"open","ping_status":"open","sticky":false,"template":"","format":"standard","meta":{"_jetpack_newsletter_access":"","_jetpack_dont_email_post_to_subs":false,"_jetpack_newsletter_tier_id":0,"_jetpack_memberships_contains_paywalled_content":false,"_jetpack_memberships_contains_paid_content":false,"footnotes":""},"categories":[51],"tags":[],"class_list":["post-74359","post","type-post","status-publish","format-standard","hentry","category-politica"],"jetpack_shortlink":"https:\/\/wp.me\/p2JWE0-jll","jetpack-related-posts":[{"id":112689,"url":"http:\/\/www.24baires.com\/?p=112689","url_meta":{"origin":74359,"position":0},"title":"Vot\u00f3 Alberto y record\u00f3 a N\u00e9stor: \u201cestoy seguro que me est\u00e1 ayudando\u00bb","author":"GB","date":"27\/10\/2019","format":false,"excerpt":"El candidato a presidente del Frente de Todos emitir\u00e1 su voto en la mesa 68 de la Universidad Cat\u00f3lica Argentina (UCA), en Puerto Madero. En la previa, record\u00f3 a N\u00e9stor Kirchner al cumplirse nueve a\u00f1os de su fallecimiento. El candidato a presidente del Frente de Todos, Alberto Fern\u00e1ndez, emiti\u00f3 su\u2026","rel":"","context":"En \u00abELECCIONES 2019\u00bb","block_context":{"text":"ELECCIONES 2019","link":"http:\/\/www.24baires.com\/?cat=329"},"img":{"alt_text":"","src":"https:\/\/i0.wp.com\/www.24baires.com\/wp-content\/uploads\/2019\/10\/alberto.jpg?resize=350%2C200","width":350,"height":200,"srcset":"https:\/\/i0.wp.com\/www.24baires.com\/wp-content\/uploads\/2019\/10\/alberto.jpg?resize=350%2C200 1x, https:\/\/i0.wp.com\/www.24baires.com\/wp-content\/uploads\/2019\/10\/alberto.jpg?resize=525%2C300 1.5x"},"classes":[]},{"id":121799,"url":"http:\/\/www.24baires.com\/?p=121799","url_meta":{"origin":74359,"position":1},"title":"Cristina obtuvo la presidencia del PJ","author":"GB","date":"06\/11\/2024","format":false,"excerpt":"La Junta Electoral del PJ proclam\u00f3 la lista \"Primero la Patria\", liderada por Cristina Kirchner, con 13 votos a favor y uno en disidencia. La Junta Electoral del Partido Justicialista oficializ\u00f3 la lista \u201cPrimero la Patria\u201d, encabezada por la ex presidenta y actual vicepresidenta, Cristina Kirchner. En una resoluci\u00f3n tomada\u2026","rel":"","context":"En \u00abPol\u00edtica\u00bb","block_context":{"text":"Pol\u00edtica","link":"http:\/\/www.24baires.com\/?cat=51"},"img":{"alt_text":"","src":"https:\/\/i0.wp.com\/www.24baires.com\/wp-content\/uploads\/2024\/11\/cristina-pj.webp?resize=350%2C200","width":350,"height":200,"srcset":"https:\/\/i0.wp.com\/www.24baires.com\/wp-content\/uploads\/2024\/11\/cristina-pj.webp?resize=350%2C200 1x, https:\/\/i0.wp.com\/www.24baires.com\/wp-content\/uploads\/2024\/11\/cristina-pj.webp?resize=525%2C300 1.5x, https:\/\/i0.wp.com\/www.24baires.com\/wp-content\/uploads\/2024\/11\/cristina-pj.webp?resize=700%2C400 2x"},"classes":[]},{"id":111875,"url":"http:\/\/www.24baires.com\/?p=111875","url_meta":{"origin":74359,"position":2},"title":"Cristina en La Plata: \u00abNo es de buen ser humano subir el d\u00f3lar porque no te votaron\u00bb","author":"AF","date":"31\/08\/2019","format":false,"excerpt":"La candidata a vicepresidenta por Frente de Todos apunt\u00f3 contra las medidas del gobierno de Mauricio Macri y el accionar de los medios en una charla en la Facultad de Periodismo y Comunicaci\u00f3n Social de la Universidad Nacional. Cristina Fern\u00e1ndez de Kirchner se encuentra en La Plata, su ciudad natal,\u2026","rel":"","context":"En \u00abPol\u00edtica\u00bb","block_context":{"text":"Pol\u00edtica","link":"http:\/\/www.24baires.com\/?cat=51"},"img":{"alt_text":"","src":"https:\/\/i0.wp.com\/www.24baires.com\/wp-content\/uploads\/2019\/08\/cristina-LP.jpg?resize=350%2C200","width":350,"height":200,"srcset":"https:\/\/i0.wp.com\/www.24baires.com\/wp-content\/uploads\/2019\/08\/cristina-LP.jpg?resize=350%2C200 1x, https:\/\/i0.wp.com\/www.24baires.com\/wp-content\/uploads\/2019\/08\/cristina-LP.jpg?resize=525%2C300 1.5x"},"classes":[]},{"id":116881,"url":"http:\/\/www.24baires.com\/?p=116881","url_meta":{"origin":74359,"position":3},"title":"AFIP denunci\u00f3 \u00abhostigamiento fiscal\u00bb contra Cristina Kirchner durante el gobierno macrista","author":"AF","date":"14\/12\/2020","format":false,"excerpt":"Se trata de una ampliaci\u00f3n de la denuncia realizada a principios de febrero, tras el resultado de dos auditor\u00edas internas que realiz\u00f3 el organismo fiscal. La titular de la Administraci\u00f3n Federal de Ingresos P\u00fablicos (AFIP), Mercedes Marc\u00f3 del Pont, ampli\u00f3 la denuncia por \"hostigamiento fiscal\" a la vicepresidenta Cristina Kirchner\u2026","rel":"","context":"En \u00abPol\u00edtica\u00bb","block_context":{"text":"Pol\u00edtica","link":"http:\/\/www.24baires.com\/?cat=51"},"img":{"alt_text":"","src":"https:\/\/i0.wp.com\/www.24baires.com\/wp-content\/uploads\/2019\/12\/cristina-plaza.jpg?resize=350%2C200","width":350,"height":200,"srcset":"https:\/\/i0.wp.com\/www.24baires.com\/wp-content\/uploads\/2019\/12\/cristina-plaza.jpg?resize=350%2C200 1x, https:\/\/i0.wp.com\/www.24baires.com\/wp-content\/uploads\/2019\/12\/cristina-plaza.jpg?resize=525%2C300 1.5x"},"classes":[]},{"id":114381,"url":"http:\/\/www.24baires.com\/?p=114381","url_meta":{"origin":74359,"position":4},"title":"Cristina cruz\u00f3 a los senadores que leyeron sus discursos","author":"AF","date":"12\/03\/2020","format":false,"excerpt":"Las acusaciones y denuncias cruzadas que inauguraron el debate sobre el proyecto de intervenci\u00f3n del Poder Judicial de Jujuy en la Comisi\u00f3n de Asuntos Constitucionales del Senado se trasladaron esta tarde al recinto de la C\u00e1mara alta en la previa del debate sobre jubilaciones de privilegio. La presidenta del cuerpo\u2026","rel":"","context":"En \u00abPol\u00edtica\u00bb","block_context":{"text":"Pol\u00edtica","link":"http:\/\/www.24baires.com\/?cat=51"},"img":{"alt_text":"","src":"https:\/\/i0.wp.com\/www.24baires.com\/wp-content\/uploads\/2019\/08\/cristina-LP.jpg?resize=350%2C200","width":350,"height":200,"srcset":"https:\/\/i0.wp.com\/www.24baires.com\/wp-content\/uploads\/2019\/08\/cristina-LP.jpg?resize=350%2C200 1x, https:\/\/i0.wp.com\/www.24baires.com\/wp-content\/uploads\/2019\/08\/cristina-LP.jpg?resize=525%2C300 1.5x"},"classes":[]},{"id":112084,"url":"http:\/\/www.24baires.com\/?p=112084","url_meta":{"origin":74359,"position":5},"title":"\u00abEl pueblo argentino tiene que recuperar el derecho a ser feliz\u00bb","author":"AF","date":"15\/09\/2019","format":false,"excerpt":"\u201cHay alg\u00fan torcedor de Racing, del equipo de Kirchner\u201d, pregunta Lula apenas ingresa a la sala donde se realiz\u00f3 la entrevista. La amistad construida con los Kirchner siempre aparece en los encuentros con el ex presidente brasile\u00f1o. La afinidad entre presidentes fue un elemento que potenci\u00f3 la agenda de integraci\u00f3n.\u2026","rel":"","context":"En \u00abPol\u00edtica\u00bb","block_context":{"text":"Pol\u00edtica","link":"http:\/\/www.24baires.com\/?cat=51"},"img":{"alt_text":"","src":"https:\/\/i0.wp.com\/www.24baires.com\/wp-content\/uploads\/2018\/04\/lula-2.jpg?resize=350%2C200","width":350,"height":200,"srcset":"https:\/\/i0.wp.com\/www.24baires.com\/wp-content\/uploads\/2018\/04\/lula-2.jpg?resize=350%2C200 1x, https:\/\/i0.wp.com\/www.24baires.com\/wp-content\/uploads\/2018\/04\/lula-2.jpg?resize=525%2C300 1.5x"},"classes":[]}],"jetpack_sharing_enabled":true,"jetpack_likes_enabled":true,"jetpack_featured_media_url":"","_links":{"self":[{"href":"http:\/\/www.24baires.com\/index.php?rest_route=\/wp\/v2\/posts\/74359","targetHints":{"allow":["GET"]}}],"collection":[{"href":"http:\/\/www.24baires.com\/index.php?rest_route=\/wp\/v2\/posts"}],"about":[{"href":"http:\/\/www.24baires.com\/index.php?rest_route=\/wp\/v2\/types\/post"}],"author":[{"embeddable":true,"href":"http:\/\/www.24baires.com\/index.php?rest_route=\/wp\/v2\/users\/8"}],"replies":[{"embeddable":true,"href":"http:\/\/www.24baires.com\/index.php?rest_route=%2Fwp%2Fv2%2Fcomments&post=74359"}],"version-history":[{"count":3,"href":"http:\/\/www.24baires.com\/index.php?rest_route=\/wp\/v2\/posts\/74359\/revisions"}],"predecessor-version":[{"id":74365,"href":"http:\/\/www.24baires.com\/index.php?rest_route=\/wp\/v2\/posts\/74359\/revisions\/74365"}],"wp:attachment":[{"href":"http:\/\/www.24baires.com\/index.php?rest_route=%2Fwp%2Fv2%2Fmedia&parent=74359"}],"wp:term":[{"taxonomy":"category","embeddable":true,"href":"http:\/\/www.24baires.com\/index.php?rest_route=%2Fwp%2Fv2%2Fcategories&post=74359"},{"taxonomy":"post_tag","embeddable":true,"href":"http:\/\/www.24baires.com\/index.php?rest_route=%2Fwp%2Fv2%2Ftags&post=74359"}],"curies":[{"name":"wp","href":"https:\/\/api.w.org\/{rel}","templated":true}]}}