{"id":74328,"date":"2015-10-29T12:00:18","date_gmt":"2015-10-29T15:00:18","guid":{"rendered":"http:\/\/www.24baires.com\/?p=74328"},"modified":"2015-10-30T11:21:58","modified_gmt":"2015-10-30T14:21:58","slug":"cristina-encabezara-esta-tarde-un-acto-en-casa-de-gobierno","status":"publish","type":"post","link":"http:\/\/www.24baires.com\/?p=74328","title":{"rendered":"Cristina encabezar\u00e1 esta tarde un acto en Casa de Gobierno"},"content":{"rendered":"<p><img data-recalc-dims=\"1\" loading=\"lazy\" decoding=\"async\" class=\"aligncenter size-full wp-image-70904\" src=\"https:\/\/i0.wp.com\/www.24baires.com\/wp-content\/uploads\/2015\/08\/cristina-cadena.jpg?resize=560%2C313\" alt=\"cristina cadena\" width=\"560\" height=\"313\" srcset=\"https:\/\/i0.wp.com\/www.24baires.com\/wp-content\/uploads\/2015\/08\/cristina-cadena.jpg?w=560 560w, https:\/\/i0.wp.com\/www.24baires.com\/wp-content\/uploads\/2015\/08\/cristina-cadena.jpg?resize=300%2C168 300w\" sizes=\"auto, (max-width: 560px) 100vw, 560px\" \/>La ceremonia se llevar\u00e1 a cabo a partir de las 18 en el Sal\u00f3n de las Mujeres del Bicentenario de la Casa de Gobierno, y ser\u00e1 la primera aparici\u00f3n p\u00fablica de Cristina tras los comicios del domingo pasado.<!--more--><\/p>\n<p>Cristina Fern\u00e1ndez de Kirchner encabezar\u00e1 el acto de presentaci\u00f3n del proyecto bosques nativos y comunidad, y tras la entrega de certificados de cr\u00e9ditos de los programas Pymes y Fondear, dejar\u00e1 inaugurado el nuevo edificio del Centro de Investigaciones y Desarrollo en Inmunolog\u00eda y Enfermedades Infecciosas (CIDIE), dependiente de la Universidad Cat\u00f3lica de C\u00f3rdoba y mantendr\u00e1 otras tres videoconferencias, seg\u00fan se indic\u00f3.<\/p>\n<p>La ceremonia se llevar\u00e1 a cabo a partir de las 18 en el Sal\u00f3n de las Mujeres del Bicentenario de la Casa de Gobierno, y ser\u00e1 la primera aparici\u00f3n p\u00fablica de la Presidenta tras los comicios del domingo pasado.<\/p>\n<p>Asistir\u00e1n integrantes del gabinete nacional, gobernadores provinciales y otras autoridades, as\u00ed como representantes del comercio, la industria, la producci\u00f3n y dirigentes pol\u00edticos, gremiales y sociales.<\/p>\n<p>El proyecto de bosques nativos y comunidad tendr\u00e1 un impacto social y econ\u00f3mico en los peque\u00f1os productores de las provincias del norte del pa\u00eds y apunta a financiar el aprovechamiento sustentable de los bosques nativos y a mejorar el acceso a los mercados de los productos de este sector de la econom\u00eda social.<\/p>\n<p>Se indic\u00f3 que la entrega de certificados de cr\u00e9ditos de programas pymes y Fondear tienen como objetivo facilitar el acceso al financiamiento para proyectos que promuevan la inversi\u00f3n en sectores estrat\u00e9gicos para el desarrollo econ\u00f3mico y social del pa\u00eds, as\u00ed como la puesta en marcha de actividades con elevado contenido tecnol\u00f3gico y la generaci\u00f3n de mayor valor agregado en las econom\u00edas regionales.<\/p>\n<p>Luego, la jefa de Estado a trav\u00e9s de una videoconferencia con \u00e9l presidente del Consejo Nacional de Investigaciones Cient\u00edficas y T\u00e9cnicas (Conicet), Roberto Salvarezza y con el rector de la universidad Cat\u00f3lica de C\u00f3rdoba, Alfonso G\u00f3mez, dejar\u00e1 inaugurado el nuevo edificio del Centro de Investigaciones y Desarrollo en Inmunolog\u00eda y Enfermedades Infecciosas (CIDIE), dependiente de la casa de altos estudios.<\/p>\n<p>El nuevo edificio se encuentra en el predio del Campus de la Universidad y es un instituto de doble dependencia entre el Conicet y la Universidad Cat\u00f3lica de C\u00f3rdoba y la obra constituy\u00f3 una acci\u00f3n conjunta entre ambas instituciones, que cuenta con 760 metros cuadrados de oficinas y laboratorios con equipamiento de \u00faltima generaci\u00f3n y se enfoca en el desarrollo de la ciencia b\u00e1sica de alta calidad.<\/p>\n<p>La inversi\u00f3n total fue de $ 6.215.000, de los cuales el Conicet aport\u00f3 $3.800.000 y la UCC $2.415.000, adem\u00e1s del predio y parte del edificio.<\/p>\n<p>Despu\u00e9s mantendr\u00e1 una segunda videoconferencia con directivos de la empresa IPH SAICF, de San Miguel, fabricantes de cables de acero, que ampli\u00f3 su planta a trav\u00e9s de recursos propio y de un cr\u00e9dito del Bicentenario, que hoy constituye un modelo referente en Latinoam\u00e9rica, consolidando su liderazgo en tecnolog\u00eda, recursos humanos altamente capacitados y un sistema de calidad bajo par\u00e1metros internacionales.<\/p>\n<p>La tercera videoconferencia de la Presidenta dejar\u00e1 habilitadas las obras de restauraci\u00f3n y puesta en valor del museo Ambato, ubicado en Villa Ed\u00e9n, en La Falda, C\u00f3rdoba.<\/p>\n<p>Por \u00faltimo, Cristina Fern\u00e1ndez de Kirchner, a trav\u00e9s de una videoconferencia, dejar\u00e1 inaugurado el Archivo Hist\u00f3rico de radio Nacional y la TV P\u00fablica, que contiene m\u00e1s de 80 mil soportes audiovisuales y sonoros.<\/p>\n<p>Se trata de piezas por mucho tiempo relegadas, que permiten observar desde la perspectiva del Estado distintos momentos de la experiencia social, cultural y pol\u00edtica.<\/p>\n","protected":false},"excerpt":{"rendered":"<p>La ceremonia se llevar\u00e1 a cabo a partir de las 18 en el Sal\u00f3n de las Mujeres del Bicentenario de la Casa de Gobierno, y ser\u00e1 la primera aparici\u00f3n p\u00fablica de Cristina tras los comicios del domingo pasado.<\/p>\n","protected":false},"author":4,"featured_media":0,"comment_status":"open","ping_status":"open","sticky":false,"template":"","format":"standard","meta":{"_jetpack_newsletter_access":"","_jetpack_dont_email_post_to_subs":false,"_jetpack_newsletter_tier_id":0,"_jetpack_memberships_contains_paywalled_content":false,"_jetpack_memberships_contains_paid_content":false,"footnotes":""},"categories":[51],"tags":[],"class_list":["post-74328","post","type-post","status-publish","format-standard","hentry","category-politica"],"jetpack_shortlink":"https:\/\/wp.me\/p2JWE0-jkQ","jetpack-related-posts":[{"id":44881,"url":"http:\/\/www.24baires.com\/?p=44881","url_meta":{"origin":74328,"position":0},"title":"Cristina encabezar\u00e1 un acto de firma de convenios con provincias","author":"AF","date":"28\/04\/2014","format":false,"excerpt":"Se trata de acuerdos de reestructuraci\u00f3n de la deuda p\u00fablica, de servicios de capital e intereses. La ceremonia se llevar\u00e1 a cabo a partir de las 18, en el Sal\u00f3n de las Mujeres Argentinas del Bicentenario. Cristina Fern\u00e1ndez de Kirchner encabezar\u00e1 esta tarde el acto de firma de convenios de\u2026","rel":"","context":"En \u00abPol\u00edtica\u00bb","block_context":{"text":"Pol\u00edtica","link":"http:\/\/www.24baires.com\/?cat=51"},"img":{"alt_text":"cristina saqueos","src":"https:\/\/i0.wp.com\/www.24baires.com\/wp-content\/uploads\/2013\/12\/cristina-saqueos.jpg?resize=350%2C200","width":350,"height":200,"srcset":"https:\/\/i0.wp.com\/www.24baires.com\/wp-content\/uploads\/2013\/12\/cristina-saqueos.jpg?resize=350%2C200 1x, https:\/\/i0.wp.com\/www.24baires.com\/wp-content\/uploads\/2013\/12\/cristina-saqueos.jpg?resize=525%2C300 1.5x"},"classes":[]},{"id":58808,"url":"http:\/\/www.24baires.com\/?p=58808","url_meta":{"origin":74328,"position":1},"title":"Cristina le tomar\u00e1 juramento a An\u00edbal Fern\u00e1ndez y encabezar\u00e1 dos actos","author":"AF","date":"18\/12\/2014","format":false,"excerpt":"La presidenta Cristina Fern\u00e1ndez de Kirchner le tomar\u00e1 juramento al senador nacional An\u00edbal Fern\u00e1ndez como secretario General de la Presidencia, encabezar\u00e1 el acto de ascenso de las fuerzas de seguridad nacionales y mantendr\u00e1 una videoconferencia desde la Casa de Gobierno. Cristina regres\u00f3 desde Paran\u00e1, Entre R\u00edos, donde particip\u00f3 de la\u2026","rel":"","context":"En \u00abPol\u00edtica\u00bb","block_context":{"text":"Pol\u00edtica","link":"http:\/\/www.24baires.com\/?cat=51"},"img":{"alt_text":"cristina ONU","src":"https:\/\/i0.wp.com\/www.24baires.com\/wp-content\/uploads\/2014\/09\/cristina-ONU.jpg?resize=350%2C200","width":350,"height":200,"srcset":"https:\/\/i0.wp.com\/www.24baires.com\/wp-content\/uploads\/2014\/09\/cristina-ONU.jpg?resize=350%2C200 1x, https:\/\/i0.wp.com\/www.24baires.com\/wp-content\/uploads\/2014\/09\/cristina-ONU.jpg?resize=525%2C300 1.5x"},"classes":[]},{"id":13832,"url":"http:\/\/www.24baires.com\/?p=13832","url_meta":{"origin":74328,"position":2},"title":"La Presidenta recibe al titular de Telecom Italia y al director de la OIT","author":"AF","date":"28\/01\/2013","format":false,"excerpt":"La Presidenta se reunir\u00e1 con directivos del Grupo Telecom de Italia; el director general de la Organizaci\u00f3n Internacional del Trabajo (OIT), Guy Ryder, y encabezar\u00e1 un acto en el Sal\u00f3n de las Mujeres del Bicentenario. Seg\u00fan se inform\u00f3 oficialmente en la Casa de Gobierno, la Jefa de Estado recibir\u00e1 a\u2026","rel":"","context":"En \u00abPol\u00edtica\u00bb","block_context":{"text":"Pol\u00edtica","link":"http:\/\/www.24baires.com\/?cat=51"},"img":{"alt_text":"cristina sill\u00f3n","src":"https:\/\/i0.wp.com\/www.24baires.com\/wp-content\/uploads\/2013\/01\/cristina-sill%C3%B3n-300x200.jpg?resize=350%2C200","width":350,"height":200},"classes":[]},{"id":58864,"url":"http:\/\/www.24baires.com\/?p=58864","url_meta":{"origin":74328,"position":3},"title":"An\u00edbal Fern\u00e1ndez ya es el nuevo Secretario General de la Presidencia","author":"Grupo Sierra","date":"18\/12\/2014","format":false,"excerpt":"La presidenta Cristina Fern\u00e1ndez de Kirchner lo puso en funciones en reemplazo de Oscar Parrilli. La presidenta Cristina Fern\u00e1ndez de Kirchner puso en funciones esta noche al nuevo secretario General de la Presidencia, An\u00edbal Fern\u00e1ndez, luego de encabezar la tradicional ceremonia de ascensos de oficiales superiores de las fuerzas de\u2026","rel":"","context":"En \u00abPol\u00edtica\u00bb","block_context":{"text":"Pol\u00edtica","link":"http:\/\/www.24baires.com\/?cat=51"},"img":{"alt_text":"fern\u00e1ndez an\u00edbal","src":"https:\/\/i0.wp.com\/www.24baires.com\/wp-content\/uploads\/2012\/11\/fern%C3%A1ndez-an%C3%ADbal.jpg?resize=350%2C200","width":350,"height":200,"srcset":"https:\/\/i0.wp.com\/www.24baires.com\/wp-content\/uploads\/2012\/11\/fern%C3%A1ndez-an%C3%ADbal.jpg?resize=350%2C200 1x, https:\/\/i0.wp.com\/www.24baires.com\/wp-content\/uploads\/2012\/11\/fern%C3%A1ndez-an%C3%ADbal.jpg?resize=525%2C300 1.5x"},"classes":[]},{"id":20735,"url":"http:\/\/www.24baires.com\/?p=20735","url_meta":{"origin":74328,"position":4},"title":"Cristina promulgar\u00e1 leyes sobre personal dom\u00e9stico y contra el trabajo infantil","author":"AF","date":"11\/04\/2013","format":false,"excerpt":"Cristina Fern\u00e1ndez de Kirchner encabezar\u00e1 el acto de promulgaci\u00f3n de las leyes de R\u00e9gimen de contrato de trabajo para el Personal de Casas Particulares y la que castiga a quienes promueven el trabajo de menores de edad. El acto comenzar\u00e1 a las 18 en el Sal\u00f3n de las Mujeres del\u2026","rel":"","context":"En \u00abPol\u00edtica\u00bb","block_context":{"text":"Pol\u00edtica","link":"http:\/\/www.24baires.com\/?cat=51"},"img":{"alt_text":"cristina2","src":"https:\/\/i0.wp.com\/www.24baires.com\/wp-content\/uploads\/2013\/03\/cristina2.jpg?resize=350%2C200","width":350,"height":200},"classes":[]},{"id":11772,"url":"http:\/\/www.24baires.com\/?p=11772","url_meta":{"origin":74328,"position":5},"title":"Cristina anunci\u00f3 un plan para renovar 409 vagones de las l\u00edneas Mitre y Sarmiento","author":"Grupo Sierra","date":"10\/01\/2013","format":false,"excerpt":"La medida anunciada por la presidenta Cristina Fern\u00e1ndez de Kirchner en un acto en la Casa de Gobierno beneficia a m\u00e1s de ocho millones de argentinos que utilizan las formaciones. La Presidenta se\u00f1al\u00f3 que \"m\u00e1s de ocho millones de argentinos viajan en estas formaciones\" y revel\u00f3 que se realizar\u00e1n \u201c62\u2026","rel":"","context":"En \u00abPol\u00edtica\u00bb","block_context":{"text":"Pol\u00edtica","link":"http:\/\/www.24baires.com\/?cat=51"},"img":{"alt_text":"","src":"https:\/\/i0.wp.com\/www.24baires.com\/wp-content\/uploads\/2013\/01\/cristina_vagones.jpg?resize=350%2C200","width":350,"height":200,"srcset":"https:\/\/i0.wp.com\/www.24baires.com\/wp-content\/uploads\/2013\/01\/cristina_vagones.jpg?resize=350%2C200 1x, https:\/\/i0.wp.com\/www.24baires.com\/wp-content\/uploads\/2013\/01\/cristina_vagones.jpg?resize=525%2C300 1.5x"},"classes":[]}],"jetpack_sharing_enabled":true,"jetpack_likes_enabled":true,"jetpack_featured_media_url":"","_links":{"self":[{"href":"http:\/\/www.24baires.com\/index.php?rest_route=\/wp\/v2\/posts\/74328","targetHints":{"allow":["GET"]}}],"collection":[{"href":"http:\/\/www.24baires.com\/index.php?rest_route=\/wp\/v2\/posts"}],"about":[{"href":"http:\/\/www.24baires.com\/index.php?rest_route=\/wp\/v2\/types\/post"}],"author":[{"embeddable":true,"href":"http:\/\/www.24baires.com\/index.php?rest_route=\/wp\/v2\/users\/4"}],"replies":[{"embeddable":true,"href":"http:\/\/www.24baires.com\/index.php?rest_route=%2Fwp%2Fv2%2Fcomments&post=74328"}],"version-history":[{"count":1,"href":"http:\/\/www.24baires.com\/index.php?rest_route=\/wp\/v2\/posts\/74328\/revisions"}],"predecessor-version":[{"id":74329,"href":"http:\/\/www.24baires.com\/index.php?rest_route=\/wp\/v2\/posts\/74328\/revisions\/74329"}],"wp:attachment":[{"href":"http:\/\/www.24baires.com\/index.php?rest_route=%2Fwp%2Fv2%2Fmedia&parent=74328"}],"wp:term":[{"taxonomy":"category","embeddable":true,"href":"http:\/\/www.24baires.com\/index.php?rest_route=%2Fwp%2Fv2%2Fcategories&post=74328"},{"taxonomy":"post_tag","embeddable":true,"href":"http:\/\/www.24baires.com\/index.php?rest_route=%2Fwp%2Fv2%2Ftags&post=74328"}],"curies":[{"name":"wp","href":"https:\/\/api.w.org\/{rel}","templated":true}]}}