{"id":74303,"date":"2015-10-28T20:00:38","date_gmt":"2015-10-28T23:00:38","guid":{"rendered":"http:\/\/www.24baires.com\/?p=74303"},"modified":"2015-10-28T17:52:13","modified_gmt":"2015-10-28T20:52:13","slug":"hebe-disparo-la-polemica-macri-es-la-dictadura-y-la-tortura","status":"publish","type":"post","link":"http:\/\/www.24baires.com\/?p=74303","title":{"rendered":"Hebe dispar\u00f3 la pol\u00e9mica: \u201cMacri es la dictadura y la tortura\u201d"},"content":{"rendered":"<p><img data-recalc-dims=\"1\" loading=\"lazy\" decoding=\"async\" class=\"aligncenter size-full wp-image-39456\" src=\"https:\/\/i0.wp.com\/www.24baires.com\/wp-content\/uploads\/2014\/01\/hebe-de-bonafini.jpg?resize=560%2C335\" alt=\"hebe-de-bonafini\" width=\"560\" height=\"335\" srcset=\"https:\/\/i0.wp.com\/www.24baires.com\/wp-content\/uploads\/2014\/01\/hebe-de-bonafini.jpg?w=560 560w, https:\/\/i0.wp.com\/www.24baires.com\/wp-content\/uploads\/2014\/01\/hebe-de-bonafini.jpg?resize=300%2C179 300w\" sizes=\"auto, (max-width: 560px) 100vw, 560px\" \/>La Titular de Madres de Plaza de Mayo admiti\u00f3 que, pese a las diferencias, votar\u00e1 a Daniel Scioli. Asegur\u00f3 que dentro del Frente para la Victoria \u201chay traidores\u201d.<!--more--><\/p>\n<p>La pol\u00e9mica volvi\u00f3 a desatarse. Esta vez, la titular de Madres de Plaza de Mayo, Hebe de Bonafini, se refiri\u00f3 a la candidatura de Mauricio Macri de cara al balotaje y lo vincul\u00f3 con el \u00faltimo gobierno de facto.<\/p>\n<p>\u201cPara mi Macri es la dictadura y la tortura. No es nada en cuesti\u00f3n de derechos humanos \u00ab, dispar\u00f3 la emblem\u00e1tica referente de los organismos de Derechos Humanos.<\/p>\n<p>Hace tiempo que Hebe de Bonafini mostr\u00f3 su disconformidad con la elecci\u00f3n del gobernador bonaerense como candidato presidencial del Frente para la Victoria. Una vez conocido el ajustado triunfo ajustado, la referente de DD.HH se\u00f1al\u00f3 que \u201cahora hay que votarlo s\u00ed o s\u00ed a Scioli\u201d.<\/p>\n<p>\u00abCuando Cristina propuso la f\u00f3rmula, dije que no me gustaba -reconoci\u00f3 la titular de Madres-, pero apoyo al proyecto\u00bb, se justific\u00f3, en di\u00e1logo con Radio del Plata.<br \/>\nAsimismo, refiri\u00e9ndose a los radicales que integran el frente Cambiemos, asever\u00f3 que \u00abno tienen perfil, son muy gorilas\u00bb y reclam\u00f3: \u00abLa gente tiene que mostrar lo que es\u00bb.<\/p>\n<p>Tambi\u00e9n se refiri\u00f3 a las internas dentro del oficialismo y apunt\u00f3 a dirigentes o intendentes del PJ que \u00abjugaron en contra\u00bb de An\u00edbal Fern\u00e1ndez en la provincia. \u00abClaramente, hay traidores adentro\u00bb.<\/p>\n<p>&nbsp;<\/p>\n<p>&nbsp;<\/p>\n<p>&nbsp;<\/p>\n<p>&nbsp;<\/p>\n<p>&nbsp;<\/p>\n<p>&nbsp;<\/p>\n<p>&nbsp;<\/p>\n<p>&nbsp;<\/p>\n<p>&nbsp;<\/p>\n<p>&nbsp;<\/p>\n<p>&nbsp;<\/p>\n<p>&nbsp;<\/p>\n<p>&nbsp;<\/p>\n<p>&nbsp;<\/p>\n<p>&nbsp;<\/p>\n<p>&nbsp;<\/p>\n<p>&nbsp;<\/p>\n<p>&nbsp;<\/p>\n<p>&nbsp;<\/p>\n<p>&nbsp;<\/p>\n<p>&nbsp;<\/p>\n<p>&nbsp;<\/p>\n<p>&nbsp;<\/p>\n","protected":false},"excerpt":{"rendered":"<p>La Titular de Madres de Plaza de Mayo admiti\u00f3 que, pese a las diferencias, votar\u00e1 a Daniel Scioli. Asegur\u00f3 que dentro del Frente para la Victoria \u201chay traidores\u201d.<\/p>\n","protected":false},"author":8,"featured_media":0,"comment_status":"open","ping_status":"open","sticky":false,"template":"","format":"standard","meta":{"_jetpack_newsletter_access":"","_jetpack_dont_email_post_to_subs":false,"_jetpack_newsletter_tier_id":0,"_jetpack_memberships_contains_paywalled_content":false,"_jetpack_memberships_contains_paid_content":false,"footnotes":""},"categories":[51],"tags":[],"class_list":["post-74303","post","type-post","status-publish","format-standard","hentry","category-politica"],"jetpack_shortlink":"https:\/\/wp.me\/p2JWE0-jkr","jetpack-related-posts":[{"id":63538,"url":"http:\/\/www.24baires.com\/?p=63538","url_meta":{"origin":74303,"position":0},"title":"Hebe quiere a Cristina como gobernadora porque \u00abla Provincia est\u00e1 hecha moco\u00bb","author":"GB","date":"24\/03\/2015","format":false,"excerpt":"La titular de la asociaci\u00f3n Madres de Plaza de Mayo acus\u00f3 a Scioli de haber apoyado la \u00faltima dictadura. La titular de la asociaci\u00f3n Madres de Plaza de Mayo, Hebe de Bonafini, acus\u00f3 este martes al gobernador bonaerense, Daniel Scioli, de apoyar la \u00faltima dictadura y pidi\u00f3 que la presidenta\u2026","rel":"","context":"En \u00abPol\u00edtica\u00bb","block_context":{"text":"Pol\u00edtica","link":"http:\/\/www.24baires.com\/?cat=51"},"img":{"alt_text":"hebe-de-bonafini","src":"https:\/\/i0.wp.com\/www.24baires.com\/wp-content\/uploads\/2014\/01\/hebe-de-bonafini.jpg?resize=350%2C200","width":350,"height":200,"srcset":"https:\/\/i0.wp.com\/www.24baires.com\/wp-content\/uploads\/2014\/01\/hebe-de-bonafini.jpg?resize=350%2C200 1x, https:\/\/i0.wp.com\/www.24baires.com\/wp-content\/uploads\/2014\/01\/hebe-de-bonafini.jpg?resize=525%2C300 1.5x"},"classes":[]},{"id":101348,"url":"http:\/\/www.24baires.com\/?p=101348","url_meta":{"origin":74303,"position":1},"title":"Bonafini sobre Meijide: \u00abNunca le import\u00f3 su hijo, queda claro, si no, no pedir\u00eda la libertad de Astiz\u00bb","author":"AF","date":"29\/03\/2018","format":false,"excerpt":"As\u00ed lo sostuvo Hebe. La titular de la Asociaci\u00f3n de Madres de Plaza de Mayo apunt\u00f3 contra la ex miembro de la Conadep, Graciela Fern\u00e1ndez Meijide, luego de haber apoyado la prisi\u00f3n domiciliaria del genocida Astiz. Hebe de Bonafini, titular de la Asociaci\u00f3n de Madres de Plaza de Mayo, sali\u00f3\u2026","rel":"","context":"En \u00abSociedad\u00bb","block_context":{"text":"Sociedad","link":"http:\/\/www.24baires.com\/?cat=1"},"img":{"alt_text":"","src":"https:\/\/i0.wp.com\/www.24baires.com\/wp-content\/uploads\/2018\/03\/bonafini-meijide.jpg?resize=350%2C200","width":350,"height":200,"srcset":"https:\/\/i0.wp.com\/www.24baires.com\/wp-content\/uploads\/2018\/03\/bonafini-meijide.jpg?resize=350%2C200 1x, https:\/\/i0.wp.com\/www.24baires.com\/wp-content\/uploads\/2018\/03\/bonafini-meijide.jpg?resize=525%2C300 1.5x"},"classes":[]},{"id":86180,"url":"http:\/\/www.24baires.com\/?p=86180","url_meta":{"origin":74303,"position":2},"title":"Alfons\u00edn respald\u00f3 a Hebe y critic\u00f3 con dureza a Macri por sus pol\u00e9micas declaraciones","author":"Grupo Sierra","date":"11\/08\/2016","format":false,"excerpt":"El diputado nacional por la UCR y aliado de Cambiemos critic\u00f3 al jefe de Estado por sus pol\u00e9micas declaraciones en torno a la \u00faltima dictadura c\u00edvico-militar y la cantidad de desaparecidos. \"No se puede establecer equivalencias entre lo que fue el accionar de la guerrilla y el terrorismo de Estado\",\u2026","rel":"","context":"En \u00abMemoria\u00bb","block_context":{"text":"Memoria","link":"http:\/\/www.24baires.com\/?cat=50"},"img":{"alt_text":"Alfons\u00edn mdp","src":"https:\/\/i0.wp.com\/www.24baires.com\/wp-content\/uploads\/2013\/01\/Alfons%C3%ADn-mdp.jpg?resize=350%2C200","width":350,"height":200,"srcset":"https:\/\/i0.wp.com\/www.24baires.com\/wp-content\/uploads\/2013\/01\/Alfons%C3%ADn-mdp.jpg?resize=350%2C200 1x, https:\/\/i0.wp.com\/www.24baires.com\/wp-content\/uploads\/2013\/01\/Alfons%C3%ADn-mdp.jpg?resize=525%2C300 1.5x"},"classes":[]},{"id":84840,"url":"http:\/\/www.24baires.com\/?p=84840","url_meta":{"origin":74303,"position":3},"title":"Hebe a Macri: \u00abLa mayor\u00eda de los asesinos de nuestros hijos est\u00e1 junto a usted\u00bb","author":"GB","date":"11\/07\/2016","format":false,"excerpt":"La titular de Madres de Plaza de Mayo critic\u00f3 duramente la postura del macrismo con respecto a los militares que reivindican la dictadura. Crece el repudio y la pol\u00e9mica por la decisi\u00f3n del Gobierno de armar un desfile militar con personajes que reinvindicaron la dictadura como Aldo Rico y Emilio\u2026","rel":"","context":"En \u00abPol\u00edtica\u00bb","block_context":{"text":"Pol\u00edtica","link":"http:\/\/www.24baires.com\/?cat=51"},"img":{"alt_text":"hebe","src":"https:\/\/i0.wp.com\/www.24baires.com\/wp-content\/uploads\/2015\/08\/hebe.jpg?resize=350%2C200","width":350,"height":200,"srcset":"https:\/\/i0.wp.com\/www.24baires.com\/wp-content\/uploads\/2015\/08\/hebe.jpg?resize=350%2C200 1x, https:\/\/i0.wp.com\/www.24baires.com\/wp-content\/uploads\/2015\/08\/hebe.jpg?resize=525%2C300 1.5x"},"classes":[]},{"id":119564,"url":"http:\/\/www.24baires.com\/?p=119564","url_meta":{"origin":74303,"position":4},"title":"Muri\u00f3 a los 93 a\u00f1os Hebe de Bonafini, presidenta de Madres de Plaza de Ma","author":"GB","date":"20\/11\/2022","format":false,"excerpt":"La presidenta de Madres de Plaza de Mayo, Hebe de Bonafini, falleci\u00f3 hoy a los 93 a\u00f1os en el Hospital Italiano de La Plata Hebe de Bonafini muri\u00f3 hoy a los 93 a\u00f1os. La presidenta de Madres de Plaza de Mayo hab\u00eda sido dada de alta el 13 de octubre,\u2026","rel":"","context":"En \u00abSociedad\u00bb","block_context":{"text":"Sociedad","link":"http:\/\/www.24baires.com\/?cat=1"},"img":{"alt_text":"","src":"https:\/\/i0.wp.com\/www.24baires.com\/wp-content\/uploads\/2014\/01\/hebe-de-bonafini.jpg?resize=350%2C200","width":350,"height":200,"srcset":"https:\/\/i0.wp.com\/www.24baires.com\/wp-content\/uploads\/2014\/01\/hebe-de-bonafini.jpg?resize=350%2C200 1x, https:\/\/i0.wp.com\/www.24baires.com\/wp-content\/uploads\/2014\/01\/hebe-de-bonafini.jpg?resize=525%2C300 1.5x, https:\/\/i0.wp.com\/www.24baires.com\/wp-content\/uploads\/2014\/01\/hebe-de-bonafini.jpg?resize=700%2C400 2x"},"classes":[]},{"id":106018,"url":"http:\/\/www.24baires.com\/?p=106018","url_meta":{"origin":74303,"position":5},"title":"\u201cLos gordos de la CGT mejor que se jubilen, y vayan al campo a cuidar sus vacas\u201d","author":"AF","date":"19\/12\/2018","format":false,"excerpt":"As\u00ed lo sostuvo la titular de la Asociaci\u00f3n de Madres de Plaza de Mayo, Hebe de Bonafini. Agreg\u00f3 que para las elecciones venideras \"Kicillof tiene que ir en la Provincia\". La titular de la Asociaci\u00f3n de Madres de Plaza de Mayo, Hebe de Bonafini, expres\u00f3 su apoyo a que el\u2026","rel":"","context":"En \u00abSociedad\u00bb","block_context":{"text":"Sociedad","link":"http:\/\/www.24baires.com\/?cat=1"},"img":{"alt_text":"","src":"https:\/\/i0.wp.com\/www.24baires.com\/wp-content\/uploads\/2014\/01\/hebe-de-bonafini.jpg?resize=350%2C200","width":350,"height":200,"srcset":"https:\/\/i0.wp.com\/www.24baires.com\/wp-content\/uploads\/2014\/01\/hebe-de-bonafini.jpg?resize=350%2C200 1x, https:\/\/i0.wp.com\/www.24baires.com\/wp-content\/uploads\/2014\/01\/hebe-de-bonafini.jpg?resize=525%2C300 1.5x"},"classes":[]}],"jetpack_sharing_enabled":true,"jetpack_likes_enabled":true,"jetpack_featured_media_url":"","_links":{"self":[{"href":"http:\/\/www.24baires.com\/index.php?rest_route=\/wp\/v2\/posts\/74303","targetHints":{"allow":["GET"]}}],"collection":[{"href":"http:\/\/www.24baires.com\/index.php?rest_route=\/wp\/v2\/posts"}],"about":[{"href":"http:\/\/www.24baires.com\/index.php?rest_route=\/wp\/v2\/types\/post"}],"author":[{"embeddable":true,"href":"http:\/\/www.24baires.com\/index.php?rest_route=\/wp\/v2\/users\/8"}],"replies":[{"embeddable":true,"href":"http:\/\/www.24baires.com\/index.php?rest_route=%2Fwp%2Fv2%2Fcomments&post=74303"}],"version-history":[{"count":1,"href":"http:\/\/www.24baires.com\/index.php?rest_route=\/wp\/v2\/posts\/74303\/revisions"}],"predecessor-version":[{"id":74304,"href":"http:\/\/www.24baires.com\/index.php?rest_route=\/wp\/v2\/posts\/74303\/revisions\/74304"}],"wp:attachment":[{"href":"http:\/\/www.24baires.com\/index.php?rest_route=%2Fwp%2Fv2%2Fmedia&parent=74303"}],"wp:term":[{"taxonomy":"category","embeddable":true,"href":"http:\/\/www.24baires.com\/index.php?rest_route=%2Fwp%2Fv2%2Fcategories&post=74303"},{"taxonomy":"post_tag","embeddable":true,"href":"http:\/\/www.24baires.com\/index.php?rest_route=%2Fwp%2Fv2%2Ftags&post=74303"}],"curies":[{"name":"wp","href":"https:\/\/api.w.org\/{rel}","templated":true}]}}