{"id":74248,"date":"2015-10-27T20:40:42","date_gmt":"2015-10-27T23:40:42","guid":{"rendered":"http:\/\/www.24baires.com\/?p=74248"},"modified":"2015-10-28T11:09:06","modified_gmt":"2015-10-28T14:09:06","slug":"tras-las-elecciones-cristina-encabezara-el-jueves-un-acto-en-casa-rosada","status":"publish","type":"post","link":"http:\/\/www.24baires.com\/?p=74248","title":{"rendered":"Tras las elecciones, Cristina encabezar\u00e1 el jueves un acto en Casa Rosada"},"content":{"rendered":"<p><img data-recalc-dims=\"1\" loading=\"lazy\" decoding=\"async\" class=\"aligncenter size-full wp-image-71658\" src=\"https:\/\/i0.wp.com\/www.24baires.com\/wp-content\/uploads\/2015\/09\/cristina-energia.jpg?resize=560%2C373\" alt=\"cristina energia\" width=\"560\" height=\"373\" srcset=\"https:\/\/i0.wp.com\/www.24baires.com\/wp-content\/uploads\/2015\/09\/cristina-energia.jpg?w=560 560w, https:\/\/i0.wp.com\/www.24baires.com\/wp-content\/uploads\/2015\/09\/cristina-energia.jpg?resize=300%2C200 300w\" sizes=\"auto, (max-width: 560px) 100vw, 560px\" \/>Tras los comicios del domingo, la Presidenta volver\u00e1 a encabezar un acto en Casa de Gobierno, donde compartir\u00e1 videoconferencias con distintos funcionarios.<!--more--><\/p>\n<p>La presidenta Cristina Kirchner volver\u00e1 a encabezar un acto en Casa de Gobierno este jueves por la tarde, donde compartir\u00e1 videoconferencias con distintos funcionarios. Hay gran expectativa ya que ser\u00e1 su primer discurso tras las elecciones del \u00faltimo domingo.<\/p>\n<p>La mandataria estuvo el fin de semana en R\u00edo Gallegos, donde emiti\u00f3 su voto, y regres\u00f3 a Buenos Aires el domingo por la noche. Desde entonces, mantiene reuniones con diversos funcionarios y ministros en Olivos.<br \/>\nHay gran expectativa por su pr\u00f3ximo acto, ya que emitir\u00e1 su primer discurso tras las elecciones del domingo y de cara al balotaje del 22 de noviembre.<\/p>\n<p>&nbsp;<\/p>\n<p>&nbsp;<\/p>\n<p>&nbsp;<\/p>\n<p>&nbsp;<\/p>\n<p>&nbsp;<\/p>\n<p>&nbsp;<\/p>\n<p>&nbsp;<\/p>\n<p>&nbsp;<\/p>\n<p>&nbsp;<\/p>\n<p>&nbsp;<\/p>\n<p>&nbsp;<\/p>\n<p>&nbsp;<\/p>\n<p>&nbsp;<\/p>\n<p>&nbsp;<\/p>\n<p>&nbsp;<\/p>\n<p>&nbsp;<\/p>\n","protected":false},"excerpt":{"rendered":"<p>Tras los comicios del domingo, la Presidenta volver\u00e1 a encabezar un acto en Casa de Gobierno, donde compartir\u00e1 videoconferencias con distintos funcionarios.<\/p>\n","protected":false},"author":8,"featured_media":0,"comment_status":"open","ping_status":"open","sticky":false,"template":"","format":"standard","meta":{"_jetpack_newsletter_access":"","_jetpack_dont_email_post_to_subs":false,"_jetpack_newsletter_tier_id":0,"_jetpack_memberships_contains_paywalled_content":false,"_jetpack_memberships_contains_paid_content":false,"footnotes":""},"categories":[51],"tags":[],"class_list":["post-74248","post","type-post","status-publish","format-standard","hentry","category-politica"],"jetpack_shortlink":"https:\/\/wp.me\/p2JWE0-jjy","jetpack-related-posts":[{"id":74328,"url":"http:\/\/www.24baires.com\/?p=74328","url_meta":{"origin":74248,"position":0},"title":"Cristina encabezar\u00e1 esta tarde un acto en Casa de Gobierno","author":"AF","date":"29\/10\/2015","format":false,"excerpt":"La ceremonia se llevar\u00e1 a cabo a partir de las 18 en el Sal\u00f3n de las Mujeres del Bicentenario de la Casa de Gobierno, y ser\u00e1 la primera aparici\u00f3n p\u00fablica de Cristina tras los comicios del domingo pasado. Cristina Fern\u00e1ndez de Kirchner encabezar\u00e1 el acto de presentaci\u00f3n del proyecto bosques\u2026","rel":"","context":"En \u00abPol\u00edtica\u00bb","block_context":{"text":"Pol\u00edtica","link":"http:\/\/www.24baires.com\/?cat=51"},"img":{"alt_text":"cristina cadena","src":"https:\/\/i0.wp.com\/www.24baires.com\/wp-content\/uploads\/2015\/08\/cristina-cadena.jpg?resize=350%2C200","width":350,"height":200,"srcset":"https:\/\/i0.wp.com\/www.24baires.com\/wp-content\/uploads\/2015\/08\/cristina-cadena.jpg?resize=350%2C200 1x, https:\/\/i0.wp.com\/www.24baires.com\/wp-content\/uploads\/2015\/08\/cristina-cadena.jpg?resize=525%2C300 1.5x"},"classes":[]},{"id":112630,"url":"http:\/\/www.24baires.com\/?p=112630","url_meta":{"origin":74248,"position":1},"title":"Alberto y Cristina cierran la campa\u00f1a en Mar del Plata","author":"GB","date":"24\/10\/2019","format":false,"excerpt":"El candidato a presidente por el Frente de Todos, Alberto Fern\u00e1ndez, y la candidata a vicepresidenta, Cristina Fern\u00e1ndez de Kirchner, estar\u00e1n este jueves a las 15 en Mar del Plata, en un escenario que se montar\u00e1 en la rambla. Ser\u00e1 el primer acto que compartir\u00e1n en conjunto en la ciudad,\u2026","rel":"","context":"En \u00abPol\u00edtica\u00bb","block_context":{"text":"Pol\u00edtica","link":"http:\/\/www.24baires.com\/?cat=51"},"img":{"alt_text":"","src":"https:\/\/i0.wp.com\/www.24baires.com\/wp-content\/uploads\/2019\/10\/alberto-y-cristina.jpg?resize=350%2C200","width":350,"height":200,"srcset":"https:\/\/i0.wp.com\/www.24baires.com\/wp-content\/uploads\/2019\/10\/alberto-y-cristina.jpg?resize=350%2C200 1x, https:\/\/i0.wp.com\/www.24baires.com\/wp-content\/uploads\/2019\/10\/alberto-y-cristina.jpg?resize=525%2C300 1.5x"},"classes":[]},{"id":58808,"url":"http:\/\/www.24baires.com\/?p=58808","url_meta":{"origin":74248,"position":2},"title":"Cristina le tomar\u00e1 juramento a An\u00edbal Fern\u00e1ndez y encabezar\u00e1 dos actos","author":"AF","date":"18\/12\/2014","format":false,"excerpt":"La presidenta Cristina Fern\u00e1ndez de Kirchner le tomar\u00e1 juramento al senador nacional An\u00edbal Fern\u00e1ndez como secretario General de la Presidencia, encabezar\u00e1 el acto de ascenso de las fuerzas de seguridad nacionales y mantendr\u00e1 una videoconferencia desde la Casa de Gobierno. Cristina regres\u00f3 desde Paran\u00e1, Entre R\u00edos, donde particip\u00f3 de la\u2026","rel":"","context":"En \u00abPol\u00edtica\u00bb","block_context":{"text":"Pol\u00edtica","link":"http:\/\/www.24baires.com\/?cat=51"},"img":{"alt_text":"cristina ONU","src":"https:\/\/i0.wp.com\/www.24baires.com\/wp-content\/uploads\/2014\/09\/cristina-ONU.jpg?resize=350%2C200","width":350,"height":200,"srcset":"https:\/\/i0.wp.com\/www.24baires.com\/wp-content\/uploads\/2014\/09\/cristina-ONU.jpg?resize=350%2C200 1x, https:\/\/i0.wp.com\/www.24baires.com\/wp-content\/uploads\/2014\/09\/cristina-ONU.jpg?resize=525%2C300 1.5x"},"classes":[]},{"id":5550,"url":"http:\/\/www.24baires.com\/?p=5550","url_meta":{"origin":74248,"position":3},"title":"Cristina inaugur\u00f3 viviendas en General Rodr\u00edguez","author":"AF","date":"15\/11\/2012","format":false,"excerpt":"La presidenta argentina, Cristina Fern\u00e1ndez de Kirchner, encabez\u00f3 un acto en el barrio Bicentenario en el partido bonaerense de General Rodr\u00edguez, donde inaugur\u00f3 unidades habitacionales que se construyeron en el marco del Plan Federal de Viviendas. Luego, a trav\u00e9s de una videoconferencia, dio por inauguradas las instalaciones del Centro de\u2026","rel":"","context":"En \u00abSociedad\u00bb","block_context":{"text":"Sociedad","link":"http:\/\/www.24baires.com\/?cat=1"},"img":{"alt_text":"","src":"","width":0,"height":0},"classes":[]},{"id":118238,"url":"http:\/\/www.24baires.com\/?p=118238","url_meta":{"origin":74248,"position":4},"title":"\u00abSer soberanos hoy es no pedir permiso para hacer un programa de gobierno\u00bb","author":"AF","date":"19\/11\/2021","format":false,"excerpt":"El Presidente encabez\u00f3 en el Palacio San Mart\u00edn el lanzamiento de la Mesa de Trabajo Interministerial \u201cAgenda Malvinas 40 a\u00f1os\u201d, en el marco de la conmemoraci\u00f3n por el D\u00eda de la Soberan\u00eda. El presidente Alberto Fern\u00e1ndez afirm\u00f3 que \"ser soberanos hoy es no pedir permiso a nadie para hacer un\u2026","rel":"","context":"En \u00abPol\u00edtica\u00bb","block_context":{"text":"Pol\u00edtica","link":"http:\/\/www.24baires.com\/?cat=51"},"img":{"alt_text":"","src":"https:\/\/i0.wp.com\/www.24baires.com\/wp-content\/uploads\/2021\/11\/6197e2b267745_900.jpg?resize=350%2C200","width":350,"height":200,"srcset":"https:\/\/i0.wp.com\/www.24baires.com\/wp-content\/uploads\/2021\/11\/6197e2b267745_900.jpg?resize=350%2C200 1x, https:\/\/i0.wp.com\/www.24baires.com\/wp-content\/uploads\/2021\/11\/6197e2b267745_900.jpg?resize=525%2C300 1.5x"},"classes":[]},{"id":117032,"url":"http:\/\/www.24baires.com\/?p=117032","url_meta":{"origin":74248,"position":5},"title":"Provincia presenta la Gu\u00eda de Implementaci\u00f3n de la IVE para profesionales de la salud","author":"GB","date":"18\/01\/2021","format":false,"excerpt":"Los ministros de Salud y de Mujeres, Pol\u00edticas de G\u00e9nero y Diversidad Sexual, Daniel Gollan y Estela D\u00edaz, respectivamente, junto a autoridades provinciales, ser\u00e1n los encargados de brindar los detalles. El Gobierno bonaerense presenta la gu\u00eda de acci\u00f3n para orientar en la aplicaci\u00f3n de la Interrupci\u00f3n Voluntaria del Embarazo (IVE)\u2026","rel":"","context":"En \u00abProvincia\u00bb","block_context":{"text":"Provincia","link":"http:\/\/www.24baires.com\/?cat=40"},"img":{"alt_text":"","src":"https:\/\/i0.wp.com\/www.24baires.com\/wp-content\/uploads\/2021\/01\/20210118091343_presentacion.jpg?resize=350%2C200","width":350,"height":200,"srcset":"https:\/\/i0.wp.com\/www.24baires.com\/wp-content\/uploads\/2021\/01\/20210118091343_presentacion.jpg?resize=350%2C200 1x, https:\/\/i0.wp.com\/www.24baires.com\/wp-content\/uploads\/2021\/01\/20210118091343_presentacion.jpg?resize=525%2C300 1.5x"},"classes":[]}],"jetpack_sharing_enabled":true,"jetpack_likes_enabled":true,"jetpack_featured_media_url":"","_links":{"self":[{"href":"http:\/\/www.24baires.com\/index.php?rest_route=\/wp\/v2\/posts\/74248","targetHints":{"allow":["GET"]}}],"collection":[{"href":"http:\/\/www.24baires.com\/index.php?rest_route=\/wp\/v2\/posts"}],"about":[{"href":"http:\/\/www.24baires.com\/index.php?rest_route=\/wp\/v2\/types\/post"}],"author":[{"embeddable":true,"href":"http:\/\/www.24baires.com\/index.php?rest_route=\/wp\/v2\/users\/8"}],"replies":[{"embeddable":true,"href":"http:\/\/www.24baires.com\/index.php?rest_route=%2Fwp%2Fv2%2Fcomments&post=74248"}],"version-history":[{"count":1,"href":"http:\/\/www.24baires.com\/index.php?rest_route=\/wp\/v2\/posts\/74248\/revisions"}],"predecessor-version":[{"id":74250,"href":"http:\/\/www.24baires.com\/index.php?rest_route=\/wp\/v2\/posts\/74248\/revisions\/74250"}],"wp:attachment":[{"href":"http:\/\/www.24baires.com\/index.php?rest_route=%2Fwp%2Fv2%2Fmedia&parent=74248"}],"wp:term":[{"taxonomy":"category","embeddable":true,"href":"http:\/\/www.24baires.com\/index.php?rest_route=%2Fwp%2Fv2%2Fcategories&post=74248"},{"taxonomy":"post_tag","embeddable":true,"href":"http:\/\/www.24baires.com\/index.php?rest_route=%2Fwp%2Fv2%2Ftags&post=74248"}],"curies":[{"name":"wp","href":"https:\/\/api.w.org\/{rel}","templated":true}]}}