{"id":74226,"date":"2015-10-27T16:49:12","date_gmt":"2015-10-27T19:49:12","guid":{"rendered":"http:\/\/www.24baires.com\/?p=74226"},"modified":"2015-10-28T11:09:01","modified_gmt":"2015-10-28T14:09:01","slug":"el-antimacrismo-es-muy-fuerte-aseguro-scioli","status":"publish","type":"post","link":"http:\/\/www.24baires.com\/?p=74226","title":{"rendered":"\u00abEl antimacrismo es muy fuerte\u00bb, asegur\u00f3 Scioli"},"content":{"rendered":"<p><img data-recalc-dims=\"1\" loading=\"lazy\" decoding=\"async\" src=\"https:\/\/i0.wp.com\/www.24baires.com\/wp-content\/uploads\/2015\/09\/scioli1.jpg?resize=560%2C357\" alt=\"scioli\" width=\"560\" height=\"357\" class=\"aligncenter size-full wp-image-72134\" srcset=\"https:\/\/i0.wp.com\/www.24baires.com\/wp-content\/uploads\/2015\/09\/scioli1.jpg?w=560 560w, https:\/\/i0.wp.com\/www.24baires.com\/wp-content\/uploads\/2015\/09\/scioli1.jpg?resize=300%2C191 300w\" sizes=\"auto, (max-width: 560px) 100vw, 560px\" \/>El candidato presidencial del Frente para la Victoria marc\u00f3 sus diferencias con el macrismo y se mostr\u00f3 enf\u00e1tico al aseverar: \u00abHay operaciones, dimes y diretes, est\u00e1n los machos del &#8216;off de record&#8217;, pero yo estoy al frente de mi campa\u00f1a\u00bb. Scioli confirm\u00f3 que debatir\u00e1 con Macri el 11 de noviembre.<!--more--><\/p>\n<p>El candidato presidencial del Frente para la Victoria (FPV), Daniel Scioli, asever\u00f3 hoy que est\u00e1 \u00abal frente\u00bb de su campa\u00f1a electoral y es el \u00abresponsable\u00bb de su postulaci\u00f3n, en tanto que ratific\u00f3 que, de cara al balotaje del 22 de noviembre que disputar\u00e1 contra Mauricio Macri, se esforzar\u00e1 por \u00absumar la mayor cantidad de voluntades\u00bb.<\/p>\n<p>\u00abHay operaciones, dimes y diretes, est\u00e1n los machos del &#8216;off de record&#8217;. Pero yo estoy al frente de mi campa\u00f1a. Soy el responsable de mi candidatura y tengo el tel\u00e9fono abierto las 24 horas para aclarar dudas\u00bb, asever\u00f3 Scioli en declaraciones a radio Diez, en las que indic\u00f3 que puede \u00abescuchar a todos, pero decido yo y nadie puede influenciar en m\u00ed para hacerme cambiar de opini\u00f3n\u00bb.<\/p>\n<p>De cara a la \u00abgran final\u00bb -tal como defini\u00f3 a la segunda vuelta que disputar\u00e1 con Macri-, el gobernador bonaerense indic\u00f3 que \u00abse ve claro el contraste\u00bb entre las dos opciones, ratific\u00f3 que su candidatura \u00abinterpreta y comprende el cambio\u00bb que reclama la ciudadan\u00eda y consider\u00f3 que \u00abel antimacrismo es muy fuerte\u00bb.<\/p>\n<p>\u00abLa palabra cambio entusiasma, es muy linda, pero a la hora de la verdad yo s\u00e9 qu\u00e9 cambio quiero, no un cambio para atr\u00e1s. Yo s\u00e9 interpretar, comprender ese reclamo y me voy a esforzar por sumar la mayor cantidad de voluntades\u00bb, manifest\u00f3 Scioli, quien dijo que no puede perder \u00abni 30 segundos\u00bb en responder ciertos cuestionamientos realizados por los integrantes de Carta Abierta.<\/p>\n<p>\u00abNo pierdo de vista y me voy a focalizar en unir la mayor cantidad de voluntades. Si hay alguien especialista en integrar, acercar posiciones, buscar siempre con sentido positivo, soy yo. No me puedo detener a comentar escenarios electorales o a alg\u00fan dirigente\u00bb, apunt\u00f3.<\/p>\n<p>En tanto, volvi\u00f3 a expresar su convicci\u00f3n de que el 22 de noviembre ser\u00e1 \u00abampliamente reconocida\u00bb la \u00abcoherencia\u00bb de su propuesta y a\u00f1adi\u00f3: \u00abYo conf\u00edo que a la hora de la verdad, con una final de estas caracter\u00edsticas, prevalecer\u00e1 la voluntad del c\u00edrculo celestes y blanco\u00bb.<\/p>\n<p>En cuanto a la realizaci\u00f3n de uno o m\u00e1s debates, Scioli asegur\u00f3 que ir\u00e1 a \u00abtodos los escenarios que se den donde pueda, con toda responsabilidad, decir porque me tienen que votar y dar el debate que haya que dar\u00bb.<\/p>\n<p>Por \u00faltimo, el candidato del FPV dijo que no cambia de opini\u00f3n seg\u00fan lo que le pueda decir un asesor, sino que su propuesta es \u00abprevisible y le da confianza al pueblo argentino\u00bb y se pregunt\u00f3 con qu\u00e9 Macri va a debatir.<\/p>\n<p>\u00ab\u00bfCon el que dijo que estaba a favor de pagarle a los fondos buitre y que estuvo en contra de la recuperaci\u00f3n de los fondos de las AFJP? \u00bfCon el que estaba en contra de la recuperaci\u00f3n de Aerol\u00edneas y de los ferrocarriles?\u00bb, se pregunt\u00f3.<\/p>\n","protected":false},"excerpt":{"rendered":"<p>El candidato presidencial del Frente para la Victoria marc\u00f3 sus diferencias con el macrismo y se mostr\u00f3 enf\u00e1tico al aseverar: \u00abHay operaciones, dimes y diretes, est\u00e1n los machos del &#8216;off de record&#8217;, pero yo estoy al frente de mi campa\u00f1a\u00bb. Scioli confirm\u00f3 que debatir\u00e1 con Macri el 11 de noviembre.<\/p>\n","protected":false},"author":8,"featured_media":0,"comment_status":"open","ping_status":"open","sticky":false,"template":"","format":"standard","meta":{"_jetpack_newsletter_access":"","_jetpack_dont_email_post_to_subs":false,"_jetpack_newsletter_tier_id":0,"_jetpack_memberships_contains_paywalled_content":false,"_jetpack_memberships_contains_paid_content":false,"footnotes":""},"categories":[51],"tags":[],"class_list":["post-74226","post","type-post","status-publish","format-standard","hentry","category-politica"],"jetpack_shortlink":"https:\/\/wp.me\/p2JWE0-jjc","jetpack-related-posts":[{"id":75119,"url":"http:\/\/www.24baires.com\/?p=75119","url_meta":{"origin":74226,"position":0},"title":"Scioli en Salta: \u00abPor favor, abramos bien los ojos\u00bb","author":"GB","date":"16\/11\/2015","format":false,"excerpt":"El candidato presidencial del Frente para la Victoria particip\u00f3 esta tarde de un acto en esa provincia, critic\u00f3 la actitud de Macri de hablar de esa regi\u00f3n s\u00f3lo cuando hay elecciones y se refiri\u00f3 al debate presidencial. \"Lo que qued\u00f3 claro fue mi compromiso con el salario, el trabajo, la\u2026","rel":"","context":"En \u00abElecciones 2015\u00bb","block_context":{"text":"Elecciones 2015","link":"http:\/\/www.24baires.com\/?cat=74"},"img":{"alt_text":"","src":"https:\/\/i0.wp.com\/www.24baires.com\/wp-content\/uploads\/2015\/11\/scioli-salta.jpg?resize=350%2C200","width":350,"height":200},"classes":[]},{"id":70718,"url":"http:\/\/www.24baires.com\/?p=70718","url_meta":{"origin":74226,"position":1},"title":"\u00abQue la oposici\u00f3n quiera unirse como sea es una muestra de su debilidad y de nuestra fortaleza\u00bb","author":"AF","date":"17\/08\/2015","format":"video","excerpt":"El gobernador bonaerense y candidato a presidente por el Frente para la Victoria, Daniel Scioli, carg\u00f3 hoy contra su contrincante por Cambiemos, Mauricio Macri, y \u201csu troupe\u201d al se\u00f1alar que llevan adelante una \u201ccampa\u00f1a sucia\u201d contra el oficialismo.\u00a0 \u201cEs una debilidad de ellos y una fortaleza nuestra. Cuando las cosas\u2026","rel":"","context":"En \u00abElecciones 2015\u00bb","block_context":{"text":"Elecciones 2015","link":"http:\/\/www.24baires.com\/?cat=74"},"img":{"alt_text":"","src":"https:\/\/i0.wp.com\/www.24baires.com\/wp-content\/uploads\/2015\/08\/wpid-wp-1439840703812.jpeg?resize=350%2C200","width":350,"height":200},"classes":[]},{"id":111580,"url":"http:\/\/www.24baires.com\/?p=111580","url_meta":{"origin":74226,"position":2},"title":"Fern\u00e1ndez: \u201cQue Macri no se duerma porque tiene que gobernar hasta diciembre\u201d","author":"GB","date":"12\/08\/2019","format":false,"excerpt":"El candidato presidencial le envi\u00f3 un contundente mensaje a Macri. El candidato presidencial del Frente de Todos, Alberto Fern\u00e1ndez, habl\u00f3 despu\u00e9s del aplastante triunfo del espacio y le envi\u00f3 un contundente mensaje al presidente Mauricio Macri. \u201cQue Macri no se duerma porque tiene que gobernar hasta diciembre. Me gustar\u00eda que\u2026","rel":"","context":"En \u00abPol\u00edtica\u00bb","block_context":{"text":"Pol\u00edtica","link":"http:\/\/www.24baires.com\/?cat=51"},"img":{"alt_text":"","src":"https:\/\/i0.wp.com\/www.24baires.com\/wp-content\/uploads\/2019\/08\/alberto-f-1.jpg?resize=350%2C200","width":350,"height":200,"srcset":"https:\/\/i0.wp.com\/www.24baires.com\/wp-content\/uploads\/2019\/08\/alberto-f-1.jpg?resize=350%2C200 1x, https:\/\/i0.wp.com\/www.24baires.com\/wp-content\/uploads\/2019\/08\/alberto-f-1.jpg?resize=525%2C300 1.5x"},"classes":[]},{"id":74508,"url":"http:\/\/www.24baires.com\/?p=74508","url_meta":{"origin":74226,"position":3},"title":"Scioli se re\u00fane con intendentes bonaerenses","author":"GB","date":"02\/11\/2015","format":false,"excerpt":"El candidato del FpV asegur\u00f3 que \"el balotaje es una final entre dos proyectos de pa\u00eds\" e insisti\u00f3 en su agenda de campa\u00f1a basada en la promoci\u00f3n del trabajo, las pymes y el 82% m\u00f3vil para jubilaciones m\u00ednimas. El candidato presidencial del Frente para la Victoria, Daniel Scioli, asegur\u00f3 que\u2026","rel":"","context":"En \u00abPol\u00edtica\u00bb","block_context":{"text":"Pol\u00edtica","link":"http:\/\/www.24baires.com\/?cat=51"},"img":{"alt_text":"","src":"https:\/\/i0.wp.com\/www.24baires.com\/wp-content\/uploads\/2015\/11\/scioli-intendentes.jpg?resize=350%2C200","width":350,"height":200,"srcset":"https:\/\/i0.wp.com\/www.24baires.com\/wp-content\/uploads\/2015\/11\/scioli-intendentes.jpg?resize=350%2C200 1x, https:\/\/i0.wp.com\/www.24baires.com\/wp-content\/uploads\/2015\/11\/scioli-intendentes.jpg?resize=525%2C300 1.5x"},"classes":[]},{"id":70939,"url":"http:\/\/www.24baires.com\/?p=70939","url_meta":{"origin":74226,"position":4},"title":"\u201cQue nunca m\u00e1s la variable de ajuste tengan que ser los trabajadores\u201d","author":"AF","date":"21\/08\/2015","format":false,"excerpt":"El gobernador bonaerense y candidato presidencial por el Frente para la Victoria, Daniel Scioli, llam\u00f3 hoy al ejercicio de la \u201cresponsabilidad social\" al postular que \u201cnunca m\u00e1s las variables de ajuste tengan que ser los trabajadores\u201d. \u201cMiren al futuro con mucha esperanza, que todo este esfuerzo que estamos haciendo todos\u2026","rel":"","context":"En \u00abSociedad\u00bb","block_context":{"text":"Sociedad","link":"http:\/\/www.24baires.com\/?cat=1"},"img":{"alt_text":"scioli","src":"https:\/\/i0.wp.com\/www.24baires.com\/wp-content\/uploads\/2015\/07\/scioli1.jpg?resize=350%2C200","width":350,"height":200,"srcset":"https:\/\/i0.wp.com\/www.24baires.com\/wp-content\/uploads\/2015\/07\/scioli1.jpg?resize=350%2C200 1x, https:\/\/i0.wp.com\/www.24baires.com\/wp-content\/uploads\/2015\/07\/scioli1.jpg?resize=525%2C300 1.5x"},"classes":[]},{"id":120181,"url":"http:\/\/www.24baires.com\/?p=120181","url_meta":{"origin":74226,"position":5},"title":"El Frente de Todos pasa a llamarse \u00abUni\u00f3n por la Patria\u00bb","author":"AF","date":"14\/06\/2023","format":false,"excerpt":"Los distintos sectores que componen el frente oficialista mantienen reuniones para definir, entre otras cosas, la constituci\u00f3n de su junta partidaria y el reglamento electoral que fijar\u00e1 pisos y porcentajes para la integraci\u00f3n de listas. El Frente de Todos (FdT) se llamar\u00e1 Uni\u00f3n por la Patria (UxP) en las pr\u00f3ximas\u2026","rel":"","context":"En \u00abPol\u00edtica\u00bb","block_context":{"text":"Pol\u00edtica","link":"http:\/\/www.24baires.com\/?cat=51"},"img":{"alt_text":"","src":"https:\/\/i0.wp.com\/www.24baires.com\/wp-content\/uploads\/2023\/06\/cfk-25-5.png?resize=350%2C200","width":350,"height":200,"srcset":"https:\/\/i0.wp.com\/www.24baires.com\/wp-content\/uploads\/2023\/06\/cfk-25-5.png?resize=350%2C200 1x, https:\/\/i0.wp.com\/www.24baires.com\/wp-content\/uploads\/2023\/06\/cfk-25-5.png?resize=525%2C300 1.5x, https:\/\/i0.wp.com\/www.24baires.com\/wp-content\/uploads\/2023\/06\/cfk-25-5.png?resize=700%2C400 2x, https:\/\/i0.wp.com\/www.24baires.com\/wp-content\/uploads\/2023\/06\/cfk-25-5.png?resize=1050%2C600 3x"},"classes":[]}],"jetpack_sharing_enabled":true,"jetpack_likes_enabled":true,"jetpack_featured_media_url":"","_links":{"self":[{"href":"http:\/\/www.24baires.com\/index.php?rest_route=\/wp\/v2\/posts\/74226","targetHints":{"allow":["GET"]}}],"collection":[{"href":"http:\/\/www.24baires.com\/index.php?rest_route=\/wp\/v2\/posts"}],"about":[{"href":"http:\/\/www.24baires.com\/index.php?rest_route=\/wp\/v2\/types\/post"}],"author":[{"embeddable":true,"href":"http:\/\/www.24baires.com\/index.php?rest_route=\/wp\/v2\/users\/8"}],"replies":[{"embeddable":true,"href":"http:\/\/www.24baires.com\/index.php?rest_route=%2Fwp%2Fv2%2Fcomments&post=74226"}],"version-history":[{"count":1,"href":"http:\/\/www.24baires.com\/index.php?rest_route=\/wp\/v2\/posts\/74226\/revisions"}],"predecessor-version":[{"id":74227,"href":"http:\/\/www.24baires.com\/index.php?rest_route=\/wp\/v2\/posts\/74226\/revisions\/74227"}],"wp:attachment":[{"href":"http:\/\/www.24baires.com\/index.php?rest_route=%2Fwp%2Fv2%2Fmedia&parent=74226"}],"wp:term":[{"taxonomy":"category","embeddable":true,"href":"http:\/\/www.24baires.com\/index.php?rest_route=%2Fwp%2Fv2%2Fcategories&post=74226"},{"taxonomy":"post_tag","embeddable":true,"href":"http:\/\/www.24baires.com\/index.php?rest_route=%2Fwp%2Fv2%2Ftags&post=74226"}],"curies":[{"name":"wp","href":"https:\/\/api.w.org\/{rel}","templated":true}]}}