{"id":74191,"date":"2015-10-26T18:02:54","date_gmt":"2015-10-26T21:02:54","guid":{"rendered":"http:\/\/www.24baires.com\/?p=74191"},"modified":"2015-10-26T18:02:54","modified_gmt":"2015-10-26T21:02:54","slug":"la-campora-ya-tiene-27-diputados-nacionales-y-una-senadora","status":"publish","type":"post","link":"http:\/\/www.24baires.com\/?p=74191","title":{"rendered":"La C\u00e1mpora ya tiene 27 Diputados Nacionales y una Senadora"},"content":{"rendered":"<p><img data-recalc-dims=\"1\" loading=\"lazy\" decoding=\"async\" class=\"aligncenter size-full wp-image-74192\" src=\"https:\/\/i0.wp.com\/www.24baires.com\/wp-content\/uploads\/2015\/10\/la-campora-1.jpg?resize=560%2C373\" alt=\"la-campora-1\" width=\"560\" height=\"373\" srcset=\"https:\/\/i0.wp.com\/www.24baires.com\/wp-content\/uploads\/2015\/10\/la-campora-1.jpg?w=560 560w, https:\/\/i0.wp.com\/www.24baires.com\/wp-content\/uploads\/2015\/10\/la-campora-1.jpg?resize=300%2C200 300w\" sizes=\"auto, (max-width: 560px) 100vw, 560px\" \/><\/p>\n<p>La agrupaci\u00f3n kirchnerista que lidera M\u00e1ximo Kirchner tendr\u00e1 un nutrido sub-bloque de representantes en la C\u00e1mara baja, liderado por el propio hijo de la presidenta. Kicillof y \u201cWado\u201d de Pedro, otras de las figuras relevantes.<!--more--><\/p>\n<p>Aunque el Frente para la Victoria perdi\u00f3 una importante cantidad de diputados nacionales en el Congreso, el kirchnerismo duro, representado por la agrupaci\u00f3n juvenil La C\u00e1mpora, logr\u00f3 aumentar su representaci\u00f3n en la C\u00e1mara baja y a la vez obtener su primera banca en el Senado.<\/p>\n<p>De esta manera, los camporistas se aseguran un sub-bloque de 27 diputados, liderado por su propio l\u00edder, el hijo de la presidenta M\u00e1ximo Kirchner, que gan\u00f3 en Santa Cruz.<\/p>\n<p>Por la provincia de Buenos Aires lograron ingresar a la C\u00e1mara baja los diputados Eduardo \u00abWado\u00bb de Pedro, secretario General de la Presidencia y quien encabez\u00f3 la lista, Mayra Mendoza (renueva), Fernanda Raverta, Carlos Castagneto, Rodolfo Tailhade, Rodrigo Rodr\u00edguez, y Luana Volnovich.<\/p>\n<p>Mientras que por la Ciudad de Buenos Aires lograron ingresar el actual ministro de Econom\u00eda, Axel Kicillof, y el secretario general de la agrupaci\u00f3n, Andr\u00e9s \u201cCuervo\u201d Larroque.<\/p>\n<p>Por Santa Fe logr\u00f3 renovar su banca Marco Cleri mientras que por C\u00f3rdoba fue electa Grabriela Est\u00e9vez.<\/p>\n<p>Por Entre R\u00edos ingres\u00f3 Juan Manuel Huss; por Corrientes, Jos\u00e9 Arag\u00f3n: y por Misiones, Cristina Br\u00edtez y Daniel Distefano.<\/p>\n<p>Por el norte fueron electos diputados Gustavo Aguirre por Catamarca; Luc\u00eda Mas\u00edn por Chaco; Noelia Bonetto por Salta y Marcelo Santill\u00e1n por Tucum\u00e1n.<\/p>\n<p>Finalmente, en la Patagonia Mart\u00edn Donate obtuvo una banca por la provincia de R\u00edo Negro, otra fue conquistada por Santiago Ig\u00f3n, en Chubut; mientras que Mat\u00edas Rodr\u00edguez cosech\u00f3 un cargo por Tierra del Fuego.<\/p>\n<p>Todos ellos se sumar\u00e1n al sub-bloque que ya integran desde 2013 el nieto recuperado y dirigente porte\u00f1o Juan Cabandi\u00e9, la santafesina Josefina Gonz\u00e1lez, el santacruce\u00f1o Mauricio G\u00f3mez Bull y el fueguino Mart\u00edn P\u00e9rez.<\/p>\n<p>En tanto, La C\u00e1mpora logr\u00f3 hacer pie en el Senado de la mano de la actual diputada nacional Anabel Fern\u00e1ndez Sagasti, en representaci\u00f3n de Mendoza.<\/p>\n<p>&nbsp;<\/p>\n<p>&nbsp;<\/p>\n<p>&nbsp;<\/p>\n","protected":false},"excerpt":{"rendered":"<p>La agrupaci\u00f3n kirchnerista que lidera M\u00e1ximo Kirchner tendr\u00e1 un nutrido sub-bloque de representantes en la C\u00e1mara baja, liderado por el propio hijo de la presidenta. Kicillof y \u201cWado\u201d de Pedro, otras de las figuras relevantes.<\/p>\n","protected":false},"author":11,"featured_media":0,"comment_status":"open","ping_status":"open","sticky":false,"template":"","format":"standard","meta":{"_jetpack_newsletter_access":"","_jetpack_dont_email_post_to_subs":false,"_jetpack_newsletter_tier_id":0,"_jetpack_memberships_contains_paywalled_content":false,"_jetpack_memberships_contains_paid_content":false,"footnotes":""},"categories":[51],"tags":[],"class_list":["post-74191","post","type-post","status-publish","format-standard","hentry","category-politica"],"jetpack_shortlink":"https:\/\/wp.me\/p2JWE0-jiD","jetpack-related-posts":[{"id":106352,"url":"http:\/\/www.24baires.com\/?p=106352","url_meta":{"origin":74191,"position":0},"title":"Gray pidi\u00f3 que el senador bonaerense acusado de abuso sexual renuncie a su banca","author":"GB","date":"15\/01\/2019","format":false,"excerpt":"El presidente del PJ bonaerense e intendente de Esteban Echeverr\u00eda, Fernando Gray, asegur\u00f3 hoy que el senador provincia de La C\u00e1mpora acusado por abusar de una joven militante \"deber\u00eda renunciar\" al cargo, y adelant\u00f3 que en caso de que ello no ocurra pedir\u00e1 que el partido analice su conducta. Gray\u2026","rel":"","context":"En \u00abMunicipios\u00bb","block_context":{"text":"Municipios","link":"http:\/\/www.24baires.com\/?cat=44"},"img":{"alt_text":"","src":"https:\/\/i0.wp.com\/www.24baires.com\/wp-content\/uploads\/2018\/12\/gray-pj-bonaerense.jpg?resize=350%2C200","width":350,"height":200,"srcset":"https:\/\/i0.wp.com\/www.24baires.com\/wp-content\/uploads\/2018\/12\/gray-pj-bonaerense.jpg?resize=350%2C200 1x, https:\/\/i0.wp.com\/www.24baires.com\/wp-content\/uploads\/2018\/12\/gray-pj-bonaerense.jpg?resize=525%2C300 1.5x"},"classes":[]},{"id":107118,"url":"http:\/\/www.24baires.com\/?p=107118","url_meta":{"origin":74191,"position":1},"title":"El PJ invita a Massa y a los Gobernadores a una \u201cgran interna\u201d opositora","author":"GB","date":"07\/03\/2019","format":false,"excerpt":"El Partido Justicialista, en el orden nacional, celebra hoy un Congreso en el que se habilitar\u00e1 al espacio a conformar alianzas electorales. A su ingreso al estadio de Ferro, desde el kirchnerismo abrieron las puertas a espacios disidentes. Tal como el PJ Bonaerense hizo hace apenas unas semanas, el Partido\u2026","rel":"","context":"En \u00abProvincia\u00bb","block_context":{"text":"Provincia","link":"http:\/\/www.24baires.com\/?cat=40"},"img":{"alt_text":"","src":"https:\/\/i0.wp.com\/www.24baires.com\/wp-content\/uploads\/2019\/03\/congreso-justicialista.jpg?resize=350%2C200","width":350,"height":200,"srcset":"https:\/\/i0.wp.com\/www.24baires.com\/wp-content\/uploads\/2019\/03\/congreso-justicialista.jpg?resize=350%2C200 1x, https:\/\/i0.wp.com\/www.24baires.com\/wp-content\/uploads\/2019\/03\/congreso-justicialista.jpg?resize=525%2C300 1.5x"},"classes":[]},{"id":78508,"url":"http:\/\/www.24baires.com\/?p=78508","url_meta":{"origin":74191,"position":2},"title":"M\u00e1ximo se reuni\u00f3 con Intendentes bonaerenses en medio de la puja por el PJ","author":"AF","date":"03\/02\/2016","format":false,"excerpt":"Convers\u00f3 sobre la situaci\u00f3n en distintos municipios bonaerenses. A su vez, mantuvo reuniones con legisladores nacionales y referentes de La C\u00e1mpora. En medio de la puja por la conducci\u00f3n del Partido Justicialista (PJ), el diputado nacional M\u00e1ximo Kirchner mantuvo reuniones con intendentes bonaerenses, legisladores nacionales y referentes de La C\u00e1mpora.\u2026","rel":"","context":"En \u00abPol\u00edtica\u00bb","block_context":{"text":"Pol\u00edtica","link":"http:\/\/www.24baires.com\/?cat=51"},"img":{"alt_text":"","src":"https:\/\/i0.wp.com\/www.24baires.com\/wp-content\/uploads\/2016\/02\/m%C3%A1ximo-intendentes.jpg?resize=350%2C200","width":350,"height":200,"srcset":"https:\/\/i0.wp.com\/www.24baires.com\/wp-content\/uploads\/2016\/02\/m%C3%A1ximo-intendentes.jpg?resize=350%2C200 1x, https:\/\/i0.wp.com\/www.24baires.com\/wp-content\/uploads\/2016\/02\/m%C3%A1ximo-intendentes.jpg?resize=525%2C300 1.5x"},"classes":[]},{"id":105136,"url":"http:\/\/www.24baires.com\/?p=105136","url_meta":{"origin":74191,"position":3},"title":"En el aniversario de la muerte de Kirchner, M\u00e1ximo pidi\u00f3 \u00abreflexionar muy bien\u00bb a la hora de votar","author":"AF","date":"27\/10\/2018","format":false,"excerpt":"El diputado y l\u00edder de La C\u00e1mpora encabez\u00f3 un acto, rodeado de militantes y dirigentes, en Villa Palito en La Matanza. A ocho a\u00f1os de la muerte del ex presidente N\u00e9stor Kirchner, el l\u00edder de La C\u00e1mpora, M\u00e1ximo Kirchner, encabez\u00f3 un acto en Villa Palito en La Matanza y les\u2026","rel":"","context":"En \u00abPol\u00edtica\u00bb","block_context":{"text":"Pol\u00edtica","link":"http:\/\/www.24baires.com\/?cat=51"},"img":{"alt_text":"","src":"https:\/\/i0.wp.com\/www.24baires.com\/wp-content\/uploads\/2018\/10\/m%C3%A1ximo-kirchner.jpg?resize=350%2C200","width":350,"height":200,"srcset":"https:\/\/i0.wp.com\/www.24baires.com\/wp-content\/uploads\/2018\/10\/m%C3%A1ximo-kirchner.jpg?resize=350%2C200 1x, https:\/\/i0.wp.com\/www.24baires.com\/wp-content\/uploads\/2018\/10\/m%C3%A1ximo-kirchner.jpg?resize=525%2C300 1.5x"},"classes":[]},{"id":119485,"url":"http:\/\/www.24baires.com\/?p=119485","url_meta":{"origin":74191,"position":4},"title":"Wado De Pedro se mostr\u00f3 a favor de suspender las PASO","author":"AF","date":"27\/10\/2022","format":false,"excerpt":"El ministro del Interior se distanci\u00f3 de la postura de Alberto Fern\u00e1ndez y dijo que las primarias abiertas deben ser eliminadas. \"Las discusiones internas se tienen que dar dentro de los partidos pol\u00edticos\", argument\u00f3. Respondi\u00f3 acerca de la posibilidad de presentarse como candidato. El ministro de Interior, Eduardo Wado De\u2026","rel":"","context":"En \u00abPol\u00edtica\u00bb","block_context":{"text":"Pol\u00edtica","link":"http:\/\/www.24baires.com\/?cat=51"},"img":{"alt_text":"","src":"https:\/\/i0.wp.com\/www.24baires.com\/wp-content\/uploads\/2022\/10\/wado.jpg?resize=350%2C200","width":350,"height":200,"srcset":"https:\/\/i0.wp.com\/www.24baires.com\/wp-content\/uploads\/2022\/10\/wado.jpg?resize=350%2C200 1x, https:\/\/i0.wp.com\/www.24baires.com\/wp-content\/uploads\/2022\/10\/wado.jpg?resize=525%2C300 1.5x, https:\/\/i0.wp.com\/www.24baires.com\/wp-content\/uploads\/2022\/10\/wado.jpg?resize=700%2C400 2x"},"classes":[]},{"id":120181,"url":"http:\/\/www.24baires.com\/?p=120181","url_meta":{"origin":74191,"position":5},"title":"El Frente de Todos pasa a llamarse \u00abUni\u00f3n por la Patria\u00bb","author":"AF","date":"14\/06\/2023","format":false,"excerpt":"Los distintos sectores que componen el frente oficialista mantienen reuniones para definir, entre otras cosas, la constituci\u00f3n de su junta partidaria y el reglamento electoral que fijar\u00e1 pisos y porcentajes para la integraci\u00f3n de listas. El Frente de Todos (FdT) se llamar\u00e1 Uni\u00f3n por la Patria (UxP) en las pr\u00f3ximas\u2026","rel":"","context":"En \u00abPol\u00edtica\u00bb","block_context":{"text":"Pol\u00edtica","link":"http:\/\/www.24baires.com\/?cat=51"},"img":{"alt_text":"","src":"https:\/\/i0.wp.com\/www.24baires.com\/wp-content\/uploads\/2023\/06\/cfk-25-5.png?resize=350%2C200","width":350,"height":200,"srcset":"https:\/\/i0.wp.com\/www.24baires.com\/wp-content\/uploads\/2023\/06\/cfk-25-5.png?resize=350%2C200 1x, https:\/\/i0.wp.com\/www.24baires.com\/wp-content\/uploads\/2023\/06\/cfk-25-5.png?resize=525%2C300 1.5x, https:\/\/i0.wp.com\/www.24baires.com\/wp-content\/uploads\/2023\/06\/cfk-25-5.png?resize=700%2C400 2x, https:\/\/i0.wp.com\/www.24baires.com\/wp-content\/uploads\/2023\/06\/cfk-25-5.png?resize=1050%2C600 3x"},"classes":[]}],"jetpack_sharing_enabled":true,"jetpack_likes_enabled":true,"jetpack_featured_media_url":"","_links":{"self":[{"href":"http:\/\/www.24baires.com\/index.php?rest_route=\/wp\/v2\/posts\/74191","targetHints":{"allow":["GET"]}}],"collection":[{"href":"http:\/\/www.24baires.com\/index.php?rest_route=\/wp\/v2\/posts"}],"about":[{"href":"http:\/\/www.24baires.com\/index.php?rest_route=\/wp\/v2\/types\/post"}],"author":[{"embeddable":true,"href":"http:\/\/www.24baires.com\/index.php?rest_route=\/wp\/v2\/users\/11"}],"replies":[{"embeddable":true,"href":"http:\/\/www.24baires.com\/index.php?rest_route=%2Fwp%2Fv2%2Fcomments&post=74191"}],"version-history":[{"count":1,"href":"http:\/\/www.24baires.com\/index.php?rest_route=\/wp\/v2\/posts\/74191\/revisions"}],"predecessor-version":[{"id":74193,"href":"http:\/\/www.24baires.com\/index.php?rest_route=\/wp\/v2\/posts\/74191\/revisions\/74193"}],"wp:attachment":[{"href":"http:\/\/www.24baires.com\/index.php?rest_route=%2Fwp%2Fv2%2Fmedia&parent=74191"}],"wp:term":[{"taxonomy":"category","embeddable":true,"href":"http:\/\/www.24baires.com\/index.php?rest_route=%2Fwp%2Fv2%2Fcategories&post=74191"},{"taxonomy":"post_tag","embeddable":true,"href":"http:\/\/www.24baires.com\/index.php?rest_route=%2Fwp%2Fv2%2Ftags&post=74191"}],"curies":[{"name":"wp","href":"https:\/\/api.w.org\/{rel}","templated":true}]}}