{"id":74130,"date":"2015-10-25T19:05:59","date_gmt":"2015-10-25T22:05:59","guid":{"rendered":"http:\/\/www.24baires.com\/?p=74130"},"modified":"2015-10-25T19:05:59","modified_gmt":"2015-10-25T22:05:59","slug":"cristina-regresa-a-buenos-aires-tras-votar-en-rio-gallegos","status":"publish","type":"post","link":"http:\/\/www.24baires.com\/?p=74130","title":{"rendered":"Cristina regresa a Buenos Aires tras votar en R\u00edo Gallegos"},"content":{"rendered":"<p>La jefa de Estado parti\u00f3 esta tarde a las 17.40 desde el aeropuerto \u201cPiloto Civil Norberto Fern\u00e1ndez\u201d de la capital santacruce\u00f1a, a bordo del avi\u00f3n Tango 01, acompa\u00f1ada de su hija Florencia Kirchner; el candidato a vicepresidente, Carlos Zannini, y otros colaboradores inmediatos.<!--more--><\/p>\n<p> Tras su arribo al Aeroparque metropolitano Jorge Newbery se trasladar\u00e1 de inmediato a la residencia presidencial de Olivos con el prop\u00f3sito de seguir los pormenores del escrutinio provisorio de los comicios nacionales. <\/p>\n","protected":false},"excerpt":{"rendered":"<p>La jefa de Estado parti\u00f3 esta tarde a las 17.40 desde el aeropuerto \u201cPiloto Civil Norberto Fern\u00e1ndez\u201d de la capital santacruce\u00f1a, a bordo del avi\u00f3n Tango 01, acompa\u00f1ada de su hija Florencia Kirchner; el candidato a vicepresidente, Carlos Zannini, y otros colaboradores inmediatos.<\/p>\n","protected":false},"author":8,"featured_media":0,"comment_status":"open","ping_status":"open","sticky":false,"template":"","format":"standard","meta":{"_jetpack_newsletter_access":"","_jetpack_dont_email_post_to_subs":false,"_jetpack_newsletter_tier_id":0,"_jetpack_memberships_contains_paywalled_content":false,"_jetpack_memberships_contains_paid_content":false,"footnotes":""},"categories":[51],"tags":[],"class_list":["post-74130","post","type-post","status-publish","format-standard","hentry","category-politica"],"jetpack_shortlink":"https:\/\/wp.me\/p2JWE0-jhE","jetpack-related-posts":[{"id":17695,"url":"http:\/\/www.24baires.com\/?p=17695","url_meta":{"origin":74130,"position":0},"title":"Bah\u00eda Blanca: clausuran la planta de Petrobras por tener permisos vencidos desde 2003","author":"AF","date":"07\/03\/2013","format":false,"excerpt":"La Justicia Civil resolvi\u00f3 el cierre inmediato de las instalaciones. La empresa ten\u00eda vencido el permiso para descargar efluentes gaseosos desde hace una d\u00e9cada. Los vecinos hab\u00edan denunciado fuertes olores en el sector. El Juzgado Civil N\u00b0 2 resolvi\u00f3 en las \u00faltimas horas la clausura total e inmediata de la\u2026","rel":"","context":"En \u00abLocales\u00bb","block_context":{"text":"Locales","link":"http:\/\/www.24baires.com\/?cat=38"},"img":{"alt_text":"","src":"https:\/\/i0.wp.com\/www.24baires.com\/wp-content\/uploads\/2013\/03\/petrobras-BB.jpg?resize=350%2C200","width":350,"height":200,"srcset":"https:\/\/i0.wp.com\/www.24baires.com\/wp-content\/uploads\/2013\/03\/petrobras-BB.jpg?resize=350%2C200 1x, https:\/\/i0.wp.com\/www.24baires.com\/wp-content\/uploads\/2013\/03\/petrobras-BB.jpg?resize=525%2C300 1.5x"},"classes":[]},{"id":112924,"url":"http:\/\/www.24baires.com\/?p=112924","url_meta":{"origin":74130,"position":1},"title":"La Justicia brasile\u00f1a orden\u00f3 la liberaci\u00f3n inmediata de Lula","author":"AF","date":"08\/11\/2019","format":false,"excerpt":"\"Orden de liberaci\u00f3n N\u00ba700007758894.\" Ese es el n\u00famero de la resoluci\u00f3n del juez federal Danilo Perira Junior que acepta el pedido de excarcelaci\u00f3n para el ex presidente Lula Da Silva, luego de que el Supremo Tribunal Federal considerara que no debe comenzar a ejecutarse la pena tras un fallo de\u2026","rel":"","context":"En \u00abSociedad\u00bb","block_context":{"text":"Sociedad","link":"http:\/\/www.24baires.com\/?cat=1"},"img":{"alt_text":"","src":"https:\/\/i0.wp.com\/www.24baires.com\/wp-content\/uploads\/2018\/04\/lula-3.jpg?resize=350%2C200","width":350,"height":200,"srcset":"https:\/\/i0.wp.com\/www.24baires.com\/wp-content\/uploads\/2018\/04\/lula-3.jpg?resize=350%2C200 1x, https:\/\/i0.wp.com\/www.24baires.com\/wp-content\/uploads\/2018\/04\/lula-3.jpg?resize=525%2C300 1.5x"},"classes":[]},{"id":68580,"url":"http:\/\/www.24baires.com\/?p=68580","url_meta":{"origin":74130,"position":2},"title":"La C\u00e1mara Federal ratific\u00f3 al juez Dur\u00e1n en el juzgado electoral de La Plata","author":"GB","date":"04\/07\/2015","format":false,"excerpt":"Fue tras la presentaci\u00f3n \u201cen queja\u201d del Consejo de la Magistratura ante el tribunal de alzada, luego de que Recondo aceptara esta ma\u00f1ana la apelaci\u00f3n pero sostuviera el apartamiento de Dur\u00e1n. La C\u00e1mara Federal de La Plata rechaz\u00f3 ayer el alcance del fallo del juez Alberto Osvaldo Recondo, y dej\u00f3\u2026","rel":"","context":"En \u00abPol\u00edtica\u00bb","block_context":{"text":"Pol\u00edtica","link":"http:\/\/www.24baires.com\/?cat=51"},"img":{"alt_text":"","src":"https:\/\/i0.wp.com\/www.24baires.com\/wp-content\/uploads\/2015\/07\/duran.jpg?resize=350%2C200","width":350,"height":200},"classes":[]},{"id":16488,"url":"http:\/\/www.24baires.com\/?p=16488","url_meta":{"origin":74130,"position":3},"title":"Bahiense detenido en Ushuaia acusado de abuso sexual","author":"Grupo Sierra","date":"23\/02\/2013","format":false,"excerpt":"La Polic\u00eda Provincial de Ushuaia detuvo a un hombre de 35 a\u00f1os sobre el que exist\u00eda un pedido de captura por estar involucrado en un hecho de abuso sexual en Bah\u00eda Blanca. Seg\u00fan inform\u00f3 el \u00e1rea de Prensa de la Polic\u00eda, la detenci\u00f3n se produjo ayer a las 22 horas,\u2026","rel":"","context":"En \u00abPoliciales\u00bb","block_context":{"text":"Policiales","link":"http:\/\/www.24baires.com\/?cat=49"},"img":{"alt_text":"","src":"","width":0,"height":0},"classes":[]},{"id":99760,"url":"http:\/\/www.24baires.com\/?p=99760","url_meta":{"origin":74130,"position":4},"title":"Bullrich ascendi\u00f3 al gendarme imputado en el caso Maldonado","author":"AF","date":"03\/01\/2018","format":false,"excerpt":"La ministra de Seguridad firm\u00f3 el ascenso del \u00fanico gendarme imputado en el caso de Santiago. Seg\u00fan consta en la resoluci\u00f3n publicada hoy en el Bolet\u00edn Oficial \u201cno existen impedimentos para el ascenso al grado inmediato superior del mismo\u201d. La ministra de Seguridad, Patricia Bullrich, firm\u00f3 el ascenso del subalf\u00e9rez\u2026","rel":"","context":"En \u00abSociedad\u00bb","block_context":{"text":"Sociedad","link":"http:\/\/www.24baires.com\/?cat=1"},"img":{"alt_text":"","src":"https:\/\/i0.wp.com\/www.24baires.com\/wp-content\/uploads\/2018\/01\/echaz%C3%BA.jpg?resize=350%2C200","width":350,"height":200,"srcset":"https:\/\/i0.wp.com\/www.24baires.com\/wp-content\/uploads\/2018\/01\/echaz%C3%BA.jpg?resize=350%2C200 1x, https:\/\/i0.wp.com\/www.24baires.com\/wp-content\/uploads\/2018\/01\/echaz%C3%BA.jpg?resize=525%2C300 1.5x"},"classes":[]},{"id":21792,"url":"http:\/\/www.24baires.com\/?p=21792","url_meta":{"origin":74130,"position":5},"title":"Tras el qu\u00f3rum, comienza la sesi\u00f3n en Diputados sobre la reforma judicial","author":"AF","date":"24\/04\/2013","format":false,"excerpt":"Diputados inici\u00f3 la sesi\u00f3n especial luego de que el oficialismo consiguiera que 132 legisladores, entre propios y aliados, se sentaran en sus bancas. Tras lograr el n\u00famero, la oposici\u00f3n se ubic\u00f3 en sus bancas. Inmediatamente a que el kirchnerismo lograra el n\u00famero para dar inicio a la sesi\u00f3n, la oposici\u00f3n\u2026","rel":"","context":"En \u00abPol\u00edtica\u00bb","block_context":{"text":"Pol\u00edtica","link":"http:\/\/www.24baires.com\/?cat=51"},"img":{"alt_text":"","src":"","width":0,"height":0},"classes":[]}],"jetpack_sharing_enabled":true,"jetpack_likes_enabled":true,"jetpack_featured_media_url":"","_links":{"self":[{"href":"http:\/\/www.24baires.com\/index.php?rest_route=\/wp\/v2\/posts\/74130","targetHints":{"allow":["GET"]}}],"collection":[{"href":"http:\/\/www.24baires.com\/index.php?rest_route=\/wp\/v2\/posts"}],"about":[{"href":"http:\/\/www.24baires.com\/index.php?rest_route=\/wp\/v2\/types\/post"}],"author":[{"embeddable":true,"href":"http:\/\/www.24baires.com\/index.php?rest_route=\/wp\/v2\/users\/8"}],"replies":[{"embeddable":true,"href":"http:\/\/www.24baires.com\/index.php?rest_route=%2Fwp%2Fv2%2Fcomments&post=74130"}],"version-history":[{"count":1,"href":"http:\/\/www.24baires.com\/index.php?rest_route=\/wp\/v2\/posts\/74130\/revisions"}],"predecessor-version":[{"id":74131,"href":"http:\/\/www.24baires.com\/index.php?rest_route=\/wp\/v2\/posts\/74130\/revisions\/74131"}],"wp:attachment":[{"href":"http:\/\/www.24baires.com\/index.php?rest_route=%2Fwp%2Fv2%2Fmedia&parent=74130"}],"wp:term":[{"taxonomy":"category","embeddable":true,"href":"http:\/\/www.24baires.com\/index.php?rest_route=%2Fwp%2Fv2%2Fcategories&post=74130"},{"taxonomy":"post_tag","embeddable":true,"href":"http:\/\/www.24baires.com\/index.php?rest_route=%2Fwp%2Fv2%2Ftags&post=74130"}],"curies":[{"name":"wp","href":"https:\/\/api.w.org\/{rel}","templated":true}]}}