{"id":74055,"date":"2015-10-23T20:50:52","date_gmt":"2015-10-23T23:50:52","guid":{"rendered":"http:\/\/www.24baires.com\/?p=74055"},"modified":"2015-10-23T20:32:47","modified_gmt":"2015-10-23T23:32:47","slug":"malvinas-argentinas-dejan-sin-frenos-a-candidata-a-concejal-del-fpv","status":"publish","type":"post","link":"http:\/\/www.24baires.com\/?p=74055","title":{"rendered":"Malvinas Argentinas: Dejan sin frenos a candidata a concejal del FpV"},"content":{"rendered":"<p>La candidata a concejal del Frente para la Victoria de Malvinas Argentinas, Andrea Kaki Pav\u00f3n revel\u00f3 que le cortaron los frenos a su camioneta. La denuncia qued\u00f3 radicada en la comisar\u00eda segunda de Malvinas Argentinas como \u00abatentado pol\u00edtico\u00bb.<!--more--><\/p>\n<p>Pav\u00f3n, cont\u00f3 en di\u00e1logo con Buenos Aires 2punto0 que cerca de la una y media del mediod\u00eda se hoy se hizo presente \u00aben una reuni\u00f3n de uno de nuestros locales partidarios en la calle Wilson y Ore\u00f1a en nuestro distrito. Cerca de las 4 de la tarde cuando salgo, me subo a mi camioneta para irme a mi domicilio y descubro cuando quiero doblar en una esquina que la camioneta no ten\u00eda frenos\u00bb.<\/p>\n<p>\u00abLlego a mi casa como puedo, activando el freno de manos y cuando llego a mi domicilio corroboro que finalmente no ten\u00eda nada de frenos\u00bb agreg\u00f3 la candidata.<\/p>\n<p>\u00abAh\u00ed mismo me fui a la comisar\u00eda segunda de Malvinas Argentinas para radicar la denuncia que qued\u00f3 caratulada como un hecho de violencia pol\u00edtica y ahora estoy yendo a ratificarla ya que la polic\u00eda cient\u00edfica pudo tomar huellas dactilares\u00bb agreg\u00f3.<\/p>\n<p>Y resalt\u00f3 que lo que pas\u00f3 \u00abes un hecho m\u00e1s de los tantos que padecemos de violencia pol\u00edtica en Malvinas Argentinas por parte del intendente municipal Jes\u00fas Cariglino y los grupos de violentos que responden a su mando\u00bb.<\/p>\n<p>&nbsp;<\/p>\n<p>&nbsp;<\/p>\n<p>&nbsp;<\/p>\n<p>&nbsp;<\/p>\n<p>&nbsp;<\/p>\n<p>&nbsp;<\/p>\n<p>&nbsp;<\/p>\n<p>&nbsp;<\/p>\n<p>&nbsp;<\/p>\n<p>&nbsp;<\/p>\n<p>&nbsp;<\/p>\n<p>&nbsp;<\/p>\n<p>&nbsp;<\/p>\n<p>&nbsp;<\/p>\n<p>&nbsp;<\/p>\n<p>&nbsp;<\/p>\n","protected":false},"excerpt":{"rendered":"<p>La candidata a concejal del Frente para la Victoria de Malvinas Argentinas, Andrea Kaki Pav\u00f3n revel\u00f3 que le cortaron los frenos a su camioneta. La denuncia qued\u00f3 radicada en la comisar\u00eda segunda de Malvinas Argentinas como \u00abatentado pol\u00edtico\u00bb.<\/p>\n","protected":false},"author":8,"featured_media":0,"comment_status":"open","ping_status":"open","sticky":false,"template":"","format":"standard","meta":{"_jetpack_newsletter_access":"","_jetpack_dont_email_post_to_subs":false,"_jetpack_newsletter_tier_id":0,"_jetpack_memberships_contains_paywalled_content":false,"_jetpack_memberships_contains_paid_content":false,"footnotes":""},"categories":[51],"tags":[],"class_list":["post-74055","post","type-post","status-publish","format-standard","hentry","category-politica"],"jetpack_shortlink":"https:\/\/wp.me\/p2JWE0-jgr","jetpack-related-posts":[{"id":29777,"url":"http:\/\/www.24baires.com\/?p=29777","url_meta":{"origin":74055,"position":0},"title":"Militantes de Frente para la Victoria fueron agredidos","author":"GB","date":"08\/08\/2013","format":false,"excerpt":"Los militantes kirchneristas denunciaron que una camioneta que transportaba afiches y a un dirigente local del FPV, fue atacada por una patota que responder\u00eda al intendente de Malvinas Argentinas Los militantes del FPV local denunciaron que robo y las agresiones se produjeron a las 12 del mediod\u00eda cuando una camioneta\u2026","rel":"","context":"En \u00abLocales\u00bb","block_context":{"text":"Locales","link":"http:\/\/www.24baires.com\/?cat=38"},"img":{"alt_text":"","src":"","width":0,"height":0},"classes":[]},{"id":122506,"url":"http:\/\/www.24baires.com\/?p=122506","url_meta":{"origin":74055,"position":1},"title":"Kicillof cerr\u00f3 la campa\u00f1a en La Plata: \u201cLa \u00fanica manera de frenar el desastre de Milei es con el voto\u201d","author":"GB","date":"05\/09\/2025","format":false,"excerpt":"El Gobernador recorri\u00f3 la repavimentaci\u00f3n de la avenida 60 y luego acompa\u00f1\u00f3 al Intendente en un acto en Plaza Malvinas. Ambos insistieron en \u201cdefender con el voto\u201d las transformaciones en marcha. En la recta final hacia las elecciones de este domingo, el gobernador de la provincia de Buenos Aires, Axel\u2026","rel":"","context":"En \u00abProvincia\u00bb","block_context":{"text":"Provincia","link":"http:\/\/www.24baires.com\/?cat=40"},"img":{"alt_text":"","src":"https:\/\/i0.wp.com\/www.24baires.com\/wp-content\/uploads\/2025\/09\/kici-cierre-campana.jpeg?resize=350%2C200","width":350,"height":200,"srcset":"https:\/\/i0.wp.com\/www.24baires.com\/wp-content\/uploads\/2025\/09\/kici-cierre-campana.jpeg?resize=350%2C200 1x, https:\/\/i0.wp.com\/www.24baires.com\/wp-content\/uploads\/2025\/09\/kici-cierre-campana.jpeg?resize=525%2C300 1.5x, https:\/\/i0.wp.com\/www.24baires.com\/wp-content\/uploads\/2025\/09\/kici-cierre-campana.jpeg?resize=700%2C400 2x, https:\/\/i0.wp.com\/www.24baires.com\/wp-content\/uploads\/2025\/09\/kici-cierre-campana.jpeg?resize=1050%2C600 3x, https:\/\/i0.wp.com\/www.24baires.com\/wp-content\/uploads\/2025\/09\/kici-cierre-campana.jpeg?resize=1400%2C800 4x"},"classes":[]},{"id":28568,"url":"http:\/\/www.24baires.com\/?p=28568","url_meta":{"origin":74055,"position":2},"title":"Malvinas Argentinas: denuncian a Cariglino por brutal golpiza a militantes del FPV","author":"AF","date":"19\/07\/2013","format":false,"excerpt":"Las agresiones fueron protagonizadas por una patota de cuatro personas que interceptaron a dos j\u00f3venes que estaban repartiendo volantes en el Barrio Textil de Los Polvorines. \"El incidente fue el primero de la campa\u00f1a, no creo que sea el \u00faltimo\u201d, dijo el primer candidato a concejal por el oficialismo, Rodolfo\u2026","rel":"","context":"En \u00abLocales\u00bb","block_context":{"text":"Locales","link":"http:\/\/www.24baires.com\/?cat=38"},"img":{"alt_text":"cariglino","src":"https:\/\/i0.wp.com\/www.24baires.com\/wp-content\/uploads\/2013\/02\/cariglino.jpg?resize=350%2C200","width":350,"height":200,"srcset":"https:\/\/i0.wp.com\/www.24baires.com\/wp-content\/uploads\/2013\/02\/cariglino.jpg?resize=350%2C200 1x, https:\/\/i0.wp.com\/www.24baires.com\/wp-content\/uploads\/2013\/02\/cariglino.jpg?resize=525%2C300 1.5x"},"classes":[]},{"id":112749,"url":"http:\/\/www.24baires.com\/?p=112749","url_meta":{"origin":74055,"position":3},"title":"Malvinas Argentinas: Nardini fue el intendente m\u00e1s votado del Conurbano con el 70%","author":"AF","date":"28\/10\/2019","format":false,"excerpt":"El jefe comunal fue electo por una importante diferencia y tendr\u00e1 un periodo m\u00e1s al frente de Malvinas Argentinas. El intendente de Malvinas Argentinas, Leo Nardini, logr\u00f3 la reeleci\u00f3n con casi el 70% de los votos y se convirti\u00f3 en el jefe comunal m\u00e1s votado de todo el Conurbano bonaerense.\u2026","rel":"","context":"En \u00abELECCIONES 2019\u00bb","block_context":{"text":"ELECCIONES 2019","link":"http:\/\/www.24baires.com\/?cat=329"},"img":{"alt_text":"","src":"https:\/\/i0.wp.com\/www.24baires.com\/wp-content\/uploads\/2019\/10\/nardini.jpg?resize=350%2C200","width":350,"height":200,"srcset":"https:\/\/i0.wp.com\/www.24baires.com\/wp-content\/uploads\/2019\/10\/nardini.jpg?resize=350%2C200 1x, https:\/\/i0.wp.com\/www.24baires.com\/wp-content\/uploads\/2019\/10\/nardini.jpg?resize=525%2C300 1.5x"},"classes":[]},{"id":101862,"url":"http:\/\/www.24baires.com\/?p=101862","url_meta":{"origin":74055,"position":4},"title":"Malvinas Argentinas: el PJ Bonaerense lanz\u00f3 \u00abIncluir\u00bb, su escuela de formaci\u00f3n pol\u00edtica","author":"GB","date":"27\/04\/2018","format":false,"excerpt":"Dirigentes de todos los sectores del peronismo confluyeron en Malvinas Argentinas para presentar la herramienta de \"modernizaci\u00f3n\" del partido de cara al 2019. Con un acto en Malvinas Argentinas del que participaron dirigentes del kirchnerismo y el massismo, el PJ Bonaerense lanz\u00f3 ayer \"Incluir\", su escuela de formaci\u00f3n pol\u00edtica para\u2026","rel":"","context":"En \u00abProvincia\u00bb","block_context":{"text":"Provincia","link":"http:\/\/www.24baires.com\/?cat=40"},"img":{"alt_text":"","src":"https:\/\/i0.wp.com\/www.24baires.com\/wp-content\/uploads\/2018\/04\/incluir.jpg?resize=350%2C200","width":350,"height":200,"srcset":"https:\/\/i0.wp.com\/www.24baires.com\/wp-content\/uploads\/2018\/04\/incluir.jpg?resize=350%2C200 1x, https:\/\/i0.wp.com\/www.24baires.com\/wp-content\/uploads\/2018\/04\/incluir.jpg?resize=525%2C300 1.5x"},"classes":[]},{"id":29819,"url":"http:\/\/www.24baires.com\/?p=29819","url_meta":{"origin":74055,"position":5},"title":"Malvinas Argentinas: patotas de Cariglino agredieron a otro militante del FpV","author":"AF","date":"09\/08\/2013","format":false,"excerpt":"Se trata de Ramiro Ferrau, quien aspira a una banca en el Concejo Deliberante. Seg\u00fan explicaron fuentes del Frente para la Victoria, el joven fue atropellado por un colectivo vinculado a una patota del jefe comunal, socio-pol\u00edtico del referente del Frente Renovador, Sergio Massa. Por el hecho se present\u00f3 una\u2026","rel":"","context":"En \u00abLocales\u00bb","block_context":{"text":"Locales","link":"http:\/\/www.24baires.com\/?cat=38"},"img":{"alt_text":"","src":"","width":0,"height":0},"classes":[]}],"jetpack_sharing_enabled":true,"jetpack_likes_enabled":true,"jetpack_featured_media_url":"","_links":{"self":[{"href":"http:\/\/www.24baires.com\/index.php?rest_route=\/wp\/v2\/posts\/74055","targetHints":{"allow":["GET"]}}],"collection":[{"href":"http:\/\/www.24baires.com\/index.php?rest_route=\/wp\/v2\/posts"}],"about":[{"href":"http:\/\/www.24baires.com\/index.php?rest_route=\/wp\/v2\/types\/post"}],"author":[{"embeddable":true,"href":"http:\/\/www.24baires.com\/index.php?rest_route=\/wp\/v2\/users\/8"}],"replies":[{"embeddable":true,"href":"http:\/\/www.24baires.com\/index.php?rest_route=%2Fwp%2Fv2%2Fcomments&post=74055"}],"version-history":[{"count":1,"href":"http:\/\/www.24baires.com\/index.php?rest_route=\/wp\/v2\/posts\/74055\/revisions"}],"predecessor-version":[{"id":74056,"href":"http:\/\/www.24baires.com\/index.php?rest_route=\/wp\/v2\/posts\/74055\/revisions\/74056"}],"wp:attachment":[{"href":"http:\/\/www.24baires.com\/index.php?rest_route=%2Fwp%2Fv2%2Fmedia&parent=74055"}],"wp:term":[{"taxonomy":"category","embeddable":true,"href":"http:\/\/www.24baires.com\/index.php?rest_route=%2Fwp%2Fv2%2Fcategories&post=74055"},{"taxonomy":"post_tag","embeddable":true,"href":"http:\/\/www.24baires.com\/index.php?rest_route=%2Fwp%2Fv2%2Ftags&post=74055"}],"curies":[{"name":"wp","href":"https:\/\/api.w.org\/{rel}","templated":true}]}}